{"id":86441,"date":"2025-05-09T09:10:08","date_gmt":"2025-05-09T09:10:08","guid":{"rendered":"https:\/\/www.europesays.com\/fr\/86441\/"},"modified":"2025-05-09T09:10:08","modified_gmt":"2025-05-09T09:10:08","slug":"prepas-scientifiques-2025-2026-experiences-de-la-nature-au-programme-de-francais-et-philosophie","status":"publish","type":"post","link":"https:\/\/www.europesays.com\/fr\/86441\/","title":{"rendered":"Pr\u00e9pas scientifiques 2025-2026 : \u00ab\u00a0Exp\u00e9riences de la nature\u00a0\u00bb au programme de fran\u00e7ais et philosophie"},"content":{"rendered":"<p>Les \u00e9tudiants en pr\u00e9pas scientifiques plancheront en 2025-2026 sur le th\u00e8me \u00ab Exp\u00e9riences de la nature \u00bb et sur la relation complexe que les humains entretiennent avec ce monde, \u00e0 la fois hostile et pourtant nourricier. Quels sont les livres au programme ? Comment les d\u00e9crypter ? On vous dit tout !<\/p>\n<p>                            <strong>Le th\u00e8me au programme en 2025\u20132026\u00a0: Exp\u00e9riences de la nature<\/strong><\/p>\n<p>La relation entre l\u2019Homme et la nature a toujours oscill\u00e9 entre la fascination de l\u2019indomptable et la volont\u00e9 de la maitrise absolue. Au fil des si\u00e8cles, la <a href=\"https:\/\/www.fnac.com\/n223652\/Nature-Animaux-Jardin\/Nature-generalites\" target=\"_blank\" rel=\"noopener nofollow\">nature<\/a> a \u00e9t\u00e9 per\u00e7ue comme un domaine implacable qu\u2019il fallait domestiquer gr\u00e2ce \u00e0 toutes les techniques et <a href=\"https:\/\/www.fnac.com\/s259015\/Sciences-et-Medecine\/Tous-les-livres-sur-les-Sciences\" target=\"_blank\" rel=\"noopener nofollow\">sciences<\/a>. Mais aujourd\u2019hui, face \u00e0 l\u2019urgence climatique, il est certain que le mouvement s\u2019inverse\u00a0: il n\u2019est plus question de dominer le vivant mais bien au contraire de l\u2019int\u00e9grer au m\u00eame titre que l\u2019humain dans nos modes de vies, tout en leur redonnant du sens.<\/p>\n<p><strong>Les textes au programme en 2025-2026<\/strong><\/p>\n<ul>\n<li>\n<strong>La connaissance de la vie \u2013 Georges Canguilhem (Vrin)<\/strong>\n<\/li>\n<\/ul>\n<p>Publi\u00e9 en 1952, <a href=\"https:\/\/www.fnac.com\/a44297\/Georges-Canguilhem-La-connaissance-de-la-vie\" target=\"_blank\" rel=\"noopener nofollow\"><strong>La Connaissance de la vie<\/strong><\/a>\u00a0est un ouvrage de <a href=\"https:\/\/www.fnac.com\/ia33210\/Georges-Canguilhem\" target=\"_blank\" rel=\"noopener nofollow\">Georges Canguilhem<\/a>, philosophe et historien des sciences. L\u2019auteur explore les concepts de la <a href=\"https:\/\/www.fnac.com\/n259585\/Sciences-et-Medecine\/Tous-les-livres-sur-les-Sciences\/Biologie-generalites\" target=\"_blank\" rel=\"noopener nofollow\">biologie<\/a> et de la m\u00e9decine, tout en mettant l\u2019accent sur la notion de vie et de sant\u00e9. Cet ouvrage est devenu fondamental pour comprendre la philosophie de la biologie et de la m\u00e9decine.<\/p>\n<p><strong class=\"small\">En stock<\/strong><\/p>\n<p>        Acheter sur Fnac.com<\/p>\n<ul>\n<li>\n<strong>Vingt mille lieues sous les mers \u2013 Jules Verne (Flammarion)<\/strong>\n<\/li>\n<\/ul>\n<p>Roman d\u2019aventure paru en1870, <a href=\"https:\/\/www.fnac.com\/o8993396\/Vingt-mille-lieues-sous-les-mers\/w-4\" target=\"_blank\" rel=\"noopener nofollow\"><strong>Vingt mille lieues sous les mers<\/strong><\/a> est un des tomes de la s\u00e9rie des \u00ab\u00a0voyages extraordinaires\u00a0\u00bb de <a href=\"https:\/\/www.fnac.com\/Jules-Verne\/ia7641\" target=\"_blank\" rel=\"noopener nofollow\">Jules Verne<\/a>. On y rencontre le professeur Aronnax, son domestique Conseil et le harponneur Ned Land embarqu\u00e9s sur un navire afin de d\u00e9busquer un monstre aquatique qui terrorise bien des navigateurs. Eux-m\u00eames sont les victimes d\u2019une attaque de cette cr\u00e9ature qui s\u2019av\u00e8re \u00eatre un sous-marin. Et ce n\u2019est pas n\u2019importe lequel, il s\u2019agit de celui du myst\u00e9rieux Capitaine Nemo. Un long voyage dans les profondeurs abyssales commence alors.<\/p>\n<ul>\n<li>\n<strong>Le Mur invisible \u2013 Marlen Haushofer (Actes Sud)<\/strong>\n<\/li>\n<\/ul>\n<p><a href=\"https:\/\/www.fnac.com\/a21482274\/Marlen-Haushofer-Le-Mur-invisible-Prepas-scientifiques-2025-2026\" target=\"_blank\" rel=\"noopener nofollow\"><strong>Le Mur invisible<\/strong><\/a> est un r\u00e9cit \u00e0 la premi\u00e8re personne, celui d\u2019une femme qui se retrouve seule dans un chalet en pleine for\u00eat des Pr\u00e9alpes autrichiennes. Alors qu\u2019elle est partie en compagnie de sa cousine et de son mari, ces derniers ne rentrent pas de leur soir\u00e9e et la narratrice d\u00e9couvre qu\u2019elle vit d\u00e9sormais coup\u00e9e de tout\u00a0: un mur invisible la s\u00e9pare du reste du monde. Il s\u2019agit du roman le plus connu de <a href=\"https:\/\/www.fnac.com\/ia96354\/Marlen-Haushofer\" target=\"_blank\" rel=\"noopener nofollow\">Marlen Haushofer<\/a> et bien que paru en 1963, il demeure d\u2019une grande modernit\u00e9.<\/p>\n<p><strong>Des ouvrages autour de la th\u00e9matique \u00ab\u00a0Exp\u00e9riences de la nature\u00a0\u00bb<\/strong><\/p>\n","protected":false},"excerpt":{"rendered":"Les \u00e9tudiants en pr\u00e9pas scientifiques plancheront en 2025-2026 sur le th\u00e8me \u00ab Exp\u00e9riences de la nature \u00bb et&hellip;\n","protected":false},"author":2,"featured_media":86442,"comment_status":"","ping_status":"","sticky":false,"template":"","format":"standard","meta":{"footnotes":""},"categories":[1357],"tags":[1379,58,59,1011,27,1101,19646,1380,2742,43],"class_list":{"0":"post-86441","1":"post","2":"type-post","3":"status-publish","4":"format-standard","5":"has-post-thumbnail","7":"category-livres","8":"tag-books","9":"tag-divertissement","10":"tag-entertainment","11":"tag-fr","12":"tag-france","13":"tag-hommes","14":"tag-jules-verne","15":"tag-livres","16":"tag-nature","17":"tag-science"},"share_on_mastodon":{"url":"https:\/\/pubeurope.com\/@fr\/114477100134385063","error":""},"_links":{"self":[{"href":"https:\/\/www.europesays.com\/fr\/wp-json\/wp\/v2\/posts\/86441","targetHints":{"allow":["GET"]}}],"collection":[{"href":"https:\/\/www.europesays.com\/fr\/wp-json\/wp\/v2\/posts"}],"about":[{"href":"https:\/\/www.europesays.com\/fr\/wp-json\/wp\/v2\/types\/post"}],"author":[{"embeddable":true,"href":"https:\/\/www.europesays.com\/fr\/wp-json\/wp\/v2\/users\/2"}],"replies":[{"embeddable":true,"href":"https:\/\/www.europesays.com\/fr\/wp-json\/wp\/v2\/comments?post=86441"}],"version-history":[{"count":0,"href":"https:\/\/www.europesays.com\/fr\/wp-json\/wp\/v2\/posts\/86441\/revisions"}],"wp:featuredmedia":[{"embeddable":true,"href":"https:\/\/www.europesays.com\/fr\/wp-json\/wp\/v2\/media\/86442"}],"wp:attachment":[{"href":"https:\/\/www.europesays.com\/fr\/wp-json\/wp\/v2\/media?parent=86441"}],"wp:term":[{"taxonomy":"category","embeddable":true,"href":"https:\/\/www.europesays.com\/fr\/wp-json\/wp\/v2\/categories?post=86441"},{"taxonomy":"post_tag","embeddable":true,"href":"https:\/\/www.europesays.com\/fr\/wp-json\/wp\/v2\/tags?post=86441"}],"curies":[{"name":"wp","href":"https:\/\/api.w.org\/{rel}","templated":true}]}}