{"id":86443,"date":"2025-05-09T09:11:15","date_gmt":"2025-05-09T09:11:15","guid":{"rendered":"https:\/\/www.europesays.com\/fr\/86443\/"},"modified":"2025-05-09T09:11:15","modified_gmt":"2025-05-09T09:11:15","slug":"jean-pierre-foucault-cash-sur-cyril-hanouna-je-le-defendrai-toujours","status":"publish","type":"post","link":"https:\/\/www.europesays.com\/fr\/86443\/","title":{"rendered":"Jean-Pierre Foucault cash sur Cyril Hanouna : \u00ab\u00a0Je le d\u00e9fendrai toujours\u00a0\u00bb"},"content":{"rendered":"<p>R\u00e9unis ce dimanche 11 mai dans un num\u00e9ro sp\u00e9cial de Vivement dimanche sur France 3, Michel Drucker et Jean-Pierre Foucault donnent leur sentiment sur Cyril Hanouna, qui a r\u00e9cemment agit\u00e9 le mercato m\u00e9diatique en acceptant de rejoindre le groupe M6 d\u00e8s la saison prochaine.<\/p>\n<p>Ce dimanche 11 mai \u00e0 partir de 13h30, Michel Drucker recevra sur l&rsquo;incontournable canap\u00e9 rouge de Vivement dimanche un animateur de TF1, Jean-Pierre Foucault. Un \u00e9v\u00e9nement<b> <\/b>puisqu&rsquo;il faut remonter \u00e0 l&rsquo;ann\u00e9e 2016 pour retrouver la trace du pr\u00e9c\u00e9dent <a href=\"https:\/\/www.programme-tv.net\/news\/tv\/377281-vivement-dimanche-on-connait-la-date-du-retour-de-michel-drucker-sur-france-3\/\" data-api-deeplink=\"teleloisirs:\/\/news\/377281\" target=\"_blank\" rel=\"noopener\">Vivement dimanche<\/a> r\u00e9unissant les deux animateurs embl\u00e9matiques, qui cumulent \u00e0 eux deux 120 ans de carri\u00e8re \u00e0 la t\u00e9l\u00e9vision et \u00e0 la radio ! T\u00e9l\u00e9-Loisirs a pu rencontrer avant l&rsquo;enregistrement de cette \u00e9mission les deux hommes \u00e2g\u00e9s respectivement de 82 et 77 ans. Une opportunit\u00e9 pour les interroger <a href=\"https:\/\/www.programme-tv.net\/news\/tv\/319922-michel-drucker-hospitalise-cyril-hanouna-lui-adresse-un-touchant-message-en-direct-dans-tpmp-video\/\" data-api-deeplink=\"teleloisirs:\/\/news\/319922\" target=\"_blank\" rel=\"noopener\">sur leur amiti\u00e9 commune avec un autre animateur embl\u00e9matique<\/a>, en l&rsquo;occurence Cyril Hanouna, qui arrivera sur W9 et sur Fun Radio la saison prochaine.<\/p>\n<p>\u00ab\u00a0<b>Il adore travailler dans le conflit<\/b>\u00a0\u00bb : Jean-Pierre Foucault se confie sur Cyril Hanouna<\/p>\n<p>Jean-Pierre Foucault conna\u00eet bien<a href=\"https:\/\/www.programme-tv.net\/news\/tv\/374572-on-en-a-parle-tous-les-deux-valerie-benaim-a-deja-voulu-quitter-touche-pas-a-mon-poste-elle-revele-ce-que-lui-a-dit-cyril-hanouna\/\" data-api-deeplink=\"teleloisirs:\/\/news\/374572\" target=\"_blank\" rel=\"noopener\"> l&rsquo;ancien homme fort de Touche pas \u00e0 mon poste <\/a>pour avoir co-pr\u00e9sent\u00e9 \u00e0 ses c\u00f4t\u00e9s entre 2006 et 2011 sur RTL l&rsquo;\u00e9mission La bonne touche. Le Marseillais a donc suivi de pr\u00e8s son parcours, notamment avec<a href=\"https:\/\/www.programme-tv.net\/news\/tv\/371823-il-va-me-faire-chialer-les-equipes-de-tpmp-reagissent-a-l-arret-de-c8-cyril-hanouna-tres-touche-par-les-temoignages\/\" data-api-deeplink=\"teleloisirs:\/\/news\/371823\" target=\"_blank\" rel=\"noopener\"> l&rsquo;arr\u00eat de C8 \u00e0 la fin du mois de f\u00e9vrier.<\/a> \u00ab\u00a0J\u2019ai trouv\u00e9 \u00e7a cruel d\u2019arr\u00eater cette cha\u00eene et de mettre 400 personnes sur le carreau\u00a0\u00bb, se d\u00e9sole-t-il. Avant de d\u00e9clarer \u00e0 propos de Cyril Hanouna : \u00ab\u00a0J\u2019ai travaill\u00e9 cinq ans avec Cyril, <b>c\u2019est mon ami et je le d\u00e9fendrai toujours<\/b>. Il y a une diff\u00e9rence entre lui et moi, c\u2019est que <b>Cyril adore travailler dans le conflit<\/b>. Moi, je ne pourrais pas. Mais \u00e7a n\u2019enl\u00e8ve rien \u00e0 son talent\u00a0\u00bb.<\/p>\n<p>                        Michel Drucker \u00e0 propos de Cyril Hanouna : \u00ab\u00a0Il est clivant mais&#8230;\u00a0\u00bb<\/p>\n<p>Attentif \u00e0 cette analyse, Michel Drucker abonde : \u00ab\u00a0J\u2019ai connu Cyril il y a tr\u00e8s longtemps quand il attendait la gloire. Il voulait faire du one-man show. Finalement, il en a fait, mais en quotidienne \u00e0 la t\u00e9l\u00e9. <b>Il a besoin de confit, c\u2019est vrai. Il a un temp\u00e9rament tr\u00e8s particulier. Il est clivant, mais<\/b> il a apport\u00e9 autant de choses \u00e0 la t\u00e9l\u00e9 que Christophe Dechavanne \u00e0 son \u00e9poque\u00a0\u00bb, estime le doyen des animateurs t\u00e9l\u00e9, qui ne rate jamais une occasion de rappeler \u00e0 quel point il appr\u00e9cie le quinquag\u00e9naire. Pas s\u00fbr que Karine Le Marchand, <a href=\"https:\/\/www.programme-tv.net\/news\/tv\/375333-elle-pourrait-quitter-m6-le-patron-de-rmc-story-revient-sur-le-transfert-echoue-de-karine-le-marchand\/\" data-api-deeplink=\"teleloisirs:\/\/news\/375333\" target=\"_blank\" rel=\"noopener\">qui a r\u00e9cemment menac\u00e9 de quitter M6<\/a> en cas d&rsquo;arriv\u00e9e de Cyril Hanouna sur la cha\u00eene, soit aussi \u00e9logieuse \u00e0 son \u00e9gard.<\/p>\n","protected":false},"excerpt":{"rendered":"R\u00e9unis ce dimanche 11 mai dans un num\u00e9ro sp\u00e9cial de Vivement dimanche sur France 3, Michel Drucker et&hellip;\n","protected":false},"author":2,"featured_media":86444,"comment_status":"","ping_status":"","sticky":false,"template":"","format":"standard","meta":{"footnotes":""},"categories":[1356],"tags":[19647,244,1083,58,59,1011,27,2173,9917,877,252,1364],"class_list":{"0":"post-86443","1":"post","2":"type-post","3":"status-publish","4":"format-standard","5":"has-post-thumbnail","7":"category-television","8":"tag-chez-jordan","9":"tag-commentaire","10":"tag-cyril-hanouna","11":"tag-divertissement","12":"tag-entertainment","13":"tag-fr","14":"tag-france","15":"tag-interview","16":"tag-jean-pierre-foucault","17":"tag-michel-drucker","18":"tag-television","19":"tag-tv"},"share_on_mastodon":{"url":"https:\/\/pubeurope.com\/@fr\/114477104198456352","error":""},"_links":{"self":[{"href":"https:\/\/www.europesays.com\/fr\/wp-json\/wp\/v2\/posts\/86443","targetHints":{"allow":["GET"]}}],"collection":[{"href":"https:\/\/www.europesays.com\/fr\/wp-json\/wp\/v2\/posts"}],"about":[{"href":"https:\/\/www.europesays.com\/fr\/wp-json\/wp\/v2\/types\/post"}],"author":[{"embeddable":true,"href":"https:\/\/www.europesays.com\/fr\/wp-json\/wp\/v2\/users\/2"}],"replies":[{"embeddable":true,"href":"https:\/\/www.europesays.com\/fr\/wp-json\/wp\/v2\/comments?post=86443"}],"version-history":[{"count":0,"href":"https:\/\/www.europesays.com\/fr\/wp-json\/wp\/v2\/posts\/86443\/revisions"}],"wp:featuredmedia":[{"embeddable":true,"href":"https:\/\/www.europesays.com\/fr\/wp-json\/wp\/v2\/media\/86444"}],"wp:attachment":[{"href":"https:\/\/www.europesays.com\/fr\/wp-json\/wp\/v2\/media?parent=86443"}],"wp:term":[{"taxonomy":"category","embeddable":true,"href":"https:\/\/www.europesays.com\/fr\/wp-json\/wp\/v2\/categories?post=86443"},{"taxonomy":"post_tag","embeddable":true,"href":"https:\/\/www.europesays.com\/fr\/wp-json\/wp\/v2\/tags?post=86443"}],"curies":[{"name":"wp","href":"https:\/\/api.w.org\/{rel}","templated":true}]}}