{"id":86447,"date":"2025-05-09T09:13:08","date_gmt":"2025-05-09T09:13:08","guid":{"rendered":"https:\/\/www.europesays.com\/fr\/86447\/"},"modified":"2025-05-09T09:13:08","modified_gmt":"2025-05-09T09:13:08","slug":"la-saga-james-bond-exemptee-de-taxes-douanieres-par-donald-trump","status":"publish","type":"post","link":"https:\/\/www.europesays.com\/fr\/86447\/","title":{"rendered":"La saga James Bond exempt\u00e9e de taxes douani\u00e8res par Donald Trump"},"content":{"rendered":"<p>Jeudi 8 mai, lors d\u2019une conf\u00e9rence de presse sur les accords commerciaux avec le Royaume-Uni, le pr\u00e9sident am\u00e9ricain a d\u00e9taill\u00e9 son projet de droits de douane applicable sur les films produits \u00e0 l\u2019\u00e9tranger. Il annonce exclure la franchise de l\u2019espion 007 de ces nouvelles taxes sans en pr\u00e9ciser les raisons.<\/p>\n<p class=\"fig-paragraph\">\u00ab\u00a0James Bond n\u2019a rien \u00e0 craindre.\u00a0\u00bb La semaine derni\u00e8re,\u00a0<a href=\"http:\/\/www.lefigaro.fr\/international\/etats-unis-donald-trump-choisit-jeanine-pirro-une-presentatrice-de-fox-news-comme-procureure-de-washington-20250509\" target=\"_blank\" data-fig-type=\"NewsFlash\" rel=\"noopener\" data-gtm-custom-categorie=\"navigation\" data-gtm-custom-action=\"crossclick\" data-gtm-custom-label=\"Contextuel\" data-gtm-event=\"customEventSPE\" data-fig-domain=\"LEFIGARO\">Donald Trump<\/a>\u00a0annon\u00e7ait vouloir appliquer\u00a0<a href=\"http:\/\/www.lefigaro.fr\/international\/trump-annonce-des-droits-de-douane-de-100-sur-les-films-produits-a-l-etranger-20250505\" target=\"_blank\" data-fig-type=\"NewsFlash\" rel=\"noopener\" data-gtm-custom-categorie=\"navigation\" data-gtm-custom-action=\"crossclick\" data-gtm-custom-label=\"Contextuel\" data-gtm-event=\"customEventSPE\" data-fig-domain=\"LEFIGARO\">des droits de douane<\/a>\u00a0de 100% sur les produits \u00e0 l\u2019\u00e9tranger. Mais certaines productions pourraient faire l\u2019objet d\u2019exception. La franchise, dont le \u00ab contr\u00f4le cr\u00e9atif\u00a0\u00bb vient d\u2019\u00eatre rachet\u00e9 par Amazon, devrait \u00eatre exempt\u00e9e a d\u00e9clar\u00e9 le pr\u00e9sident am\u00e9ricain ce jeudi lors d\u2019une conf\u00e9rence de presse.<\/p>\n<p class=\"fig-body-link\">\n            \u00c0 lire aussi<br \/>\n        <a class=\"fig-body-link__link fig-premium-mark\" href=\"http:\/\/www.lefigaro.fr\/medias\/comment-hollywood-risque-d-etre-affaibli-par-les-droits-de-douane-de-donald-trump-20250505\" target=\"_blank\" data-fig-type=\"Article\" rel=\"noopener\" data-gtm-custom-categorie=\"navigation\" data-gtm-custom-action=\"crossclick\" data-gtm-custom-label=\"Contextuel\" data-gtm-event=\"customEventSPE\" data-fig-domain=\"LEFIGARO\">Comment Hollywood risque d\u2019\u00eatre affaibli par les droits de douane de Donald Trump<br \/>\n    <\/a>\n<\/p>\n<p class=\"fig-paragraph\">\u00ab\u00a0Comme vous le savez, nous imposons des droits de douane sur\u2026 les films, les cin\u00e9astes\u00a0\u00bb, rappelle Donald Trump, en r\u00e9pondant \u00e0 une question de\u00a0<a href=\"https:\/\/www.thetimes.com\/us\/american-politics\/article\/james-bond-has-nothing-to-worry-about-trump-tells-the-times-5m53zk8hf\" target=\"_blank\" rel=\"nofollow noopener\" data-gtm-custom-categorie=\"navigation\" data-gtm-custom-action=\"crossclick\" data-gtm-custom-label=\"Contextuel\" data-gtm-event=\"customEventSPE\">The Times.<\/a> \u00a0La raison\u00a0? \u00ab\u00a0Nous faisons \u00e7a pour attirer nos r\u00e9alisateurs car beaucoup d\u2019entre eux ont quitt\u00e9 le pays. Ils vivent tous ici, l\u2019argent vient d\u2019ici, tout vient d\u2019ici, mais ils produisent leurs films dans d\u2019autres pays. Nous allons donc faire quelque chose pour les faire revenir\u00a0\u00bb, plaidait-il hier. Et le quotidien britannique de l\u2019interroger sur l\u2019avenir de la saga anglaise James Bond.<\/p>\n<p class=\"fig-paragraph\">\u00ab\u00a0James Bond n\u2019a rien \u00e0 craindre, je peux vous le dire\u00a0\u00bb, affirme le pr\u00e9sident r\u00e9publicain. S\u2019il n\u2019a pas pr\u00e9cis\u00e9 les raisons de ce traitement de faveur,\u00a0<a href=\"http:\/\/www.lefigaro.fr\/conjoncture\/c-est-un-imbecile-donald-trump-s-en-prend-de-nouveau-au-patron-de-la-fed-20250508\" target=\"_blank\" data-fig-type=\"NewsFlash\" rel=\"noopener\" data-gtm-custom-categorie=\"navigation\" data-gtm-custom-action=\"crossclick\" data-gtm-custom-label=\"Contextuel\" data-gtm-event=\"customEventSPE\" data-fig-domain=\"LEFIGARO\">Donald Trump\u00a0<\/a>a simplement tenu \u00e0 rappeler son amiti\u00e9 avec Sean Connery ainsi que son admiration pour le premier acteur \u00e0 avoir incarn\u00e9 l\u2019agent 007 au cin\u00e9ma. \u00ab\u00a0Vous savez, Sean Connery \u00e9tait un ami \u00e0 moi. C\u2019est gr\u00e2ce \u00e0 lui que j\u2019ai obtenu mon permis de construire \u00e0 Aberdeen, en \u00c9cosse. Il a dit\u00a0: \u00ab\u00a0Laissez ce satan\u00e9 type construire ses terrains de golf.\u00a0\u00bb Cela faisait quatre ans que j\u2019\u00e9tais en n\u00e9gociation et c\u2019\u00e9tait impossible&#8230; C\u2019\u00e9tait un mec formidable, Sean Connery.\u00a0\u00bb<\/p>\n<p class=\"fig-paragraph\">Par ailleurs, fin f\u00e9vrier, les studios am\u00e9ricains Amazon MGM ont annonc\u00e9 reprendre le \u00ab\u00a0contr\u00f4le cr\u00e9atif\u00a0\u00bb de la franchise britannique d\u2019espionnage. Michael Wilson et Barbara Broccoli, quant \u00e0 eux, restent copropri\u00e9taire de l\u2019univers. Amazon aura donc le pouvoir d\u2019imaginer l\u2019avenir de la saga.<\/p>\n<p>Aucune d\u00e9cision n\u2019a \u00e9t\u00e9 prise pour le moment<\/p>\n<p class=\"fig-paragraph\">Donald Trump essaye toutefois de rassurer comme il peut les cin\u00e9astes et les soci\u00e9t\u00e9s de production apr\u00e8s cette annonce. \u00ab\u00a0Je ne cherche pas \u00e0 nuire \u00e0 l\u2019industrie, je veux l\u2019aider\u00a0\u00bb, affirme-t-il en annon\u00e7ant qu\u2019il allait prochainement rencontrer des repr\u00e9sentants du secteur. Un porte-parole de la Maison-Blanche assure \u00e9galement \u00ab\u00a0qu\u2019aucune d\u00e9cision n\u2019a \u00e9t\u00e9 prise\u00bb et que \u00ab\u00a0l\u2019administration explore toutes les options\u00a0\u00bb.<\/p>\n<p class=\"fig-paragraph\">Mais les studios am\u00e9ricains, qui travaillent en \u00e9troite collaboration avec les Britanniques ou encore Canadiens, sont moins sereins. Cette d\u00e9cision pourrait les contraindre \u00e0 r\u00e9duire la production et le nombre de films propos\u00e9s dans les salles de cin\u00e9ma am\u00e9ricaines ou encore les forcer \u00e0 augmenter le co\u00fbt des longs-m\u00e9trages.<\/p>\n<p class=\"fig-paragraph\">Beaucoup se demandent \u00e9galement \u00e0 partir de quand seront mis en place ces droits de douane. Des questions demeurent\u00a0: cela concerne-t-il les films en pr\u00e9production, en tournage, ou en postproduction\u00a0? Ce projet concernera-t-il \u00e9galement les plateformes de vid\u00e9o \u00e0 la demande comme Netflix ou Disney+\u00a0?<\/p>\n","protected":false},"excerpt":{"rendered":"Jeudi 8 mai, lors d\u2019une conf\u00e9rence de presse sur les accords commerciaux avec le Royaume-Uni, le pr\u00e9sident am\u00e9ricain&hellip;\n","protected":false},"author":2,"featured_media":86448,"comment_status":"","ping_status":"","sticky":false,"template":"","format":"standard","meta":{"footnotes":""},"categories":[1354],"tags":[2084,2083,2080,650,58,75,981,59,2081,1346,1011,27,2137,1677,1360,2082],"class_list":{"0":"post-86447","1":"post","2":"type-post","3":"status-publish","4":"format-standard","5":"has-post-thumbnail","7":"category-films","8":"tag-affiche","9":"tag-bandes-annonces","10":"tag-box-office","11":"tag-cinema","12":"tag-divertissement","13":"tag-donald-trump","14":"tag-douane","15":"tag-entertainment","16":"tag-film","17":"tag-films","18":"tag-fr","19":"tag-france","20":"tag-hollywood","21":"tag-james-bond","22":"tag-movies","23":"tag-salles"},"share_on_mastodon":{"url":"https:\/\/pubeurope.com\/@fr\/114477111963507313","error":""},"_links":{"self":[{"href":"https:\/\/www.europesays.com\/fr\/wp-json\/wp\/v2\/posts\/86447","targetHints":{"allow":["GET"]}}],"collection":[{"href":"https:\/\/www.europesays.com\/fr\/wp-json\/wp\/v2\/posts"}],"about":[{"href":"https:\/\/www.europesays.com\/fr\/wp-json\/wp\/v2\/types\/post"}],"author":[{"embeddable":true,"href":"https:\/\/www.europesays.com\/fr\/wp-json\/wp\/v2\/users\/2"}],"replies":[{"embeddable":true,"href":"https:\/\/www.europesays.com\/fr\/wp-json\/wp\/v2\/comments?post=86447"}],"version-history":[{"count":0,"href":"https:\/\/www.europesays.com\/fr\/wp-json\/wp\/v2\/posts\/86447\/revisions"}],"wp:featuredmedia":[{"embeddable":true,"href":"https:\/\/www.europesays.com\/fr\/wp-json\/wp\/v2\/media\/86448"}],"wp:attachment":[{"href":"https:\/\/www.europesays.com\/fr\/wp-json\/wp\/v2\/media?parent=86447"}],"wp:term":[{"taxonomy":"category","embeddable":true,"href":"https:\/\/www.europesays.com\/fr\/wp-json\/wp\/v2\/categories?post=86447"},{"taxonomy":"post_tag","embeddable":true,"href":"https:\/\/www.europesays.com\/fr\/wp-json\/wp\/v2\/tags?post=86447"}],"curies":[{"name":"wp","href":"https:\/\/api.w.org\/{rel}","templated":true}]}}