{"id":86449,"date":"2025-05-09T09:14:10","date_gmt":"2025-05-09T09:14:10","guid":{"rendered":"https:\/\/www.europesays.com\/fr\/86449\/"},"modified":"2025-05-09T09:14:10","modified_gmt":"2025-05-09T09:14:10","slug":"a-suivre-aujourdhui-valneva-09-05-2025-a-0803","status":"publish","type":"post","link":"https:\/\/www.europesays.com\/fr\/86449\/","title":{"rendered":"A suivre aujourd&rsquo;hui&#8230; Valneva &#8211; 09\/05\/2025 \u00e0 08:03"},"content":{"rendered":"<p>\n (AOF) &#8211; Le sp\u00e9cialiste des vaccins<br \/>\n <a href=\"https:\/\/www.boursorama.com\/cours\/1rPVLA\/\" rel=\"nofollow noopener\" target=\"_blank\"><br \/>\n  Valneva<br \/>\n <\/a><br \/>\n (-3,48% \u00e0 2,82 euros) a accus\u00e9 hier la plus forte baisse du SBF 120. Ce repli est intervenu alors que l&rsquo;Agence europ\u00e9enne des m\u00e9dicaments (EMA) a suspendu l&rsquo;utilisation du vaccin Ixchiq, destin\u00e9 pr\u00e9venir la maladie caus\u00e9e par le virus du chikungunya, pour les personnes \u00e2g\u00e9es de plus de 65 ans.\n<\/p>\n<p>\n De son c\u00f4t\u00e9, Valneva \u00ab\u00a0continue d&rsquo;estimer que le rapport b\u00e9n\u00e9fice\/risque du vaccin est positif pour la grande majorit\u00e9 des personnes potentiellement expos\u00e9es \u00e0 la maladie\u00a0\u00bb.\n<\/p>\n<p>\n <strong><br \/>\n  AOF &#8211; EN SAVOIR PLUS<br \/>\n <\/strong>\n<\/p>\n<p>\n <strong><br \/>\n  Points cl\u00e9s<br \/>\n <\/strong>\n<\/p>\n<p>\n &#8211; Sp\u00e9cialiste du d\u00e9veloppement de vaccins prophylactiques contre les maladies infectieuses aux options th\u00e9rapeutiques limit\u00e9es ;\n<\/p>\n<p>\n &#8211; Chiffre d\u2019affaires de 153,7 M\u20ac Md\u20ac tir\u00e9s de l\u2019Europe pour 56 %, devant les Am\u00e9rique (27 %), puis l\u2019Asie-Oc\u00e9anie (9 %) et l\u2019Afrique-Moyen-Orient (8 %) ;\n<\/p>\n<p>\n &#8211; Ambition de cr\u00e9ation de vaccins contre les maladies sans solutions existantes avec 2 grandes \u00e9tapes, 2024 pour la commercialisation du vaccin contre le chikungunya Ixchiq et 2027 pour celle du vaccin contre la maladie de Lyme ;\n<\/p>\n<p>\n &#8211; Capital d\u00e9tenu \u00e0 6,2 % (10,36 % des droits de vote) par le groupe Grimaud la Corbi\u00e8re et 6,22 % par BPI France, Anne-Marie Graffin pr\u00e9sidant le conseil de 6 administrateurs et Thamas Lingelbach assurant la direction g\u00e9n\u00e9rale ;\n<\/p>\n<p>\n &#8211; Vers un changement de la gouvernance d\u2019ici la fin de l\u2019ann\u00e9e, pour un conseil d\u2019administration et comit\u00e9 ex\u00e9cutif.\n<\/p>\n<p>\n <strong><br \/>\n  Enjeux<br \/>\n <\/strong>\n<\/p>\n<p>\n &#8211; Agilit\u00e9 du mod\u00e8le d\u2019affaires :\n<\/p>\n<p>\n &#8211; contr\u00f4le de la cha\u00eene de valeur, de la recherche \u00e0 la commercialisation,\n<\/p>\n<p>\n &#8211; valorisation des actifs du groupe par partenariats,\n<\/p>\n<p>\n &#8211; financement des d\u00e9veloppements cliniques par une infrastructure sp\u00e9cialis\u00e9e de  commercialisation de 3 vaccins commerciaux (Ixiaro contre l\u2019enc\u00e9phalite japonaise, Ixchiq  contre le chikungunya et Dukoral contre le chol\u00e9ra) et par par les droits tir\u00e9s de la    distribution de vaccins pour des tiers,\n<\/p>\n<p>\n &#8211; s\u00e9curisation financi\u00e8re, la tr\u00e9sorerie couvrant les besoins op\u00e9rationnels jusqu\u2019en 2027,\n<\/p>\n<p>\n &#8211; innovation riche d\u2019un portefeuille de + 400 brevets avec 2 actifs principaux et 3    programmes pr\u00e9cliniques : le seul vaccin en d\u00e9veloppement clinique contre la maladie de Lyme, le seul vaccin \u00e0 injection unique contre le chikungunya, et 3 candidats vaccins  contre le virus Zika, le virus d\u2019Epstein-Barr et le metapneumovirus de l\u2019homme ;\n<\/p>\n<p>\n &#8211; Strat\u00e9gie environnementale : efficacit\u00e9 \u00e9nerg\u00e9tique, minimisation des d\u00e9chets, utilisation optimale de l\u2019eau et r\u00e9duction de 5 %, vs 2016, des \u00e9missions de CO2 d\u2019ici 2025 ;\n<\/p>\n<p>\n &#8211; Bonne visibilit\u00e9 de l\u2019activit\u00e9 gr\u00e2ce aux accords sur les vaccins avec :\n<\/p>\n<p>\n &#8211; avec Pfizer pour co-d\u00e9velopper et vendre le vaccin contre la maladie de Lyme (308 M$),\n<\/p>\n<p>\n &#8211; avec les autorit\u00e9s am\u00e9ricaines pour Ixiario contre l\u2019enc\u00e9phalite japonaise (70 M$),\n<\/p>\n<p>\n &#8211; avec Bavarian Nordic pour le marketing et la distribution de vaccins sp\u00e9cialis\u00e9s,\n<\/p>\n<p>\n &#8211; avec Batavia Biosciences pour d\u00e9velopper un vaccin peu co\u00fbteux contre la polio,\n<\/p>\n<p>\n &#8211; avec l\u2019institut Butantan contre le chikingunya pour pays \u00e0 faible revenu ;\n<\/p>\n<p>\n &#8211; Bilan solide avec 128 M\u20ac de capitaux propres, renforc\u00e9 par une tr\u00e9sorerie nette de 126 M\u20ac \u00e0 fin mars.\n<\/p>\n<p>\n <strong><br \/>\n  D\u00e9fis<br \/>\n <\/strong>\n<\/p>\n<p>\n &#8211; R\u00e9sultats commerciaux du lancement, s\u00e9curis\u00e9 par financement priv\u00e9 de 100 M\u20ac et par un apport de + 40 M$ de la Cepi et de l\u2019Union europ\u00e9enne, du vaccin Ixchiq, seul vaccin au monde autoris\u00e9 contre le chikungunya autoris\u00e9 par le Canada et l\u2019Union europ\u00e9enne ;\n<\/p>\n<p>\n &#8211; R\u00e9sultats des essais de phase 3 pour le vaccin contre la maladie de Lyme apr\u00e8s le recrutement achev\u00e9, en partenariat avec Pfizer qui d\u00e9posera une demande en 2026 ;\n<\/p>\n<p>\n &#8211;  Recherche de partenariats pour la recherche de vaccin contre le metapneumovirus de l\u2019homme et  extension du r\u00e9seau de fabrication (3 sites, en Ecosse, Su\u00e8de et Autriche),\n<\/p>\n<p>\n &#8211; Apr\u00e8s un 1<\/p>\n<p>  er<\/p>\n<p> trimestre positif (177 M\u20ac de tr\u00e9sorerie et b\u00e9n\u00e9fice net de 59 M\u20ac apr\u00e8s produits de cession), objectif 2024 relev\u00e9 : chiffre d\u2019affaires entre 170 et 180 M\u20ac et d\u00e9penses de R&amp;D entre 60 et 75 M\u20ac ;\n<\/p>\n<p>\n .- Objectif 2026 de parvenir \u00e0 la rentabilit\u00e9 nette gr\u00e2ce au doublement des ventes, tir\u00e9es par Ixchiq et Ixiaro, avant celles du vaccin contre la Lyme attendu sur le march\u00e9 en 2027.<\/p>\n","protected":false},"excerpt":{"rendered":"(AOF) &#8211; Le sp\u00e9cialiste des vaccins Valneva (-3,48% \u00e0 2,82 euros) a accus\u00e9 hier la plus forte baisse&hellip;\n","protected":false},"author":2,"featured_media":9135,"comment_status":"","ping_status":"","sticky":false,"template":"","format":"standard","meta":{"footnotes":""},"categories":[10],"tags":[400,398,408,405,1011,27,72,403,402,399,404,71,401,406,407],"class_list":{"0":"post-86449","1":"post","2":"type-post","3":"status-publish","4":"format-standard","5":"has-post-thumbnail","7":"category-sante","8":"tag-action-cac-40","9":"tag-bourse-de-paris","10":"tag-boursorama","11":"tag-cotations","12":"tag-fr","13":"tag-france","14":"tag-health","15":"tag-indices-devises","16":"tag-investir","17":"tag-investissement","18":"tag-marche-boursier","19":"tag-sante","20":"tag-sicav","21":"tag-trackers","22":"tag-warrants"},"share_on_mastodon":{"url":"https:\/\/pubeurope.com\/@fr\/114477115873230167","error":""},"_links":{"self":[{"href":"https:\/\/www.europesays.com\/fr\/wp-json\/wp\/v2\/posts\/86449","targetHints":{"allow":["GET"]}}],"collection":[{"href":"https:\/\/www.europesays.com\/fr\/wp-json\/wp\/v2\/posts"}],"about":[{"href":"https:\/\/www.europesays.com\/fr\/wp-json\/wp\/v2\/types\/post"}],"author":[{"embeddable":true,"href":"https:\/\/www.europesays.com\/fr\/wp-json\/wp\/v2\/users\/2"}],"replies":[{"embeddable":true,"href":"https:\/\/www.europesays.com\/fr\/wp-json\/wp\/v2\/comments?post=86449"}],"version-history":[{"count":0,"href":"https:\/\/www.europesays.com\/fr\/wp-json\/wp\/v2\/posts\/86449\/revisions"}],"wp:featuredmedia":[{"embeddable":true,"href":"https:\/\/www.europesays.com\/fr\/wp-json\/wp\/v2\/media\/9135"}],"wp:attachment":[{"href":"https:\/\/www.europesays.com\/fr\/wp-json\/wp\/v2\/media?parent=86449"}],"wp:term":[{"taxonomy":"category","embeddable":true,"href":"https:\/\/www.europesays.com\/fr\/wp-json\/wp\/v2\/categories?post=86449"},{"taxonomy":"post_tag","embeddable":true,"href":"https:\/\/www.europesays.com\/fr\/wp-json\/wp\/v2\/tags?post=86449"}],"curies":[{"name":"wp","href":"https:\/\/api.w.org\/{rel}","templated":true}]}}