{"id":86466,"date":"2025-05-09T09:26:11","date_gmt":"2025-05-09T09:26:11","guid":{"rendered":"https:\/\/www.europesays.com\/fr\/86466\/"},"modified":"2025-05-09T09:26:11","modified_gmt":"2025-05-09T09:26:11","slug":"le-point-sur-la-meteo-de-ce-vendredi-9-mai-dans-les-alpes-maritimes","status":"publish","type":"post","link":"https:\/\/www.europesays.com\/fr\/86466\/","title":{"rendered":"Le point sur la m\u00e9t\u00e9o de ce vendredi 9 mai dans les Alpes-Maritimes"},"content":{"rendered":"<p>De nouveau, les Alpes-Maritimes vont conna\u00eetre une journ\u00e9e peu ensoleill\u00e9e en ce d\u00e9but de mois de mai. Apr\u00e8s 6 jours de vigilance jaune, le d\u00e9partement repasse en vert, mais la pluie pourrait tout de m\u00eame s&rsquo;inviter dans le d\u00e9partement, et ce, d\u00e8s le d\u00e9but de journ\u00e9e.\u00a0<\/p>\n<p>En effet, dans la matin\u00e9e, une grande partie de la C\u00f4te d&rsquo;Azur sera sous l&rsquo;eau puisque \u00e0 Grasse et Saint-Auban mais aussi sur toute la moiti\u00e9 nord, \u00e0 partir de Roquebilli\u00e8re et Tende. L&rsquo;apr\u00e8s-midi ne sera gu\u00e8re meilleure et les averses continueront de tomber sur une bonne partie des Alpes-Maritimes.<\/p>\n<p>Les villes du bord de mer devraient \u00eatre \u00e9pargn\u00e9es par les gouttes mais de gros nuages \u00e9pais planeront quand m\u00eame au-dessus du littoral.\u00a0<\/p>\n<p>Enfin, au niveau des temp\u00e9ratures, il ne fera pas plus de 18\u00b0C au mieux sur la C\u00f4te d&rsquo;Azur ce vendredi, bien en-dessous des normales de saison.\u00a0<\/p>\n","protected":false},"excerpt":{"rendered":"De nouveau, les Alpes-Maritimes vont conna\u00eetre une journ\u00e9e peu ensoleill\u00e9e en ce d\u00e9but de mois de mai. Apr\u00e8s&hellip;\n","protected":false},"author":2,"featured_media":86467,"comment_status":"","ping_status":"","sticky":false,"template":"","format":"standard","meta":{"footnotes":""},"categories":[9619],"tags":[1111,11,1777,674,1011,27,2487,12,882,25,2310],"class_list":{"0":"post-86466","1":"post","2":"type-post","3":"status-publish","4":"format-standard","5":"has-post-thumbnail","7":"category-toulon","8":"tag-actu","9":"tag-actualites","10":"tag-eu","11":"tag-europe","12":"tag-fr","13":"tag-france","14":"tag-meteo","15":"tag-news","16":"tag-provence-alpes-cote-dazur","17":"tag-republique-francaise","18":"tag-toulon"},"share_on_mastodon":{"url":"https:\/\/pubeurope.com\/@fr\/114477163869361681","error":""},"_links":{"self":[{"href":"https:\/\/www.europesays.com\/fr\/wp-json\/wp\/v2\/posts\/86466","targetHints":{"allow":["GET"]}}],"collection":[{"href":"https:\/\/www.europesays.com\/fr\/wp-json\/wp\/v2\/posts"}],"about":[{"href":"https:\/\/www.europesays.com\/fr\/wp-json\/wp\/v2\/types\/post"}],"author":[{"embeddable":true,"href":"https:\/\/www.europesays.com\/fr\/wp-json\/wp\/v2\/users\/2"}],"replies":[{"embeddable":true,"href":"https:\/\/www.europesays.com\/fr\/wp-json\/wp\/v2\/comments?post=86466"}],"version-history":[{"count":0,"href":"https:\/\/www.europesays.com\/fr\/wp-json\/wp\/v2\/posts\/86466\/revisions"}],"wp:featuredmedia":[{"embeddable":true,"href":"https:\/\/www.europesays.com\/fr\/wp-json\/wp\/v2\/media\/86467"}],"wp:attachment":[{"href":"https:\/\/www.europesays.com\/fr\/wp-json\/wp\/v2\/media?parent=86466"}],"wp:term":[{"taxonomy":"category","embeddable":true,"href":"https:\/\/www.europesays.com\/fr\/wp-json\/wp\/v2\/categories?post=86466"},{"taxonomy":"post_tag","embeddable":true,"href":"https:\/\/www.europesays.com\/fr\/wp-json\/wp\/v2\/tags?post=86466"}],"curies":[{"name":"wp","href":"https:\/\/api.w.org\/{rel}","templated":true}]}}