{"id":864701,"date":"2026-04-12T18:33:17","date_gmt":"2026-04-12T18:33:17","guid":{"rendered":"https:\/\/www.europesays.com\/fr\/864701\/"},"modified":"2026-04-12T18:33:17","modified_gmt":"2026-04-12T18:33:17","slug":"sa-situation-a-ete-regularisee-les-impots-sexcusent-pour-le-traitement-de-benjamin-briere-ex-otage-en-iran","status":"publish","type":"post","link":"https:\/\/www.europesays.com\/fr\/864701\/","title":{"rendered":"\u00ab\u00a0Sa situation a \u00e9t\u00e9 r\u00e9gularis\u00e9e\u00a0\u00bb\u2026 Les imp\u00f4ts s\u2019excusent pour le traitement de Benjamin Bri\u00e8re, ex-otage en Iran"},"content":{"rendered":"<p>La situation \u00e9tait ubuesque. Otage en Iran pendant trois ans, <a href=\"https:\/\/www.20minutes.fr\/societe\/4217552-20260409-impots-alors-otage-pendant-trois-ans-iran-denonce-absurdites-administratives-retour\" target=\"_blank\" class=\"c-link c-link--is-underlined\" rel=\"nofollow noopener\">Benjamin Bri\u00e8re<\/a> s\u2019est vu reprocher \u00e0 son retour en France, en\u00a02023, de ne pas avoir<a href=\"https:\/\/www.20minutes.fr\/societe\/4196431-20260116-double-peine-anciens-otages-denoncent-abandon-france-retour\" target=\"_blank\" class=\"c-link c-link--is-underlined\" rel=\"nofollow noopener\"> d\u00e9clar\u00e9 ses revenus<\/a> aux imp\u00f4ts. Son explication &#8211; \u00ab\u00a0j\u2019\u00e9tais en prison pendant quatre ans\u00a0\u00bb &#8211; n\u2019avait pas convaincu l\u2019agente des imp\u00f4ts, a-t-il racont\u00e9 au <a href=\"https:\/\/www.journaldunet.com\/magazine\/1549385-cd1-otage-iran-impots\/\" rel=\"nofollow noopener\" target=\"_blank\" class=\"c-link c-link--is-underlined\">Journal du Net<\/a>. Elle lui avait r\u00e9torqu\u00e9 que, m\u00eame en prison, on <a href=\"https:\/\/www.20minutes.fr\/economie\/4217689-20260410-impots-2026-droit-remplir-declaration-si-gagne-aucun-salaire\" target=\"_blank\" class=\"c-link c-link--is-underlined\" rel=\"nofollow noopener\">d\u00e9clare ses imp\u00f4ts<\/a>. Expliquant alors qu\u2019il avait \u00e9t\u00e9 <a href=\"https:\/\/www.20minutes.fr\/dossier\/otage\" class=\"c-link c-link--is-underlined\" rel=\"nofollow noopener\" target=\"_blank\">otage<\/a> et donc pas en mesure de les faire, elle avait estim\u00e9 que sa famille aurait pu le faire \u00e0 sa place.<\/p>\n<blockquote class=\"twitter-tweet\" align=\"center\" data-lang=\"fr_FR\">\n<p lang=\"fr\" dir=\"ltr\">Nous regrettons vivement que cet usager n&rsquo;ait pu initialement b\u00e9n\u00e9ficier de toute l&rsquo;attention qu&rsquo;il convenait de lui apporter compte tenu du contexte. Ce d\u00e9faut d&rsquo;accompagnement est tout \u00e0 fait contraire \u00e0 nos valeurs.<\/p>\n<p>\u2014 Direction g\u00e9n\u00e9rale des Finances publiques (@dgfip_officiel) <a href=\"https:\/\/twitter.com\/dgfip_officiel\/status\/2043248210982912449?ref_src=twsrc%5Etfw\" rel=\"nofollow noopener\" target=\"_blank\">April 12, 2026<\/a><\/p><\/blockquote>\n<p class=\"mb-m@xs text-l@xs\">En cliquant sur\u00ab J\u2019accepte \u00bb, vous acceptez le d\u00e9p\u00f4t de cookies par des services externes et aurez ainsi acc\u00e8s aux contenus de nos partenaires.<\/p>\n<p class=\"mb-xl@xs text-s@xs\">Plus d\u2019informations sur la page<a href=\"https:\/\/www.20minutes.fr\/gestion-cookies\" class=\"mx-xxs@xs color-ultramarine\" rel=\"nofollow noopener\" target=\"_blank\">Politique de gestion des cookies<\/a><\/p>\n<p>J\u2019accepte<\/p>\n<p>Ce dimanche, la <a href=\"https:\/\/x.com\/dgfip_officiel?ref_src=twsrc%5Etfw%7Ctwcamp%5Etweetembed%7Ctwterm%5E2043248200476172710%7Ctwgr%5E334d38927035355fe0699b03a542d43358bcfb92%7Ctwcon%5Es1_&amp;ref_url=https%3A%2F%2Fwww.bfmtv.com%2Fimmobilier%2Ffiscalite%2Fla-reponse-qui-lui-a-ete-apportee-est-inacceptable-la-direction-des-finances-publiques-assure-que-tout-est-regle-avec-l-ex-otage-benjamin-briere_AV-202604120166.html\" rel=\"nofollow\" target=\"_blank\" class=\"c-link c-link--is-underlined\">Direction g\u00e9n\u00e9rale des Finances publiques<\/a> (DGFiP), a reconnu sur X qu\u2019un tel traitement \u00e9tait inexplicable et que la situation \u00e9tait d\u00e9sormais r\u00e9gl\u00e9e. Les imp\u00f4ts ont affirm\u00e9 \u00ab\u00a0regretter vivement que cet usager n\u2019ait pu initialement b\u00e9n\u00e9ficier de toute l\u2019attention qu\u2019il convenait de lui apporter compte tenu du contexte\u00a0\u00bb. La DGFiP a indiqu\u00e9 que Benjamin Bri\u00e8re avait \u00e9t\u00e9 re\u00e7u dans un autre centre et que la situation a \u00e9t\u00e9 \u00ab\u00a0rapidement r\u00e9gularis\u00e9e avec tout le soin que m\u00e9ritait ce cas hors norme\u00a0\u00bb.<\/p>\n<p>Dans un autre post, elle ajoute que \u00ab\u00a0depuis, tout a \u00e9t\u00e9 mis en \u0153uvre pour s\u2019assurer que ce type de situation ne puisse pas se reproduire\u00a0\u00bb. Esp\u00e9rons-le pour <a href=\"https:\/\/www.20minutes.fr\/tv\/videos\/4217335-20260408-cecile-kohler-jacques-paris-racontent-horreur-4-ans-detention-geoles-iraniennes\" target=\"_blank\" class=\"c-link c-link--is-underlined\" rel=\"nofollow noopener\">Jacques Paris et C\u00e9cile Kohler, r\u00e9cemment lib\u00e9r\u00e9s des ge\u00f4les iraniennes.<\/a><\/p>\n<p><script async src=\"https:\/\/platform.twitter.com\/widgets.js\" charset=\"utf-8\"><\/script><\/p>\n","protected":false},"excerpt":{"rendered":"La situation \u00e9tait ubuesque. Otage en Iran pendant trois ans, Benjamin Bri\u00e8re s\u2019est vu reprocher \u00e0 son retour&hellip;\n","protected":false},"author":2,"featured_media":864702,"comment_status":"","ping_status":"","sticky":false,"template":"","format":"standard","meta":{"footnotes":"","_share_on_mastodon":"0"},"categories":[4],"tags":[47,11,18506,5845,33,20814,1011,3844,27,3019,12,9367,25,104],"class_list":["post-864701","post","type-post","status-publish","format-standard","has-post-thumbnail","category-france","tag-actualite","tag-actualites","tag-administration","tag-declaration-dimpots","tag-economie","tag-fisc","tag-fr","tag-francais","tag-france","tag-iran","tag-news","tag-otage","tag-republique-francaise","tag-societe"],"share_on_mastodon":{"url":"https:\/\/pubeurope.com\/@fr\/116393175112351300","error":""},"_links":{"self":[{"href":"https:\/\/www.europesays.com\/fr\/wp-json\/wp\/v2\/posts\/864701","targetHints":{"allow":["GET"]}}],"collection":[{"href":"https:\/\/www.europesays.com\/fr\/wp-json\/wp\/v2\/posts"}],"about":[{"href":"https:\/\/www.europesays.com\/fr\/wp-json\/wp\/v2\/types\/post"}],"author":[{"embeddable":true,"href":"https:\/\/www.europesays.com\/fr\/wp-json\/wp\/v2\/users\/2"}],"replies":[{"embeddable":true,"href":"https:\/\/www.europesays.com\/fr\/wp-json\/wp\/v2\/comments?post=864701"}],"version-history":[{"count":0,"href":"https:\/\/www.europesays.com\/fr\/wp-json\/wp\/v2\/posts\/864701\/revisions"}],"wp:featuredmedia":[{"embeddable":true,"href":"https:\/\/www.europesays.com\/fr\/wp-json\/wp\/v2\/media\/864702"}],"wp:attachment":[{"href":"https:\/\/www.europesays.com\/fr\/wp-json\/wp\/v2\/media?parent=864701"}],"wp:term":[{"taxonomy":"category","embeddable":true,"href":"https:\/\/www.europesays.com\/fr\/wp-json\/wp\/v2\/categories?post=864701"},{"taxonomy":"post_tag","embeddable":true,"href":"https:\/\/www.europesays.com\/fr\/wp-json\/wp\/v2\/tags?post=864701"}],"curies":[{"name":"wp","href":"https:\/\/api.w.org\/{rel}","templated":true}]}}