{"id":86474,"date":"2025-05-09T09:33:16","date_gmt":"2025-05-09T09:33:16","guid":{"rendered":"https:\/\/www.europesays.com\/fr\/86474\/"},"modified":"2025-05-09T09:33:16","modified_gmt":"2025-05-09T09:33:16","slug":"isere-bientot-un-congres-a-alpexpo-dedie-aux-personnes-stomisees","status":"publish","type":"post","link":"https:\/\/www.europesays.com\/fr\/86474\/","title":{"rendered":"Is\u00e8re. Bient\u00f4t un congr\u00e8s \u00e0 Alpexpo d\u00e9di\u00e9 aux personnes stomis\u00e9es"},"content":{"rendered":"<p>Ils sont 120\u00a0000 en France, 120\u00a0000 stomis\u00e9s \u201cd\u00e9finitifs\u201d (d\u2019autres le sont de fa\u00e7on temporaire). Des personnes qui, dans 80\u00a0% des cas, se rel\u00e8vent d\u2019un cancer, mais doivent apprendre \u00e0 vivre avec une d\u00e9rivation des voies urinaires ou digestives sur l\u2019abdomen, impliquant le port d\u2019une poche pour recueillir les effluents.<\/p>\n<p>\u00ab\u00a0C\u2019est une annonce difficile \u00e0 entendre. Elle implique un travail d\u2019acceptation\u00a0: il s\u2019agit de faire le deuil de son int\u00e9grit\u00e9 physique. C\u2019est encore tr\u00e8s tabou, on en parle peu\u00a0\u00bb constate Jacques Raby, pr\u00e9sident de <a href=\"https:\/\/www.ledauphine.com\/sante\/2025\/02\/08\/62-adherents-a-l-association-ias-dauphine-grenoble\" target=\"_blank\" rel=\"nofollow noopener\">l\u2019IAS Dauphin\u00e9 Grenoble (Information et&#8230;<\/a><\/p>\n","protected":false},"excerpt":{"rendered":"Ils sont 120\u00a0000 en France, 120\u00a0000 stomis\u00e9s \u201cd\u00e9finitifs\u201d (d\u2019autres le sont de fa\u00e7on temporaire). Des personnes qui, dans&hellip;\n","protected":false},"author":2,"featured_media":86475,"comment_status":"","ping_status":"","sticky":false,"template":"","format":"standard","meta":{"footnotes":""},"categories":[9566],"tags":[1111,11,2430,6211,112,113,114,1777,674,107,1011,27,2731,1943,108,12,5486,25,71,104],"class_list":{"0":"post-86474","1":"post","2":"type-post","3":"status-publish","4":"format-standard","5":"has-post-thumbnail","7":"category-grenoble","8":"tag-actu","9":"tag-actualites","10":"tag-auvergne-rhone-alpes","11":"tag-conference","12":"tag-edition-grenoble-agglomeration","13":"tag-edition-gresivaudan-oisans","14":"tag-edition-voiron-saint-marcellin","15":"tag-eu","16":"tag-europe","17":"tag-fil-info","18":"tag-fr","19":"tag-france","20":"tag-grenoble","21":"tag-handicap","22":"tag-isere","23":"tag-news","24":"tag-rencontre","25":"tag-republique-francaise","26":"tag-sante","27":"tag-societe"},"share_on_mastodon":{"url":"https:\/\/pubeurope.com\/@fr\/114477190583795052","error":""},"_links":{"self":[{"href":"https:\/\/www.europesays.com\/fr\/wp-json\/wp\/v2\/posts\/86474","targetHints":{"allow":["GET"]}}],"collection":[{"href":"https:\/\/www.europesays.com\/fr\/wp-json\/wp\/v2\/posts"}],"about":[{"href":"https:\/\/www.europesays.com\/fr\/wp-json\/wp\/v2\/types\/post"}],"author":[{"embeddable":true,"href":"https:\/\/www.europesays.com\/fr\/wp-json\/wp\/v2\/users\/2"}],"replies":[{"embeddable":true,"href":"https:\/\/www.europesays.com\/fr\/wp-json\/wp\/v2\/comments?post=86474"}],"version-history":[{"count":0,"href":"https:\/\/www.europesays.com\/fr\/wp-json\/wp\/v2\/posts\/86474\/revisions"}],"wp:featuredmedia":[{"embeddable":true,"href":"https:\/\/www.europesays.com\/fr\/wp-json\/wp\/v2\/media\/86475"}],"wp:attachment":[{"href":"https:\/\/www.europesays.com\/fr\/wp-json\/wp\/v2\/media?parent=86474"}],"wp:term":[{"taxonomy":"category","embeddable":true,"href":"https:\/\/www.europesays.com\/fr\/wp-json\/wp\/v2\/categories?post=86474"},{"taxonomy":"post_tag","embeddable":true,"href":"https:\/\/www.europesays.com\/fr\/wp-json\/wp\/v2\/tags?post=86474"}],"curies":[{"name":"wp","href":"https:\/\/api.w.org\/{rel}","templated":true}]}}