{"id":864821,"date":"2026-04-12T19:56:42","date_gmt":"2026-04-12T19:56:42","guid":{"rendered":"https:\/\/www.europesays.com\/fr\/864821\/"},"modified":"2026-04-12T19:56:42","modified_gmt":"2026-04-12T19:56:42","slug":"montpellier-arabesques-fetera-sa-21e-edition-avec-oum-souad-massi-et-bien-dautres-du-8-au-20-septembre","status":"publish","type":"post","link":"https:\/\/www.europesays.com\/fr\/864821\/","title":{"rendered":"Montpellier | Arabesques f\u00eatera sa 21e \u00e9dition avec Oum, Souad Massi et bien d&rsquo;autres du 8 au 20 septembre"},"content":{"rendered":"<p>\t\t\t\tPour sa 21\u1d49 \u00e9dition, le festival Arabesques investit Montpellier du 8 au 20 septembre, avec une programmation plurielle m\u00ealant concerts, contes, stand-up, expositions et ateliers. Les premiers noms sont d\u00e9voil\u00e9s, et la billetterie est ouverte.<\/p>\n<p style=\"text-align: justify;\">En vingt ans, Arabesques s\u2019est impos\u00e9 comme le plus grand rendez-vous culturel d\u00e9di\u00e9 au monde arabe en Europe. Chaque \u00e9dition y d\u00e9ploie une sc\u00e8ne musicale g\u00e9n\u00e9reuse et plurielle, carrefour de m\u00e9tissages et tremplin pour les talents d\u2019aujourd\u2019hui et de demain. En 2026, le festival prend ses quartiers dans plusieurs lieux embl\u00e9matiques de Montpellier : l\u2019Op\u00e9ra Com\u00e9die, la Halle Tropisme, le Th\u00e9\u00e2tre Jean-Claude Carri\u00e8re, l\u2019Amphi d\u2019O, et la M\u00e9dina, c\u0153ur battant du festival, qui investit \u00e0 nouveau la pin\u00e8de du Domaine d\u2019O avec ses stands, sa librairie et la sc\u00e8ne gratuite de la Kasbah.<\/p>\n<p style=\"text-align: justify;\">Les concerts d\u2019ouverture \u00e0 l\u2019Op\u00e9ra Com\u00e9die donnent le ton : <strong>Oum<\/strong> le 8 septembre, suivie de <strong>Bachar Mar-Khalif\u00e9<\/strong> qui rend hommage \u00e0 Christophe le lendemain. Le premier week-end au Domaine d\u2019O r\u00e9unit notamment <strong>Imarhan<\/strong>, <strong>Anouar Brahem Quartet<\/strong>, le projet Sahravane avec Souad Asla, Omar Sosa &amp; Lemma, <strong>Meryem Aboulouafa<\/strong>, <strong>Amine Radi<\/strong> et <strong>daoud<\/strong>. Le second week-end accueille <strong>Ino Casablanca<\/strong>, <strong>Yasmine Hamdan<\/strong>, <strong>Abdullah Miniawy<\/strong>, <strong>Samifati &amp; Transe Gnawa Express<\/strong>, et <strong>Souad Massi<\/strong> en cl\u00f4ture le 20 septembre.<\/p>\n<p style=\"text-align: justify;\">La programmation compl\u00e8te \u2014 avec pass et stand-up \u2014 sera annonc\u00e9e prochainement. La billetterie est d\u2019ores et d\u00e9j\u00e0 ouverte.<\/p>\n<p style=\"text-align: justify;\"><strong>Plus d\u2019infos :<\/strong> <a href=\"https:\/\/www.festivalarabesques.fr\" rel=\"noopener nofollow\" target=\"_blank\">festivalarabesques.fr<\/a><br \/><strong>Photo :<\/strong> Oum<\/p>\n","protected":false},"excerpt":{"rendered":"Pour sa 21\u1d49 \u00e9dition, le festival Arabesques investit Montpellier du 8 au 20 septembre, avec une programmation plurielle&hellip;\n","protected":false},"author":2,"featured_media":864822,"comment_status":"","ping_status":"","sticky":false,"template":"","format":"standard","meta":{"footnotes":"","_share_on_mastodon":"0"},"categories":[9599],"tags":[1111,11,93422,1777,674,3337,1011,27,7089,2208,12,2680,25],"class_list":["post-864821","post","type-post","status-publish","format-standard","has-post-thumbnail","category-montpellier","tag-actu","tag-actualites","tag-arabesques","tag-eu","tag-europe","tag-festivals","tag-fr","tag-france","tag-herault","tag-montpellier","tag-news","tag-occitanie","tag-republique-francaise"],"share_on_mastodon":{"url":"https:\/\/pubeurope.com\/@fr\/116393501456624680","error":""},"_links":{"self":[{"href":"https:\/\/www.europesays.com\/fr\/wp-json\/wp\/v2\/posts\/864821","targetHints":{"allow":["GET"]}}],"collection":[{"href":"https:\/\/www.europesays.com\/fr\/wp-json\/wp\/v2\/posts"}],"about":[{"href":"https:\/\/www.europesays.com\/fr\/wp-json\/wp\/v2\/types\/post"}],"author":[{"embeddable":true,"href":"https:\/\/www.europesays.com\/fr\/wp-json\/wp\/v2\/users\/2"}],"replies":[{"embeddable":true,"href":"https:\/\/www.europesays.com\/fr\/wp-json\/wp\/v2\/comments?post=864821"}],"version-history":[{"count":0,"href":"https:\/\/www.europesays.com\/fr\/wp-json\/wp\/v2\/posts\/864821\/revisions"}],"wp:featuredmedia":[{"embeddable":true,"href":"https:\/\/www.europesays.com\/fr\/wp-json\/wp\/v2\/media\/864822"}],"wp:attachment":[{"href":"https:\/\/www.europesays.com\/fr\/wp-json\/wp\/v2\/media?parent=864821"}],"wp:term":[{"taxonomy":"category","embeddable":true,"href":"https:\/\/www.europesays.com\/fr\/wp-json\/wp\/v2\/categories?post=864821"},{"taxonomy":"post_tag","embeddable":true,"href":"https:\/\/www.europesays.com\/fr\/wp-json\/wp\/v2\/tags?post=864821"}],"curies":[{"name":"wp","href":"https:\/\/api.w.org\/{rel}","templated":true}]}}