{"id":86490,"date":"2025-05-09T09:41:13","date_gmt":"2025-05-09T09:41:13","guid":{"rendered":"https:\/\/www.europesays.com\/fr\/86490\/"},"modified":"2025-05-09T09:41:13","modified_gmt":"2025-05-09T09:41:13","slug":"le-nantes-maker-campus-est-de-retour-en-loire-atlantique-voici-les-nouveautes","status":"publish","type":"post","link":"https:\/\/www.europesays.com\/fr\/86490\/","title":{"rendered":"Le Nantes Maker Campus est de retour en Loire-Atlantique : voici les nouveaut\u00e9s"},"content":{"rendered":"<p>            Par<br \/>\n        <strong><br \/>\n            <a href=\"https:\/\/actu.fr\/auteur\/clemence-pays02-actu-fr\" title=\"Consulter tous les articles de Cl\u00e9mence Pays\" rel=\"nofollow noopener\" target=\"_blank\">Cl\u00e9mence Pays<\/a><br \/>\n        <\/strong><\/p>\n<p>        Publi\u00e9 le<\/p>\n<p>            9 mai 2025 \u00e0 10h32        <\/p>\n<p>C\u2019est le rendez-vous des makers, comprenez des faiseurs passionn\u00e9s de cr\u00e9ation orient\u00e9e vers l\u2019ing\u00e9nierie. Le<strong> Nantes Maker Campus<\/strong> fait son retour dans la cit\u00e9 des ducs de Bretagne pour une 9e \u00e9dition, <strong>du vendredi\u00a06 au dimanche 8\u00a0juin 2025.<\/strong><\/p>\n<p class=\" wall-content\">Pour ce nouveau rendez-vous, les organisateurs ont choisi comme manifeste la phrase<strong> \u00ab\u2009je ne suis pas un robot\u2009\u00bb.<\/strong><\/p>\n<blockquote class=\"ac-article-quote wall-content\">\n<p>\u00c0 l&rsquo;heure o\u00f9 l&rsquo;intelligence artificielle et la robotique investissent nos quotidiens, nous r\u00e9affirmons la singularit\u00e9 de l&rsquo;humain, de la main qui fabrique, de l&rsquo;esprit qui imagine et de la passion qui partage. <\/p>\n<p>    <strong>Les Machines de l&rsquo;\u00eele<\/strong>\n            <\/p><\/blockquote>\n<p>Une installation centrale<\/p>\n<p class=\" wall-content\">Organis\u00e9 par <a href=\"https:\/\/actu.fr\/tag\/les-machines-de-lile\" rel=\"nofollow noopener\" target=\"_blank\">Les Machines de l\u2019\u00eele<\/a>, l\u2019\u00e9v\u00e9nement rassemblera <strong>120 stands avec plus de 800 makers,<\/strong> 15 conf\u00e9rences et un espace atelier.<\/p>\n<p class=\" wall-content\"><strong>Dix artistes<\/strong> seront \u00e9galement invit\u00e9s pour \u00ab\u2009dialoguer avec les makers pour <strong>proposer des \u0153uvres spectaculaires<\/strong> et sensibles, \u00e0 la crois\u00e9e de l\u2019art, de la science et de la technologie\u2009\u00bb, annoncent Les Machines de l\u2019\u00eele.<\/p>\n<p>Vid\u00e9os : en ce moment sur Actu<\/p>\n<p class=\" wall-content\">De cette collaboration est n\u00e9e <strong>une installation centrale\u2009:<\/strong> \u00ab\u2009un robot industriel Fanuc clique sans fin sur un CAPTCHA affich\u00e9 sur un \u00e9cran\u2009: \u2018Je ne suis pas un robot.\u2019\u00bb, d\u00e9crivent les organisateurs.<\/p>\n<p>Deux nouveaut\u00e9s d\u00e9voil\u00e9es<\/p>\n<p class=\" wall-content\">Les Machines de l\u2019\u00eele mettent en avant <strong>deux nouveaut\u00e9s<\/strong> importantes cette ann\u00e9e.<\/p>\n<p class=\" wall-content\">D\u2019une part, le festival ouvrira ses portes le vendredi soir pour une <strong>soir\u00e9e gratuite<\/strong> m\u00ealant musiques \u00e9lectroniques et orchestre symphonique avec l\u2019Harmonie de Toutes-Aides et des DJ sets sous les Nefs.<\/p>\n<p class=\" wall-content\">D\u2019autre part, <strong>la journ\u00e9e du vendredi sera gratuite<\/strong> pour tous et ouverte aux groupes scolaires. \u00ab\u2009L\u2019objectif\u2009? Sensibiliser les jeunes aux pratiques du\u2009\u00bb faire \u00ab, leur permettre de d\u00e9couvrir le mouvement des makers et \u00e9veiller leur curiosit\u00e9 scientifique, technique, artistique.\u2009\u00bb<\/p>\n<p>Pour conna\u00eetre l\u2019int\u00e9gralit\u00e9 de la programmation, <a href=\"https:\/\/www.calameo.com\/read\/0001068661ee13d02bea4\" rel=\"nofollow noopener\" target=\"_blank\">cliquez ici<\/a>.<\/p>\n<p class=\" wall-content\">Suivez toute l\u2019actualit\u00e9 de vos villes et m\u00e9dias favoris en vous inscrivant \u00e0 <a href=\"https:\/\/moncompte.actu.fr\" title=\"D\u00e9couvez Mon Actu\" rel=\"nofollow noopener\" data-trk=\"{&quot;cta&quot;:{&quot;action&quot;:&quot;https:\\\/\\\/moncompte.actu.fr&quot;,&quot;category&quot;:&quot;mon compte&quot;,&quot;from&quot;:&quot;article footer&quot;,&quot;name&quot;:&quot;Mon actu&quot;,&quot;type&quot;:&quot;cta&quot;}}\" target=\"_blank\">Mon Actu<\/a>.<\/p>\n<ul class=\"ac-article-tag wall-content\">\n<li><a href=\"https:\/\/actu.fr\/tag\/high-tech\" data-trk=\"{&quot;cta&quot;:{&quot;action&quot;:&quot;High tech&quot;,&quot;category&quot;:&quot;tag&quot;,&quot;from&quot;:&quot;article footer&quot;,&quot;name&quot;:&quot;High tech&quot;,&quot;type&quot;:&quot;cta&quot;}}\" rel=\"nofollow noopener\" target=\"_blank\">#High tech<\/a><\/li>\n<li><a href=\"https:\/\/actu.fr\/tag\/les-machines-de-lile\" data-trk=\"{&quot;cta&quot;:{&quot;action&quot;:&quot;Les Machines de l&#039;\\u00eele&quot;,&quot;category&quot;:&quot;tag&quot;,&quot;from&quot;:&quot;article footer&quot;,&quot;name&quot;:&quot;Les Machines de l&#039;\\u00eele&quot;,&quot;type&quot;:&quot;cta&quot;}}\" rel=\"nofollow noopener\" target=\"_blank\">#Les Machines de l&rsquo;\u00eele<\/a><\/li>\n<\/ul>\n","protected":false},"excerpt":{"rendered":"Par Cl\u00e9mence Pays Publi\u00e9 le 9 mai 2025 \u00e0 10h32 C\u2019est le rendez-vous des makers, comprenez des faiseurs&hellip;\n","protected":false},"author":2,"featured_media":86491,"comment_status":"","ping_status":"","sticky":false,"template":"","format":"standard","meta":{"footnotes":""},"categories":[2818],"tags":[1111,11,1777,674,1011,27,142,19649,1305,766,12,2636,25],"class_list":{"0":"post-86490","1":"post","2":"type-post","3":"status-publish","4":"format-standard","5":"has-post-thumbnail","7":"category-nantes","8":"tag-actu","9":"tag-actualites","10":"tag-eu","11":"tag-europe","12":"tag-fr","13":"tag-france","14":"tag-high-tech","15":"tag-les-machines-de-lile","16":"tag-lifestyle","17":"tag-nantes","18":"tag-news","19":"tag-pays-de-la-loire","20":"tag-republique-francaise"},"share_on_mastodon":{"url":"https:\/\/pubeurope.com\/@fr\/114477222045245118","error":""},"_links":{"self":[{"href":"https:\/\/www.europesays.com\/fr\/wp-json\/wp\/v2\/posts\/86490","targetHints":{"allow":["GET"]}}],"collection":[{"href":"https:\/\/www.europesays.com\/fr\/wp-json\/wp\/v2\/posts"}],"about":[{"href":"https:\/\/www.europesays.com\/fr\/wp-json\/wp\/v2\/types\/post"}],"author":[{"embeddable":true,"href":"https:\/\/www.europesays.com\/fr\/wp-json\/wp\/v2\/users\/2"}],"replies":[{"embeddable":true,"href":"https:\/\/www.europesays.com\/fr\/wp-json\/wp\/v2\/comments?post=86490"}],"version-history":[{"count":0,"href":"https:\/\/www.europesays.com\/fr\/wp-json\/wp\/v2\/posts\/86490\/revisions"}],"wp:featuredmedia":[{"embeddable":true,"href":"https:\/\/www.europesays.com\/fr\/wp-json\/wp\/v2\/media\/86491"}],"wp:attachment":[{"href":"https:\/\/www.europesays.com\/fr\/wp-json\/wp\/v2\/media?parent=86490"}],"wp:term":[{"taxonomy":"category","embeddable":true,"href":"https:\/\/www.europesays.com\/fr\/wp-json\/wp\/v2\/categories?post=86490"},{"taxonomy":"post_tag","embeddable":true,"href":"https:\/\/www.europesays.com\/fr\/wp-json\/wp\/v2\/tags?post=86490"}],"curies":[{"name":"wp","href":"https:\/\/api.w.org\/{rel}","templated":true}]}}