{"id":865137,"date":"2026-04-12T23:51:24","date_gmt":"2026-04-12T23:51:24","guid":{"rendered":"https:\/\/www.europesays.com\/fr\/865137\/"},"modified":"2026-04-12T23:51:24","modified_gmt":"2026-04-12T23:51:24","slug":"tenus-en-echec-par-le-havre-nice-et-claude-puel-sont-dans-lurgence","status":"publish","type":"post","link":"https:\/\/www.europesays.com\/fr\/865137\/","title":{"rendered":"tenus en \u00e9chec par Le Havre, Nice et Claude Puel sont \u00abdans l\u2019urgence\u00bb"},"content":{"rendered":"<p>\n    Apr\u00e8s le match nul entre l\u2019OGC Nice et Le Havre ce dimanche, Claude Puel et Didier Digard ont livr\u00e9 leurs analyses.<\/p>\n<p class=\"fig-paragraph\">Claude Puel a reconnu que\u00a0<a href=\"http:\/\/www.lefigaro.fr\/sports\/football\/ligue-1\/ligue-1-lille-cartonne-a-toulouse-et-remonte-sur-le-podium-nice-et-le-havre-dos-a-dos-20260412\" data-fig-type=\"NewsFlash\" data-gtm-custom-categorie=\"navigation\" data-gtm-custom-action=\"crossclick\" data-gtm-custom-label=\"Contextuel\" data-gtm-event=\"customEventSPE\" data-fig-domain=\"LEFIGARO\" rel=\"nofollow noopener\" target=\"_blank\">le point pris contre Le Havre (1-1) dimanche en Ligue 1<\/a>\u00a0\u00e9tait \u00abinsuffisant\u00bb mais a assur\u00e9 que Nice irait \u00abgratter des points \u00e0 l&rsquo;ext\u00e9rieur\u00bb, alors que les Aiglons iront d\u00e9fier Lille et Marseille lors des deux prochaines journ\u00e9es.<\/p>\n<p class=\"fig-paragraph\">\u00abCe point est mieux pour Le Havre, qui jouait \u00e0 l&rsquo;ext\u00e9rieur. Mais, dans le sc\u00e9nario, je trouve int\u00e9ressant notre r\u00e9action apr\u00e8s le but\u00bb, a dit Puel, qui a trop de fois vu son \u00e9quipe s&rsquo;\u00e9crouler \u00abapr\u00e8s avoir encaiss\u00e9 le premier but\u00bb. \u00abJe veux donc voir mon \u00e9quipe r\u00e9agir de cette mani\u00e8re\u00bb, a-t-il not\u00e9, avant de continuer: \u00abJe le r\u00e9p\u00e8te: les gars, ils y sont! Nous, staff, on est l\u00e0 pour les soutenir.\u00bb<\/p>\n<p>                                            <a class=\"fig-a11y-skip\" href=\"#fig-a11y-skip-main-inarticle\" is=\"fig-a11y-skip\" data-trigger-mode=\"visible-once\"><br \/>\n    Passer la publicit\u00e9<br \/>\n<\/a>            <\/p>\n<p>                                            \u00abUn maintien se joue jusqu\u2019\u00e0 la derni\u00e8re journ\u00e9e&#8230;\u00bb<\/p>\n<p class=\"fig-paragraph\">Pourtant, Nice \u00abest dans l&rsquo;urgence\u00bb. \u00abC&rsquo;est donc normal qu&rsquo;il y ait du d\u00e9chet, a-t-il pr\u00e9cis\u00e9. Mais ce que je veux voir, c&rsquo;est une \u00e9quipe qui ne subit pas et qui est pr\u00eate \u00e0 renverser la table.\u00bb Il a dit l&rsquo;avoir vu en deuxi\u00e8me mi-temps alors que, \u00abjusqu&rsquo;au but havrais, on a eu du mal \u00e0 se l\u00e2cher\u00bb. \u00abLeur sch\u00e9ma a \u00e9t\u00e9 simple mais il nous a bien perturb\u00e9s. Cela a \u00e9t\u00e9 efficace. Quant \u00e0 nous, on n&rsquo;a pas \u00e9t\u00e9 assez conqu\u00e9rants. On avait des semelles de plomb.\u00bb<\/p>\n<p class=\"fig-paragraph\">Pour le gardien Yehvann Diouf, Nice \u00abprend un point dans une situation difficile\u00bb et a \u00abaffich\u00e9 un meilleur visage que d&rsquo;habitude, et on est rest\u00e9 soud\u00e9s\u00bb. \u00abUn maintien se joue jusqu&rsquo;\u00e0 la derni\u00e8re journ\u00e9e&#8230; On est lucide vis-\u00e0-vis de \u00e7a. Mais on a confiance en nous\u00bb, a-t-il conclu.<\/p>\n<p>                                            Didier Digard \u00abfier\u00bb de son \u00e9quipe<\/p>\n<p class=\"fig-paragraph\">Didier Digard, l\u2019entra\u00eeneur du Havre, s\u2019est dit \u00abfier\u00bb d\u2019elle pour \u00abavoir montr\u00e9 un beau visage\u00bb. \u00abOn a \u00e9t\u00e9 conqu\u00e9rant, assez consistant dans les duels et on a cr\u00e9\u00e9 du jeu, a-t-il appr\u00e9ci\u00e9. Dans le jeu on a \u00e9t\u00e9 coh\u00e9rent et tr\u00e8s performant tactiquement. Il nous a manqu\u00e9 un peu de r\u00e9alisme en premi\u00e8re mi-temps. C\u2019est un tr\u00e8s beau visage de notre \u00e9quipe dans ce match \u00e0 l\u2019ext\u00e9rieur avec autant d\u2019enjeu.\u00bb<\/p>\n<p class=\"fig-paragraph\">Pour lui, Le Havre \u00abavance doucement mais s\u00fbrement\u00bb. \u00abOn laisse une semaine de plus le barragiste \u00e0 la m\u00eame distance derri\u00e8re nous.\u00bb En revanche, il a peu aim\u00e9 prendre un nouveau but sur une phase arr\u00eat\u00e9e. \u00abC\u2019est malheureux et dommage, a-t-il dit. J\u2019ai l\u2019impression que ces coups de pied arr\u00eat\u00e9s nous obligent, en ce moment, \u00e0 continuer \u00e0 jouer le maintien. Ce n\u2019est pas que de la malchance. Mais il ne faut pas trop se fixer dessus parce que cela va instaurer un climat de peur.\u00bb<\/p>\n<p class=\"fig-paragraph\">D\u00e9sormais, les Havrais vont se d\u00e9placer \u00e0 Angers puis recevoir Metz. Mais pour Didier Digard, le maintien \u00abne se jouera pas l\u00e0\u00bb. \u00abOn peut seulement prendre un ascendant psychologique d\u2019une semaine, a-t-il conclu. L\u2019important, c\u2019est de r\u00e9p\u00e9ter les bonnes performances et de garder le plus d\u2019\u00e9quipes derri\u00e8re nous. On le fait \u00e0 un petit rythme. C\u2019est long. C\u2019est dur. Mais \u00e7a rend les choses tr\u00e8s savoureuses parce qu\u2019on voit une \u00e9quipe qui ne l\u00e2che pas.\u00bb<\/p>\n","protected":false},"excerpt":{"rendered":"Apr\u00e8s le match nul entre l\u2019OGC Nice et Le Havre ce dimanche, Claude Puel et Didier Digard ont&hellip;\n","protected":false},"author":2,"featured_media":865138,"comment_status":"","ping_status":"","sticky":false,"template":"","format":"standard","meta":{"footnotes":"","_share_on_mastodon":"0"},"categories":[2819],"tags":[1111,11,73688,1777,674,1011,27,4447,12,2401,2268,882,25],"class_list":["post-865137","post","type-post","status-publish","format-standard","has-post-thumbnail","category-nice","tag-actu","tag-actualites","tag-claude-puel","tag-eu","tag-europe","tag-fr","tag-france","tag-le-havre-ac","tag-news","tag-nice","tag-ogc-nice","tag-provence-alpes-cote-dazur","tag-republique-francaise"],"share_on_mastodon":{"url":"https:\/\/pubeurope.com\/@fr\/116394425466372739","error":""},"_links":{"self":[{"href":"https:\/\/www.europesays.com\/fr\/wp-json\/wp\/v2\/posts\/865137","targetHints":{"allow":["GET"]}}],"collection":[{"href":"https:\/\/www.europesays.com\/fr\/wp-json\/wp\/v2\/posts"}],"about":[{"href":"https:\/\/www.europesays.com\/fr\/wp-json\/wp\/v2\/types\/post"}],"author":[{"embeddable":true,"href":"https:\/\/www.europesays.com\/fr\/wp-json\/wp\/v2\/users\/2"}],"replies":[{"embeddable":true,"href":"https:\/\/www.europesays.com\/fr\/wp-json\/wp\/v2\/comments?post=865137"}],"version-history":[{"count":0,"href":"https:\/\/www.europesays.com\/fr\/wp-json\/wp\/v2\/posts\/865137\/revisions"}],"wp:featuredmedia":[{"embeddable":true,"href":"https:\/\/www.europesays.com\/fr\/wp-json\/wp\/v2\/media\/865138"}],"wp:attachment":[{"href":"https:\/\/www.europesays.com\/fr\/wp-json\/wp\/v2\/media?parent=865137"}],"wp:term":[{"taxonomy":"category","embeddable":true,"href":"https:\/\/www.europesays.com\/fr\/wp-json\/wp\/v2\/categories?post=865137"},{"taxonomy":"post_tag","embeddable":true,"href":"https:\/\/www.europesays.com\/fr\/wp-json\/wp\/v2\/tags?post=865137"}],"curies":[{"name":"wp","href":"https:\/\/api.w.org\/{rel}","templated":true}]}}