{"id":86518,"date":"2025-05-09T09:55:09","date_gmt":"2025-05-09T09:55:09","guid":{"rendered":"https:\/\/www.europesays.com\/fr\/86518\/"},"modified":"2025-05-09T09:55:09","modified_gmt":"2025-05-09T09:55:09","slug":"supporters-du-psg-percutes-par-une-voiture-sur-les-champs-elysees-a-paris-le-conducteur-interpelle","status":"publish","type":"post","link":"https:\/\/www.europesays.com\/fr\/86518\/","title":{"rendered":"Supporters du PSG percut\u00e9s par une voiture sur les Champs-\u00c9lys\u00e9es \u00e0 Paris : le conducteur interpell\u00e9"},"content":{"rendered":"<p>            Par<br \/>\n        <strong><br \/>\n            <a href=\"https:\/\/actu.fr\/auteur\/antoine-blanchet\" title=\"Consulter tous les articles de Antoine Blanchet\" target=\"_blank\" rel=\"noopener\">Antoine Blanchet<\/a><br \/>\n        <\/strong><\/p>\n<p>        Publi\u00e9 le<\/p>\n<p>            9 mai 2025 \u00e0 10h18        <\/p>\n<p>L\u2019enqu\u00eate avance. Apr\u00e8s qu\u2019une voiture a fonc\u00e9 sur des supporters du <a href=\"https:\/\/actu.fr\/tag\/paris-saint-germain-psg\" target=\"_blank\" rel=\"noopener\">Paris Saint-Germain<\/a> (PSG) sur les <a href=\"https:\/\/actu.fr\/tag\/champs-elysees\" target=\"_blank\" rel=\"noopener\">Champs-\u00c9lys\u00e9es<\/a> mercredi, le conducteur<strong> a \u00e9t\u00e9 plac\u00e9 en garde \u00e0 vue<\/strong> jeudi 8\u00a0mai 2025, nous indique le parquet de <a href=\"https:\/\/actu.fr\/paris\/\" target=\"_blank\" rel=\"noopener\">Paris<\/a>. L\u2019automobiliste avait bless\u00e9 trois personnes, dont une gravement, lors de la liesse ayant suivi la victoire du club parisien contre Arsenal. Ce dernier s\u2019est rendu de lui-m\u00eame au commissariat.<\/p>\n<p class=\" wall-content\">Il est poursuivi pour violences avec arme ayant occasionn\u00e9 une<strong> incapacit\u00e9 totale de travail sup\u00e9rieure \u00e0 huit jours<\/strong>, d\u00e9lit de fuite et non-assistance \u00e0 personne en danger.<\/p>\n<p>Plusieurs personnes percut\u00e9es<\/p>\n<p class=\" wall-content\">Les faits se sont produits au niveau de l\u2019avenue Marceau. De nombreux supporters \u00e9taient pr\u00e9sents. \u00ab\u2009Les images de vid\u00e9osurveillance ont permis de constater que le v\u00e9hicule conduit par le mis en cause \u00e9tait entour\u00e9 d\u2019un grand nombre de personnes\u2009\u00bb, nous pr\u00e9cise le parquet. Sans que l\u2019on en sache la raison,<strong> le conducteur a acc\u00e9l\u00e9r\u00e9 et percut\u00e9 plusieurs personnes<\/strong>. L\u2019automobiliste et son passager ont pris la fuite \u00e0 pied, tandis que le v\u00e9hicule \u00e9tait incendi\u00e9 par la foule.<\/p>\n<p class=\" wall-content\">Parmi les trois victimes, l\u2019une d\u2019elles, \u00e2g\u00e9e de 17 ans, a \u00e9t\u00e9 hospitalis\u00e9e <strong>en urgence absolue.<\/strong> L\u2019\u00e9tat de sant\u00e9 de l\u2019adolescent s\u2019est am\u00e9lior\u00e9, nous indique une source proche du dossier. Plusieurs plaintes ont d\u00e9j\u00e0 \u00e9t\u00e9 d\u00e9pos\u00e9es contre le conducteur.<\/p>\n<p class=\" wall-content\">Suivez toute l\u2019actualit\u00e9 de vos villes et m\u00e9dias favoris en vous inscrivant \u00e0 <a href=\"https:\/\/moncompte.actu.fr\" title=\"D\u00e9couvez Mon Actu\" rel=\"nofollow noopener\" data-trk=\"{&quot;cta&quot;:{&quot;action&quot;:&quot;https:\\\/\\\/moncompte.actu.fr&quot;,&quot;category&quot;:&quot;mon compte&quot;,&quot;from&quot;:&quot;article footer&quot;,&quot;name&quot;:&quot;Mon actu&quot;,&quot;type&quot;:&quot;cta&quot;}}\" target=\"_blank\">Mon Actu<\/a>.<\/p>\n","protected":false},"excerpt":{"rendered":"Par Antoine Blanchet Publi\u00e9 le 9 mai 2025 \u00e0 10h18 L\u2019enqu\u00eate avance. Apr\u00e8s qu\u2019une voiture a fonc\u00e9 sur&hellip;\n","protected":false},"author":2,"featured_media":86519,"comment_status":"","ping_status":"","sticky":false,"template":"","format":"standard","meta":{"footnotes":""},"categories":[1888],"tags":[1111,1928,11,1927,6984,1777,674,118,1011,27,12,1926,626,1925,1072,25],"class_list":{"0":"post-86518","1":"post","2":"type-post","3":"status-publish","4":"format-standard","5":"has-post-thumbnail","7":"category-paris","8":"tag-actu","9":"tag-actu-paris","10":"tag-actualites","11":"tag-actualites-paris","12":"tag-champs-elysees","13":"tag-eu","14":"tag-europe","15":"tag-faits-divers","16":"tag-fr","17":"tag-france","18":"tag-news","19":"tag-news-paris","20":"tag-paris","21":"tag-paris-news","22":"tag-police","23":"tag-republique-francaise"},"share_on_mastodon":{"url":"https:\/\/pubeurope.com\/@fr\/114477277214120548","error":""},"_links":{"self":[{"href":"https:\/\/www.europesays.com\/fr\/wp-json\/wp\/v2\/posts\/86518","targetHints":{"allow":["GET"]}}],"collection":[{"href":"https:\/\/www.europesays.com\/fr\/wp-json\/wp\/v2\/posts"}],"about":[{"href":"https:\/\/www.europesays.com\/fr\/wp-json\/wp\/v2\/types\/post"}],"author":[{"embeddable":true,"href":"https:\/\/www.europesays.com\/fr\/wp-json\/wp\/v2\/users\/2"}],"replies":[{"embeddable":true,"href":"https:\/\/www.europesays.com\/fr\/wp-json\/wp\/v2\/comments?post=86518"}],"version-history":[{"count":0,"href":"https:\/\/www.europesays.com\/fr\/wp-json\/wp\/v2\/posts\/86518\/revisions"}],"wp:featuredmedia":[{"embeddable":true,"href":"https:\/\/www.europesays.com\/fr\/wp-json\/wp\/v2\/media\/86519"}],"wp:attachment":[{"href":"https:\/\/www.europesays.com\/fr\/wp-json\/wp\/v2\/media?parent=86518"}],"wp:term":[{"taxonomy":"category","embeddable":true,"href":"https:\/\/www.europesays.com\/fr\/wp-json\/wp\/v2\/categories?post=86518"},{"taxonomy":"post_tag","embeddable":true,"href":"https:\/\/www.europesays.com\/fr\/wp-json\/wp\/v2\/tags?post=86518"}],"curies":[{"name":"wp","href":"https:\/\/api.w.org\/{rel}","templated":true}]}}