{"id":86520,"date":"2025-05-09T09:56:09","date_gmt":"2025-05-09T09:56:09","guid":{"rendered":"https:\/\/www.europesays.com\/fr\/86520\/"},"modified":"2025-05-09T09:56:09","modified_gmt":"2025-05-09T09:56:09","slug":"le-conducteur-soupconne-davoir-percute-trois-pietons-le-soir-de-la-victoire-du-psg-est-en-garde-a-vue","status":"publish","type":"post","link":"https:\/\/www.europesays.com\/fr\/86520\/","title":{"rendered":"Le conducteur soup\u00e7onn\u00e9 d\u2019avoir percut\u00e9 trois pi\u00e9tons le soir de la victoire du PSG est en garde \u00e0 vue"},"content":{"rendered":"<p><strong>Psg-arsenal &#8211; Soup\u00e7onn\u00e9 d\u2019avoir fonc\u00e9 dans une foule de supporters avec sa voiture dans la nuit du 7 au 8 mai \u00e0 Paris, un homme a \u00e9t\u00e9 plac\u00e9 en garde \u00e0 vue<\/strong><\/p>\n<p>Les vid\u00e9os ont fait le tour des r\u00e9seaux sociaux. Le conducteur suspect\u00e9 d\u2019avoir fauch\u00e9 des supporters du PSG qui s\u2019\u00e9taient regroup\u00e9s pr\u00e8s des Champs-Elys\u00e9es pour f\u00eater la qualification de leur \u00e9quipe en <a data-i13n=\"cpos:1;pos:1\" href=\"https:\/\/www.20minutes.fr\/sport\/football\/ligue_des_champions\/4152001-20250507-direct-psg-arsenal-grand-jour-paris-si-pres-deuxieme-finale-ligue-champions-suivez-demie-retour?at_medium=RSS+feed&amp;at_campaign=ynews&amp;utm_source=yahoo&amp;utm_medium=rss&amp;utm_campaign=news_feed&amp;utm_content=in_article_link\" rel=\"nofollow noopener\" target=\"_blank\" data-ylk=\"slk:finale de la Ligue des champions;cpos:1;pos:1;elm:context_link;itc:0;sec:content-canvas\" class=\"link \">finale de la Ligue des champions<\/a> mercredi soir, a \u00e9t\u00e9 plac\u00e9 en garde \u00e0 vue.<\/p>\n<p>A bord d\u2019une Mercedes encercl\u00e9e par les supporters l\u2019homme avait fini par acc\u00e9l\u00e9rer, faisant <a data-i13n=\"cpos:2;pos:1\" href=\"https:\/\/www.20minutes.fr\/sport\/football\/4152424-20250508-psg-arsenal-trois-personnes-percutees-voiture-pres-champs-elysees-marge-celebrations?at_medium=RSS+feed&amp;at_campaign=ynews&amp;utm_source=yahoo&amp;utm_medium=rss&amp;utm_campaign=news_feed&amp;utm_content=in_article_link\" rel=\"nofollow noopener\" target=\"_blank\" data-ylk=\"slk:trois bless\u00e9s;cpos:2;pos:1;elm:context_link;itc:0;sec:content-canvas\" class=\"link \">trois bless\u00e9s<\/a> dont un mineur au pronostic vital engag\u00e9. Victime principale, ses jours ne seraient plus en danger, a indiqu\u00e9 le parquet \u00e0 <a data-i13n=\"cpos:3;pos:1\" href=\"https:\/\/www.bfmtv.com\/police-justice\/info-bfmtv-pietons-percutes-a-paris-le-conducteur-en-garde-a-vue_AN-202505080688.html?at_medium=RSS+feed&amp;at_campaign=ynews&amp;utm_source=yahoo&amp;utm_medium=rss&amp;utm_campaign=news_feed&amp;utm_content=in_article_link\" rel=\"nofollow noopener\" target=\"_blank\" data-ylk=\"slk:BFMTV;cpos:3;pos:1;elm:context_link;itc:0;sec:content-canvas\" class=\"link \">BFMTV<\/a>.<\/p>\n<p>\u00ab Immobilis\u00e9 \u00bb par les supporters<\/p>\n<p>Selon la pr\u00e9fecture de police contact\u00e9e par la r\u00e9daction d\u2019<a data-i13n=\"cpos:4;pos:1\" href=\"https:\/\/www.francebleu.fr\/infos\/faits-divers-justice\/pietons-percutes-apres-psg-arsenal-le-conducteur-de-la-voiture-est-en-garde-a-vue-4595935?at_medium=RSS+feed&amp;at_campaign=ynews&amp;utm_source=yahoo&amp;utm_medium=rss&amp;utm_campaign=news_feed&amp;utm_content=in_article_link\" rel=\"nofollow noopener\" target=\"_blank\" data-ylk=\"slk:Ici;cpos:4;pos:1;elm:context_link;itc:0;sec:content-canvas\" class=\"link \">Ici<\/a>, l\u2019homme au volant, qui a fini par prendre la fuite, s\u2019est retrouv\u00e9 \u00ab immobilis\u00e9 par la densit\u00e9 des supporters \u00bb.<\/p>\n<p>\u00ab Les premi\u00e8res exploitations des images de vid\u00e9osurveillance permettent de constater que le v\u00e9hicule conduit par le mis en cause \u00e9tait entour\u00e9 d\u2019un grand nombre de personnes au moment des faits avant que ce dernier donne un coup d\u2019acc\u00e9l\u00e9rateur \u00bb, d\u00e9taille le parquet.<\/p>\n<p><a data-i13n=\"cpos:5;pos:1\" href=\"https:\/\/www.20minutes.fr\/faits_divers\/4152532-20250509-paris-conducteur-soupconne-avoir-percute-trois-pietons-soir-victoire-psg-garde-vue?at_medium=RSS+feed&amp;at_campaign=ynews&amp;utm_source=yahoo&amp;utm_medium=rss&amp;utm_campaign=news_feed&amp;utm_content=read_more_link%22\" rel=\"nofollow noopener\" target=\"_blank\" data-ylk=\"slk:Lire la suite sur 20minutes;cpos:5;pos:1;elm:context_link;itc:0;sec:content-canvas\" class=\"link \">Lire la suite sur 20minutes<\/a><\/p>\n<p>\u00c0 lire aussi :<br \/><a data-i13n=\"cpos:6;pos:1\" href=\"https:\/\/www.20minutes.fr\/nantes\/4146570-20250402-loire-atlantique-trois-ans-apres-suicide-maire-reze-homme-place-garde-vue?at_medium=RSS+feed&amp;at_campaign=ynews&amp;utm_source=yahoo&amp;utm_medium=rss&amp;utm_campaign=news_feed&amp;utm_content=related_content_link\" rel=\"nofollow noopener\" target=\"_blank\" data-ylk=\"slk:Loire-Atlantique : Trois ans apr\u00e8s le suicide du maire de Rez\u00e9, un homme plac\u00e9 en garde \u00e0 vue;cpos:6;pos:1;elm:context_link;itc:0;sec:content-canvas\" class=\"link \">Loire-Atlantique : Trois ans apr\u00e8s le suicide du maire de Rez\u00e9, un homme plac\u00e9 en garde \u00e0 vue<\/a><br \/><a data-i13n=\"cpos:7;pos:1\" href=\"https:\/\/www.20minutes.fr\/societe\/4143789-20250316-meurthe-moselle-soupconne-avoir-tue-pere-lors-dispute-homme-22-ans-garde-vue?at_medium=RSS+feed&amp;at_campaign=ynews&amp;utm_source=yahoo&amp;utm_medium=rss&amp;utm_campaign=news_feed&amp;utm_content=related_content_link\" rel=\"nofollow noopener\" target=\"_blank\" data-ylk=\"slk:Meurthe-et-Moselle : Soup\u00e7onn\u00e9 d\u2019avoir tu\u00e9 son p\u00e8re lors d\u2019une dispute, un homme de 22 ans en garde \u00e0 vue;cpos:7;pos:1;elm:context_link;itc:0;sec:content-canvas\" class=\"link \">Meurthe-et-Moselle : Soup\u00e7onn\u00e9 d\u2019avoir tu\u00e9 son p\u00e8re lors d\u2019une dispute, un homme de 22 ans en garde \u00e0 vue<\/a><\/p>\n","protected":false},"excerpt":{"rendered":"Psg-arsenal &#8211; Soup\u00e7onn\u00e9 d\u2019avoir fonc\u00e9 dans une foule de supporters avec sa voiture dans la nuit du 7&hellip;\n","protected":false},"author":2,"featured_media":86521,"comment_status":"","ping_status":"","sticky":false,"template":"","format":"standard","meta":{"footnotes":""},"categories":[1888],"tags":[1111,1928,11,1927,6984,1777,674,19651,1011,27,19652,12,1926,626,1925,4524,25],"class_list":{"0":"post-86520","1":"post","2":"type-post","3":"status-publish","4":"format-standard","5":"has-post-thumbnail","7":"category-paris","8":"tag-actu","9":"tag-actu-paris","10":"tag-actualites","11":"tag-actualites-paris","12":"tag-champs-elysees","13":"tag-eu","14":"tag-europe","15":"tag-finale-de-la-ligue-des-champions","16":"tag-fr","17":"tag-france","18":"tag-le-tour","19":"tag-news","20":"tag-news-paris","21":"tag-paris","22":"tag-paris-news","23":"tag-prefecture-de-police","24":"tag-republique-francaise"},"share_on_mastodon":{"url":"https:\/\/pubeurope.com\/@fr\/114477281084396058","error":""},"_links":{"self":[{"href":"https:\/\/www.europesays.com\/fr\/wp-json\/wp\/v2\/posts\/86520","targetHints":{"allow":["GET"]}}],"collection":[{"href":"https:\/\/www.europesays.com\/fr\/wp-json\/wp\/v2\/posts"}],"about":[{"href":"https:\/\/www.europesays.com\/fr\/wp-json\/wp\/v2\/types\/post"}],"author":[{"embeddable":true,"href":"https:\/\/www.europesays.com\/fr\/wp-json\/wp\/v2\/users\/2"}],"replies":[{"embeddable":true,"href":"https:\/\/www.europesays.com\/fr\/wp-json\/wp\/v2\/comments?post=86520"}],"version-history":[{"count":0,"href":"https:\/\/www.europesays.com\/fr\/wp-json\/wp\/v2\/posts\/86520\/revisions"}],"wp:featuredmedia":[{"embeddable":true,"href":"https:\/\/www.europesays.com\/fr\/wp-json\/wp\/v2\/media\/86521"}],"wp:attachment":[{"href":"https:\/\/www.europesays.com\/fr\/wp-json\/wp\/v2\/media?parent=86520"}],"wp:term":[{"taxonomy":"category","embeddable":true,"href":"https:\/\/www.europesays.com\/fr\/wp-json\/wp\/v2\/categories?post=86520"},{"taxonomy":"post_tag","embeddable":true,"href":"https:\/\/www.europesays.com\/fr\/wp-json\/wp\/v2\/tags?post=86520"}],"curies":[{"name":"wp","href":"https:\/\/api.w.org\/{rel}","templated":true}]}}