{"id":86528,"date":"2025-05-09T10:00:09","date_gmt":"2025-05-09T10:00:09","guid":{"rendered":"https:\/\/www.europesays.com\/fr\/86528\/"},"modified":"2025-05-09T10:00:09","modified_gmt":"2025-05-09T10:00:09","slug":"les-tours-et-detours-de-ce-dirigeant-europeen-pour-atterrir-en-russie","status":"publish","type":"post","link":"https:\/\/www.europesays.com\/fr\/86528\/","title":{"rendered":"Les tours et d\u00e9tours de ce dirigeant europ\u00e9en pour atterrir en Russie"},"content":{"rendered":"<p>Le Premier ministre slovaque Robert Fico <a href=\"https:\/\/www.20minutes.fr\/monde\/ukraine\/4152529-20250509-direct-guerre-ukraine-avant-grande-parade-militaire-poutine-trump-appelle-cessez-feu-inconditionnel\" class=\"color-ultramarine c-link\" target=\"_blank\" rel=\"noopener\">est le seul dirigeant de l\u2019Union europ\u00e9enne<\/a> \u00e0 avoir accept\u00e9 d\u2019assister aux comm\u00e9morations des 80 ans de la victoire sur l\u2019Allemagne nazie organis\u00e9es en Russie. Invit\u00e9 par Vladimir Poutine, Robert Fico pensait pouvoir voler sans encombre pour rejoindre Moscou. Les dirigeants europ\u00e9ens et les drones ukrainiens en ont d\u00e9cid\u00e9 autrement. Bien d\u00e9cid\u00e9e \u00e0 chahuter les plans de Poutine, l\u2019Ukraine a envoy\u00e9 une nu\u00e9e de drones sur Moscou. Des centaines d\u2019avions ont d\u00fb \u00eatre retard\u00e9s ou annul\u00e9s, p\u00e9nalisant des dizaines de milliers de voyageurs. Y compris des dirigeants \u00e9trangers.<\/p>\n<p>Alors qu\u2019il avait sollicit\u00e9 un survol de la Pologne et de la Lituanie pour son avion, <a href=\"https:\/\/www.20minutes.fr\/monde\/4091258-20240515-liens-supposes-mafia-pro-poutine-robert-fico-premier-ministre-slovaque-blesse-balle\" class=\"color-ultramarine c-link\" target=\"_blank\" rel=\"noopener\">le Premier ministre slovaque<\/a> a eu la surprise d\u2019apprendre que cela lui avait \u00e9t\u00e9 refus\u00e9. L\u2019Estonie a eu la m\u00eame attitude. \u00ab\u00a0L\u2019Estonie n\u2019a pas l\u2019intention de soutenir cet \u00e9v\u00e9nement de quelque mani\u00e8re que ce soit\u00a0\u00bb, a d\u00e9clar\u00e9 le ministre des Affaires \u00e9trang\u00e8res, Margus Tsahkna, <a href=\"https:\/\/fr.euronews.com\/my-europe\/2025\/05\/07\/perturber-le-defile-du-jour-de-la-victoire-les-drones-ukrainiens-paralysent-lespace-aerien\" rel=\"nofollow noopener\" target=\"_blank\" class=\"color-ultramarine c-link\">selon Euronews<\/a>. Il y a un an quasiment jour pour jour, Robert Fico avait <a href=\"https:\/\/www.20minutes.fr\/monde\/4091218-20240515-slovaquie-premier-ministre-blesse-balle-transporte-vers-capitale\" class=\"color-ultramarine c-link\" target=\"_blank\" rel=\"noopener\">\u00e9t\u00e9 la victime d\u2019une tentative d\u2019assassinat<\/a>. Touch\u00e9 par plusieurs balles, il avait fr\u00f4l\u00e9 la mort.<\/p>\n<\/p>\n<p><a href=\"https:\/\/www.20minutes.fr\/monde\/ukraine\/4151979-20250506-direct-guerre-ukraine-russie-visee-dizaines-drones-ukrainiens\" class=\"color-ultramarine c-link\" target=\"_blank\" rel=\"noopener\">Ces choix des pays de l\u2019UE<\/a> ont oblig\u00e9 le dirigeant slovaque \u00e0 un d\u00e9tour cons\u00e9quent qui l\u2019a contraint \u00e0 chambouler son agenda. Robert Fico aurait finalement atterri vers 20h30 \u00e0 Moscou, selon la t\u00e9l\u00e9vision russe. Le pr\u00e9sident serbe Aleksandar Vu\u010di\u0107 a \u00e9galement d\u00fb d\u00e9router son avion vers la capitale azerba\u00efdjanaise de Bakou, rapporte Euronews. Lui aussi a d\u00fb faire face aux perturbations du secteur a\u00e9rien russe. L\u2019Union europ\u00e9enne avait averti Aleksandar Vucic que sa pr\u00e9sence en Russie violait les crit\u00e8res d\u2019adh\u00e9sion \u00e0 l\u2019Union europ\u00e9enne, que son pays aimerait int\u00e9grer.<\/p>\n<p>Un cessez-le-feu bafou\u00e9<\/p>\n<p>Plus d\u2019une vingtaine de dirigeants \u00e9trangers assistent aux comm\u00e9morations des 80 ans de la victoire sur l\u2019Allemagne nazie aux c\u00f4t\u00e9s de Vladimir Poutine. Une grande parade militaire est en cours sur la place Rouge.<\/p>\n<p>Le pr\u00e9sident russe avait ordonn\u00e9 d\u2019observer un cessez-le-feu du 8 au 10\u00a0mai sur le front ukrainien, le temps des comm\u00e9morations. Mais l\u2019Ukraine, qui fait face depuis\u00a02022 \u00e0 une offensive russe de grande ampleur, a accus\u00e9 jeudi <a href=\"https:\/\/www.20minutes.fr\/monde\/ukraine\/4152446-20250508-guerre-ukraine-poutine-accuse-pietiner-cessez-feu-attaquer-toute-ligne\" class=\"color-ultramarine c-link\" target=\"_blank\" rel=\"noopener\">son ennemie d\u2019attaquer sur toute la ligne de front<\/a>, \u00e9voquant \u00ab\u00a0des centaines de violations de la tr\u00eave\u00a0\u00bb.<\/p>\n","protected":false},"excerpt":{"rendered":"Le Premier ministre slovaque Robert Fico est le seul dirigeant de l\u2019Union europ\u00e9enne \u00e0 avoir accept\u00e9 d\u2019assister aux&hellip;\n","protected":false},"author":2,"featured_media":86529,"comment_status":"","ping_status":"","sticky":false,"template":"","format":"standard","meta":{"footnotes":""},"categories":[1590],"tags":[47,11,6701,37,17337,564,1909,1777,674,1146,131,74,1916,12,132,10845,220,555,135],"class_list":{"0":"post-86528","1":"post","2":"type-post","3":"status-publish","4":"format-standard","5":"has-post-thumbnail","7":"category-ukraine","8":"tag-actualite","9":"tag-actualites","10":"tag-aleksandar-vucic","11":"tag-avion","12":"tag-commemoration","13":"tag-drone","14":"tag-estonie","15":"tag-eu","16":"tag-europe","17":"tag-guerre","18":"tag-guerre-en-ukraine","19":"tag-monde","20":"tag-moscou","21":"tag-news","22":"tag-russie","23":"tag-slovaquie","24":"tag-ukraine","25":"tag-union-europeenne-ue","26":"tag-vladimir-poutine"},"share_on_mastodon":{"url":"https:\/\/pubeurope.com\/@fr\/114477296771485212","error":""},"_links":{"self":[{"href":"https:\/\/www.europesays.com\/fr\/wp-json\/wp\/v2\/posts\/86528","targetHints":{"allow":["GET"]}}],"collection":[{"href":"https:\/\/www.europesays.com\/fr\/wp-json\/wp\/v2\/posts"}],"about":[{"href":"https:\/\/www.europesays.com\/fr\/wp-json\/wp\/v2\/types\/post"}],"author":[{"embeddable":true,"href":"https:\/\/www.europesays.com\/fr\/wp-json\/wp\/v2\/users\/2"}],"replies":[{"embeddable":true,"href":"https:\/\/www.europesays.com\/fr\/wp-json\/wp\/v2\/comments?post=86528"}],"version-history":[{"count":0,"href":"https:\/\/www.europesays.com\/fr\/wp-json\/wp\/v2\/posts\/86528\/revisions"}],"wp:featuredmedia":[{"embeddable":true,"href":"https:\/\/www.europesays.com\/fr\/wp-json\/wp\/v2\/media\/86529"}],"wp:attachment":[{"href":"https:\/\/www.europesays.com\/fr\/wp-json\/wp\/v2\/media?parent=86528"}],"wp:term":[{"taxonomy":"category","embeddable":true,"href":"https:\/\/www.europesays.com\/fr\/wp-json\/wp\/v2\/categories?post=86528"},{"taxonomy":"post_tag","embeddable":true,"href":"https:\/\/www.europesays.com\/fr\/wp-json\/wp\/v2\/tags?post=86528"}],"curies":[{"name":"wp","href":"https:\/\/api.w.org\/{rel}","templated":true}]}}