{"id":86530,"date":"2025-05-09T10:01:09","date_gmt":"2025-05-09T10:01:09","guid":{"rendered":"https:\/\/www.europesays.com\/fr\/86530\/"},"modified":"2025-05-09T10:01:09","modified_gmt":"2025-05-09T10:01:09","slug":"meme-ceux-qui-ont-la-carte-verte-ont-peur-de-voyager","status":"publish","type":"post","link":"https:\/\/www.europesays.com\/fr\/86530\/","title":{"rendered":"\u201cM\u00eame ceux qui ont la carte verte ont peur de voyager\u201d"},"content":{"rendered":"\n<p>Des r\u00e9sidents permanents aux \u00c9tats-Unis ont de plus en plus souvent maille \u00e0 partir avec les services de l\u2019immigration, <a class=\"ithalc\" data-ithal=\"lien_externe\" data-ithalc=\"[nav_article]\" target=\"_blank\" href=\"https:\/\/www.nytimes.com\/2025\/05\/01\/travel\/green-card-holders-travel-advice-outside-us.html\" rel=\"noopener\">rapporte le <strong>New York Times<\/strong><\/a>. Le temps o\u00f9 les d\u00e9tenteurs d\u2019une \u201ccarte verte\u201d pouvaient voyager sans inqui\u00e9tude \u00e0 l\u2019\u00e9tranger avant de revenir dans le pays semble r\u00e9volu, constate le quotidien. Mises en \u0153uvre de fa\u00e7on agressive, les mesures prises par l\u2019administration Trump pour r\u00e9duire l\u2019immigration \u201cchangent la donne\u201d y compris pour eux.<\/p>\n<p>De retour aux \u00c9tats-Unis apr\u00e8s un s\u00e9jour professionnel \u00e0 l\u2019\u00e9tranger de trois mois, un r\u00e9sident permanent install\u00e9 \u00e0 New York \u2013 qui pr\u00e9f\u00e8re rester anonyme \u2013 a subi un contr\u00f4le des agents de l\u2019immigration. \u201cIls ont exprim\u00e9 des doutes quant \u00e0 la r\u00e9alit\u00e9 de sa r\u00e9sidence aux \u00c9tats-Unis. \u00c0 un moment, ils lui ont pr\u00e9sent\u00e9 un formulaire de renonciation \u00e0 la r\u00e9sidence permanente en lui conseillant de renoncer \u00e0 sa carte verte et de faire une demande de permis de travail pour pouvoir entrer aux \u00c9tats-Unis.\u201d<\/p>\n<p>Une ressortissante irlandaise, \u00e9galement titulaire de la carte verte et install\u00e9e depuis longtemps en Californie, a \u00e9t\u00e9 arr\u00eat\u00e9e \u00e0 l\u2019a\u00e9roport international de San Francisco apr\u00e8s un bref s\u00e9jour \u00e0 Dublin. On lui reproche apparemment d\u2019avoir \u00e9t\u00e9 condamn\u00e9e \u00e0 deux reprises, voil\u00e0 pr\u00e8s de vingt ans, pour d\u00e9tention de drogue. Or ces condamnations sont cens\u00e9es avoir \u00e9t\u00e9 effac\u00e9es de son casier judiciaire. \u201cMme\u00a0Ward est en d\u00e9tention depuis une semaine et aucune date n\u2019a \u00e9t\u00e9 fix\u00e9e pour une audience sur son cas.\u201d<\/p>\n<p>La carte de r\u00e9sident permanent ou \u201ccarte verte\u201d permet de vivre et de travailler aux \u00c9tats-Unis. Ses d\u00e9tenteurs b\u00e9n\u00e9ficient de la s\u00e9curit\u00e9 sociale, de Medicare et \u00e9ventuellement d\u2019une aide financi\u00e8re pour faire des \u00e9tudes sup\u00e9rieures. Apr\u00e8s cinq ans de r\u00e9sidence permanente, ils ont la possibilit\u00e9 de demander la nationalit\u00e9 am\u00e9ricaine. En revanche, explique le New York Times, ils peuvent se voir refuser l\u2019entr\u00e9e aux \u00c9tats-Unis ou faire l\u2019objet d\u2019une mesure d\u2019expulsion s\u2019ils ont commis un d\u00e9lit, \u201cqu\u2019il s\u2019agisse d\u2019un simple exc\u00e8s de vitesse ou d\u2019une infraction plus grave\u201d.<\/p>\n<p>Les avocats sp\u00e9cialis\u00e9s en droit de l\u2019immigration consult\u00e9s par le journal conseillent aux titulaires de carte verte qui souhaitent voyager hors des fronti\u00e8res du pays durant plusieurs mois de demander un permis de r\u00e9admission (re-entry permit). \u201cCe permis prouve que le titulaire n\u2019a pas l\u2019intention d\u2019abandonner son statut l\u00e9gal.\u201d<\/p>\n<p>Ils conseillent \u00e9galement \u00e0 ceux qui voyagent fr\u00e9quemment de postuler au programme Global Entry du Service des douanes et de la protection des fronti\u00e8res. Il permet en principe aux voyageurs \u201cpr\u00e9-approuv\u00e9s\u201d de passer plus rapidement la douane.<\/p>\n","protected":false},"excerpt":{"rendered":"Des r\u00e9sidents permanents aux \u00c9tats-Unis ont de plus en plus souvent maille \u00e0 partir avec les services de&hellip;\n","protected":false},"author":2,"featured_media":86531,"comment_status":"","ping_status":"","sticky":false,"template":"","format":"standard","meta":{"footnotes":""},"categories":[1589],"tags":[11,3822,1856,75,73,1866,4315,1061,12,770,1864,1865,1863,308],"class_list":{"0":"post-86530","1":"post","2":"type-post","3":"status-publish","4":"format-standard","5":"has-post-thumbnail","7":"category-etats-unis","8":"tag-actualites","9":"tag-amu00e9riques","10":"tag-courrier-expat","11":"tag-donald-trump","12":"tag-etats-unis","13":"tag-etats-unis-damerique","14":"tag-expatriation","15":"tag-immigration","16":"tag-news","17":"tag-u00e9tats-unis","18":"tag-united-states","19":"tag-united-states-of-america","20":"tag-us","21":"tag-usa"},"share_on_mastodon":{"url":"https:\/\/pubeurope.com\/@fr\/114477300692268707","error":""},"_links":{"self":[{"href":"https:\/\/www.europesays.com\/fr\/wp-json\/wp\/v2\/posts\/86530","targetHints":{"allow":["GET"]}}],"collection":[{"href":"https:\/\/www.europesays.com\/fr\/wp-json\/wp\/v2\/posts"}],"about":[{"href":"https:\/\/www.europesays.com\/fr\/wp-json\/wp\/v2\/types\/post"}],"author":[{"embeddable":true,"href":"https:\/\/www.europesays.com\/fr\/wp-json\/wp\/v2\/users\/2"}],"replies":[{"embeddable":true,"href":"https:\/\/www.europesays.com\/fr\/wp-json\/wp\/v2\/comments?post=86530"}],"version-history":[{"count":0,"href":"https:\/\/www.europesays.com\/fr\/wp-json\/wp\/v2\/posts\/86530\/revisions"}],"wp:featuredmedia":[{"embeddable":true,"href":"https:\/\/www.europesays.com\/fr\/wp-json\/wp\/v2\/media\/86531"}],"wp:attachment":[{"href":"https:\/\/www.europesays.com\/fr\/wp-json\/wp\/v2\/media?parent=86530"}],"wp:term":[{"taxonomy":"category","embeddable":true,"href":"https:\/\/www.europesays.com\/fr\/wp-json\/wp\/v2\/categories?post=86530"},{"taxonomy":"post_tag","embeddable":true,"href":"https:\/\/www.europesays.com\/fr\/wp-json\/wp\/v2\/tags?post=86530"}],"curies":[{"name":"wp","href":"https:\/\/api.w.org\/{rel}","templated":true}]}}