{"id":86546,"date":"2025-05-09T10:12:08","date_gmt":"2025-05-09T10:12:08","guid":{"rendered":"https:\/\/www.europesays.com\/fr\/86546\/"},"modified":"2025-05-09T10:12:08","modified_gmt":"2025-05-09T10:12:08","slug":"atp-rome-carlos-alcaraz-rassurant-avant-roland-garros-mon-niveau-est-au-beau-fixe-je-suis-pret-a-100-a-commencer-le-tournoi","status":"publish","type":"post","link":"https:\/\/www.europesays.com\/fr\/86546\/","title":{"rendered":"ATP &#8211; Rome > Carlos Alcaraz rassurant avant Roland-Garros : \u00ab\u00a0Mon niveau est au beau fixe. Je suis pr\u00eat \u00e0 100 % \u00e0 commencer le tournoi\u00a0\u00bb"},"content":{"rendered":"<p>Apr\u00e8s son forfait au Masters 1000 de Madrid, une inqui\u00e9\u00adtude exis\u00adtait chez les obser\u00adva\u00adteurs, sur l\u2019\u00e9tat de sant\u00e9 de Carlos Alcaraz. Bien pr\u00e9sent \u00e0 Rome pour terminer sa pr\u00e9pa\u00adra\u00adtion \u00e0 Roland\u2010Garros, le num\u00e9ro trois mondial a donn\u00e9 des nouvelles rassu\u00adrantes sur sa forme, en conf\u00e9\u00adrence de presse.<\/p>\n<p><strong>\u00ab\u202fL\u2019ann\u00e9e derni\u00e8re, c\u2019\u00e9tait encore plus diffi\u00adcile. Mais cette ann\u00e9e, je n\u2019ai pas pu jouer \u00e0 Madrid et c\u2019est sp\u00e9cial pour moi. Mais j\u2019ai jou\u00e9 deux tr\u00e8s bons tour\u00adnois \u00e0 Monte\u2010Carlo et \u00e0 Barcelone. Et je n\u2019\u00e9tais pas du tout inquiet \u00e0 propos de cette bles\u00adsure. Je suis pr\u00eat et j\u2019ai h\u00e2te de revenir. Mon niveau est au beau fixe. Je suis pr\u00eat \u00e0 100\u202f% \u00e0 commencer le tournoi. \u00c9videmment, le premier tour de chaque tournoi n\u2019est jamais facile, il faut s\u2019ha\u00adbi\u00adtuer aux condi\u00adtions, au tournoi, au terrain, \u00e0 tout. Mais oui, je suis enthou\u00adsiaste. J\u2019ai h\u00e2te d\u2019\u00eatre\u00a0\u00e0\u00a0demain (vendredi)\u202f\u00bb.<\/strong><\/p>\n<p class=\"post-published-date\" style=\"color: silver; font-size: 75%; text-align: left;\">Publi\u00e9 le vendredi 9 mai 2025 \u00e0 08:45<\/p>\n","protected":false},"excerpt":{"rendered":"Apr\u00e8s son forfait au Masters 1000 de Madrid, une inqui\u00e9\u00adtude exis\u00adtait chez les obser\u00adva\u00adteurs, sur l\u2019\u00e9tat de sant\u00e9&hellip;\n","protected":false},"author":2,"featured_media":86547,"comment_status":"","ping_status":"","sticky":false,"template":"","format":"standard","meta":{"footnotes":""},"categories":[1415],"tags":[1744,1011,27,60,1467],"class_list":{"0":"post-86546","1":"post","2":"type-post","3":"status-publish","4":"format-standard","5":"has-post-thumbnail","7":"category-tennis","8":"tag-alcaraz","9":"tag-fr","10":"tag-france","11":"tag-sports","12":"tag-tennis"},"share_on_mastodon":{"url":"https:\/\/pubeurope.com\/@fr\/114477343885224576","error":""},"_links":{"self":[{"href":"https:\/\/www.europesays.com\/fr\/wp-json\/wp\/v2\/posts\/86546","targetHints":{"allow":["GET"]}}],"collection":[{"href":"https:\/\/www.europesays.com\/fr\/wp-json\/wp\/v2\/posts"}],"about":[{"href":"https:\/\/www.europesays.com\/fr\/wp-json\/wp\/v2\/types\/post"}],"author":[{"embeddable":true,"href":"https:\/\/www.europesays.com\/fr\/wp-json\/wp\/v2\/users\/2"}],"replies":[{"embeddable":true,"href":"https:\/\/www.europesays.com\/fr\/wp-json\/wp\/v2\/comments?post=86546"}],"version-history":[{"count":0,"href":"https:\/\/www.europesays.com\/fr\/wp-json\/wp\/v2\/posts\/86546\/revisions"}],"wp:featuredmedia":[{"embeddable":true,"href":"https:\/\/www.europesays.com\/fr\/wp-json\/wp\/v2\/media\/86547"}],"wp:attachment":[{"href":"https:\/\/www.europesays.com\/fr\/wp-json\/wp\/v2\/media?parent=86546"}],"wp:term":[{"taxonomy":"category","embeddable":true,"href":"https:\/\/www.europesays.com\/fr\/wp-json\/wp\/v2\/categories?post=86546"},{"taxonomy":"post_tag","embeddable":true,"href":"https:\/\/www.europesays.com\/fr\/wp-json\/wp\/v2\/tags?post=86546"}],"curies":[{"name":"wp","href":"https:\/\/api.w.org\/{rel}","templated":true}]}}