{"id":86562,"date":"2025-05-09T10:21:10","date_gmt":"2025-05-09T10:21:10","guid":{"rendered":"https:\/\/www.europesays.com\/fr\/86562\/"},"modified":"2025-05-09T10:21:10","modified_gmt":"2025-05-09T10:21:10","slug":"cyril-hanouna-sa-fille-bianca-14-ans-se-devoile-et-giulia-sarkozy-ny-est-pas-pour-rien","status":"publish","type":"post","link":"https:\/\/www.europesays.com\/fr\/86562\/","title":{"rendered":"Cyril Hanouna : sa fille Bianca, 14 ans, se d\u00e9voile\u2026 et Giulia Sarkozy n\u2019y est pas pour rien"},"content":{"rendered":"<p>Depuis la fermeture officielle de C8 et l&rsquo;arr\u00eat de son \u00e9mission<br \/>\nTouche pas \u00e0 mon poste, <strong>Cyril Hanouna<\/strong><br \/>\nparle de politique et de l&rsquo;actualit\u00e9 m\u00e9diatique dans l&rsquo;\u00e9mission<br \/>\nOn marche sur la t\u00eate, qu&rsquo;il anime sur Europe 1 du lundi<br \/>\nau vendredi, de 16 heures \u00e0 18 heures. Mais ce n&rsquo;est pas tout,<br \/>\nd&rsquo;ici la rentr\u00e9e prochaine, le pr\u00e9sentateur de 50 ans et sa bande<br \/>\nde chroniqueurs s&rsquo;installeront dans les studios de<br \/>\n<strong>W9.<\/strong><\/p>\n<p>Ils vont pr\u00e9senter une nouvelle \u00e9mission, dont le nom est pour<br \/>\nl&rsquo;instant inconnu. Ce n&rsquo;est qu&rsquo;\u00e0 partir du 12 mai prochain que les<br \/>\nt\u00e9l\u00e9spectateurs pourront d\u00e9couvrir de quoi il s&rsquo;agit exactement. En<br \/>\nattendant, <a href=\"https:\/\/www.closermag.fr\/tv_tele_realite\/tpmp-cest-termine-annonce-coup-de-tonnerre-de-cyril-hanouna-3543052\" target=\"_blank\" rel=\"noopener\"><br \/>\nCyril Hanouna<\/a> compte bien profiter de ses vacances d&rsquo;\u00e9t\u00e9,<br \/>\nentour\u00e9 de sa famille.<\/p>\n<p>La fille de Cyril Hanouna est tr\u00e8s proche de Giulia<br \/>\nSarkozy<\/p>\n<p>Aujourd&rsquo;hui, Cyril Hanouna est papa de deux enfants. Son<br \/>\ndernier, <strong>Lino<\/strong>, est \u00e2g\u00e9 de 13 ans tandis que la<br \/>\nplus grande, <strong>Bianca<\/strong>, vient de f\u00eater ses 14 ans. Et<br \/>\ncomme toutes les jeunes filles de son \u00e2ge, l&rsquo;adolescente est aussi<br \/>\ntr\u00e8s active sur les r\u00e9seaux sociaux. Elle a d&rsquo;ailleurs son propre<br \/>\ncompte Tik Tok, <strong>@bianca.hanouna2,<\/strong> o\u00f9 elle<br \/>\npartage des vid\u00e9os d&rsquo;elle.<\/p>\n<p>R\u00e9cemment, Bianca a publi\u00e9 une nouvelle vid\u00e9o, o\u00f9 elle se filme<br \/>\nface cam\u00e9ra, en train de chanter en play-back sur la musique d&rsquo;un<br \/>\nrappeur. Cette derni\u00e8re a \u00e9t\u00e9 largement comment\u00e9e, que ce soit par<br \/>\nses abonn\u00e9s ou ses amis. Parmi eux, il y a d&rsquo;ailleurs une autre<br \/>\nadolescente que l&rsquo;on conna\u00eet tr\u00e8s bien&#8230; Il s&rsquo;agit de<br \/>\n<strong>Giulia<\/strong>, la fille de Nicolas Sarkozy et <a href=\"https:\/\/www.closermag.fr\/people\/nicolas-sarkozy-et-carla-bruni-leur-lieu-de-residence-attaque-dans-le-xvie-arrondissement-3541790\" target=\"_blank\" rel=\"noopener\"><br \/>\nCarla Bruni<\/a>.<\/p>\n<blockquote class=\"tiktok-embed\" cite=\"https:\/\/www.tiktok.com\/@bianca.hanouna2\/video\/7498438862377667862#038;refer=embed&amp;referer_url=www.public.fr%2Fcyril-hanouna-sa-fille-de-14-ans-bianca-fait-sensation-sur-tiktok-sa-copine-giulia-sarkozy-admirative&amp;referer_video_id=7498438862377667862\" data-video-id=\"7498438862377667862\" style=\"max-width: 605px;min-width: 325px;\"><p>\n<a target=\"_blank\" href=\"https:\/\/www.tiktok.com\/@bianca.hanouna2\/video\/7498438862377667862#038;refer=embed&amp;referer_url=www.public.fr%2Fcyril-hanouna-sa-fille-de-14-ans-bianca-fait-sensation-sur-tiktok-sa-copine-giulia-sarkozy-admirative&amp;referer_video_id=7498438862377667862\" rel=\"noopener\"><br \/>\n<img decoding=\"async\" src=\"https:\/\/www.tiktok.com\/img\/logo.png\" alt=\"TikTok Logo\"\/><\/a>\n<\/p><\/blockquote>\n<p>Ces mots affectifs qu&rsquo;elles<br \/>\ns&rsquo;\u00e9changent<\/p>\n<p>Cette derni\u00e8re a \u00e9crit \u00ab\u00a0mon manque enfttt\u00a0\u00bb, ce \u00e0 quoi Bianca a<br \/>\nr\u00e9pondu \u00ab\u00a0Mon amour\u00a0\u00bb. Il semblerait que les deux adolescentes se<br \/>\nsoient li\u00e9es d&rsquo;amiti\u00e9 !<\/p>\n<p>Ce n&rsquo;est d&rsquo;ailleurs pas la premi\u00e8re fois que <a href=\"https:\/\/www.closermag.fr\/people\/giulia-sarkozy-bannie-de-tiktok-carla-bruni-reagit-pour-la-premiere-fois-3539662\" target=\"_blank\" rel=\"noopener\"><br \/>\nGiulia<\/a> commente vid\u00e9os de sa BFF (Best Friend Forever), comme<br \/>\nelle l&rsquo;aime l&rsquo;appeler. Et souvent, la fille de Cyril Hanouna lui<br \/>\nr\u00e9pond \u00e0 son tour \u00ab\u00a0Je t&rsquo;aime toi\u00a0\u00bb. Bianca semble avoir un caract\u00e8re<br \/>\naussi tremp\u00e9 que celui de son p\u00e8re. Sous une vid\u00e9o d&rsquo;elle et son<br \/>\npetit ami, un internaute lui a demand\u00e9 s&rsquo;il \u00e9tait \u00ab\u00a0riche\u00a0\u00bb.<br \/>\n\u00ab\u00a0Millionnaire m\u00eame\u00a0\u00bb, a-t-elle lanc\u00e9.<\/p>\n<p><script async src=\"\/\/www.tiktok.com\/embed.js\"><\/script><\/p>\n","protected":false},"excerpt":{"rendered":"Depuis la fermeture officielle de C8 et l&rsquo;arr\u00eat de son \u00e9mission Touche pas \u00e0 mon poste, Cyril Hanouna&hellip;\n","protected":false},"author":2,"featured_media":86563,"comment_status":"","ping_status":"","sticky":false,"template":"","format":"standard","meta":{"footnotes":""},"categories":[1356],"tags":[548,1083,58,59,1011,27,252,1364],"class_list":{"0":"post-86562","1":"post","2":"type-post","3":"status-publish","4":"format-standard","5":"has-post-thumbnail","7":"category-television","8":"tag-article-simple","9":"tag-cyril-hanouna","10":"tag-divertissement","11":"tag-entertainment","12":"tag-fr","13":"tag-france","14":"tag-television","15":"tag-tv"},"share_on_mastodon":{"url":"https:\/\/pubeurope.com\/@fr\/114477379972925778","error":""},"_links":{"self":[{"href":"https:\/\/www.europesays.com\/fr\/wp-json\/wp\/v2\/posts\/86562","targetHints":{"allow":["GET"]}}],"collection":[{"href":"https:\/\/www.europesays.com\/fr\/wp-json\/wp\/v2\/posts"}],"about":[{"href":"https:\/\/www.europesays.com\/fr\/wp-json\/wp\/v2\/types\/post"}],"author":[{"embeddable":true,"href":"https:\/\/www.europesays.com\/fr\/wp-json\/wp\/v2\/users\/2"}],"replies":[{"embeddable":true,"href":"https:\/\/www.europesays.com\/fr\/wp-json\/wp\/v2\/comments?post=86562"}],"version-history":[{"count":0,"href":"https:\/\/www.europesays.com\/fr\/wp-json\/wp\/v2\/posts\/86562\/revisions"}],"wp:featuredmedia":[{"embeddable":true,"href":"https:\/\/www.europesays.com\/fr\/wp-json\/wp\/v2\/media\/86563"}],"wp:attachment":[{"href":"https:\/\/www.europesays.com\/fr\/wp-json\/wp\/v2\/media?parent=86562"}],"wp:term":[{"taxonomy":"category","embeddable":true,"href":"https:\/\/www.europesays.com\/fr\/wp-json\/wp\/v2\/categories?post=86562"},{"taxonomy":"post_tag","embeddable":true,"href":"https:\/\/www.europesays.com\/fr\/wp-json\/wp\/v2\/tags?post=86562"}],"curies":[{"name":"wp","href":"https:\/\/api.w.org\/{rel}","templated":true}]}}