{"id":86568,"date":"2025-05-09T10:24:09","date_gmt":"2025-05-09T10:24:09","guid":{"rendered":"https:\/\/www.europesays.com\/fr\/86568\/"},"modified":"2025-05-09T10:24:09","modified_gmt":"2025-05-09T10:24:09","slug":"5-erreurs-courantes-aux-toilettes-qui-nuisent-a-votre-sante-selon-les-specialistes","status":"publish","type":"post","link":"https:\/\/www.europesays.com\/fr\/86568\/","title":{"rendered":"5 erreurs courantes aux toilettes qui nuisent \u00e0 votre sant\u00e9, selon les sp\u00e9cialistes"},"content":{"rendered":"<p>Elle est l\u2019une des pi\u00e8ces ma\u00eetresses de la maison. Nous parlons<br \/>\nbien \u00e9videmment des toilettes, cet endroit que certains estiment<br \/>\nid\u00e9al pour faire une introspection. Selon une enqu\u00eate OpinionWay<br \/>\npour la compagnie des D\u00e9boucheurs publi\u00e9e en 2023, les Fran\u00e7ais y<br \/>\npasseraient environ 45 minutes par jour contre une heure pour un<br \/>\nsond\u00e9 sur cinq. Un long moment qui, selon les sp\u00e9cialistes, devrait<br \/>\nen r\u00e9alit\u00e9 \u00eatre ramen\u00e9 \u00e0 dix minutes maximum lorsqu\u2019il s\u2019agit de la<br \/>\ngrosse commission.<\/p>\n<p>Passer trop de temps aux toilettes est n\u00e9faste<\/p>\n<p><strong>Le temps pass\u00e9 sur la cuvette des toilettes<\/strong> est<br \/>\nen effet la premi\u00e8re erreur commise par bon nombre d\u2019entre nous<br \/>\ncomme le rappelle justement le Dr Lai Xue, chirurgien colorectal au<br \/>\nCentre m\u00e9dical Southwestern de Dallas au Texas.<\/p>\n<p>\u00ab\u00a0Lorsque les patients se pr\u00e9sentent \u00e0 moi avec des plaintes,<br \/>\nl\u2019un des principaux domaines sur lesquels nous devons nous pencher<br \/>\nen profondeur est le temps pass\u00e9 aux toilettes\u00a0\u00bb, assure alors<br \/>\nle professionnel de sant\u00e9 aupr\u00e8s de CNN. En r\u00e9alit\u00e9, le fait de<br \/>\nrester assis trop longtemps dans cette position n\u2019est <strong>pas<br \/>\nsans cons\u00e9quence sur la sant\u00e9<\/strong> et expose ainsi \u00e0<br \/>\n<strong>\u00ab\u00a0un risque accru d\u2019h\u00e9morro\u00efdes<\/strong> et<br \/>\nd\u2019affaiblissement des muscles pelviens\u00a0\u00bb. La circulation<br \/>\nsanguine est en effet affect\u00e9e.<\/p>\n<p>Cette petite astuce pour faciliter ce moment intime<\/p>\n<p>Le temps pass\u00e9 sur le tr\u00f4ne n\u2019est pas la seule erreur que les<br \/>\nFran\u00e7ais commettent au quotidien. <strong>La posture<br \/>\nadopt\u00e9e<\/strong> est elle aussi \u00e0 prendre en compte. De toute<br \/>\n\u00e9vidence, la position classique assise n\u2019est pas la meilleure et<br \/>\nest loin d\u2019\u00eatre physiologique. Il est alors judicieux de<br \/>\n<strong>placer ses pieds sur un petit tabouret pour sur\u00e9lever les<br \/>\njambes<\/strong> et donc faciliter l\u2019\u00e9vacuation. Les efforts de<br \/>\npouss\u00e9e seront alors r\u00e9duits.<\/p>\n<p>En parlant de cela justement, les experts indiquent qu\u2019il ne<br \/>\nfaut <strong>pas forcer lors de la d\u00e9f\u00e9cation<\/strong>. Si certains<br \/>\nont tendance \u00e0 pousser de longues minutes pour se sentir plus<br \/>\nl\u00e9gers, cela est en r\u00e9alit\u00e9 contre-productif et <strong>mauvais<br \/>\npour la sant\u00e9<\/strong>. Des dysfonctionnements du p\u00e9rin\u00e9e, des<br \/>\nprolapsus ou encore des fissures anales peuvent ainsi appara\u00eetre.<br \/>\nMieux vaut donc y aller d\u00e8s que l\u2019envie est l\u00e0 et passer moins de<br \/>\ntemps aux toilettes.<\/p>\n<p>Hygi\u00e8ne et toilettes vont de pair<\/p>\n<p>Une <strong>autre chose importante<\/strong> soulign\u00e9e par les<br \/>\nm\u00e9decins est <strong>l\u2019hygi\u00e8ne<\/strong>. S\u2019il n\u2019est \u00e9videmment<br \/>\n<a href=\"https:\/\/www.melty.fr\/people\/michou-lex-delsa-bois-choque-sur-son-manque-dhygiene-une-douche-par-semaine-2228831.html\" target=\"_blank\" rel=\"noopener\"><br \/>\npas bon de la n\u00e9gliger<\/a>, en faire trop se r\u00e9v\u00e8le \u00e9galement<br \/>\nmauvais. Se nettoyer les parties intimes <strong>avec exc\u00e8s peut en<br \/>\neffet cr\u00e9er des d\u00e9g\u00e2ts<\/strong>. Tout comme le fait d\u2019utiliser des<br \/>\nproduits inadapt\u00e9s qui pourraient alors cr\u00e9er un d\u00e9s\u00e9quilibre du pH<br \/>\net augmenter les risques d\u2019infections. Ici, mieux vaut utiliser de<br \/>\nl\u2019eau ti\u00e8de et tamponner doucement au lieu de frotter \u00e0 l\u2019aide du<br \/>\npapier.<\/p>\n<p>Enfin, le fait d\u2019<strong>uriner \u00ab\u00a0par pr\u00e9caution\u00a0\u00bb<\/strong> avant<br \/>\nde sortir est une autre erreur \u00e0 ne pas commettre. Les urologues<br \/>\nindiquent en effet que se forcer \u00e0 uriner peut entra\u00eener une<br \/>\nhyperactivit\u00e9 v\u00e9sicale sur le long terme ainsi qu\u2019une diminution du<br \/>\nsignal de besoin urinaire. Inutile donc d\u2019aller aux toilettes juste<br \/>\npour y aller, mieux vaut privil\u00e9gier ce moment lorsque l\u2019envie se<br \/>\npr\u00e9sente.<\/p>\n","protected":false},"excerpt":{"rendered":"Elle est l\u2019une des pi\u00e8ces ma\u00eetresses de la maison. Nous parlons bien \u00e9videmment des toilettes, cet endroit que&hellip;\n","protected":false},"author":2,"featured_media":86569,"comment_status":"","ping_status":"","sticky":false,"template":"","format":"standard","meta":{"footnotes":""},"categories":[10],"tags":[905,1011,27,72,71],"class_list":{"0":"post-86568","1":"post","2":"type-post","3":"status-publish","4":"format-standard","5":"has-post-thumbnail","7":"category-sante","8":"tag-a-la-une-melty","9":"tag-fr","10":"tag-france","11":"tag-health","12":"tag-sante"},"share_on_mastodon":{"url":"https:\/\/pubeurope.com\/@fr\/114477391138212658","error":""},"_links":{"self":[{"href":"https:\/\/www.europesays.com\/fr\/wp-json\/wp\/v2\/posts\/86568","targetHints":{"allow":["GET"]}}],"collection":[{"href":"https:\/\/www.europesays.com\/fr\/wp-json\/wp\/v2\/posts"}],"about":[{"href":"https:\/\/www.europesays.com\/fr\/wp-json\/wp\/v2\/types\/post"}],"author":[{"embeddable":true,"href":"https:\/\/www.europesays.com\/fr\/wp-json\/wp\/v2\/users\/2"}],"replies":[{"embeddable":true,"href":"https:\/\/www.europesays.com\/fr\/wp-json\/wp\/v2\/comments?post=86568"}],"version-history":[{"count":0,"href":"https:\/\/www.europesays.com\/fr\/wp-json\/wp\/v2\/posts\/86568\/revisions"}],"wp:featuredmedia":[{"embeddable":true,"href":"https:\/\/www.europesays.com\/fr\/wp-json\/wp\/v2\/media\/86569"}],"wp:attachment":[{"href":"https:\/\/www.europesays.com\/fr\/wp-json\/wp\/v2\/media?parent=86568"}],"wp:term":[{"taxonomy":"category","embeddable":true,"href":"https:\/\/www.europesays.com\/fr\/wp-json\/wp\/v2\/categories?post=86568"},{"taxonomy":"post_tag","embeddable":true,"href":"https:\/\/www.europesays.com\/fr\/wp-json\/wp\/v2\/tags?post=86568"}],"curies":[{"name":"wp","href":"https:\/\/api.w.org\/{rel}","templated":true}]}}