{"id":86583,"date":"2025-05-09T10:32:17","date_gmt":"2025-05-09T10:32:17","guid":{"rendered":"https:\/\/www.europesays.com\/fr\/86583\/"},"modified":"2025-05-09T10:32:17","modified_gmt":"2025-05-09T10:32:17","slug":"nos-idees-sorties-du-week-end-des-16-17-et-18-mai-2025-dans-la-loire","status":"publish","type":"post","link":"https:\/\/www.europesays.com\/fr\/86583\/","title":{"rendered":"Nos id\u00e9es sorties du week-end des 16, 17 et 18 mai 2025 dans la Loire"},"content":{"rendered":"<p class=\"is-style-chapo\">Voici la s\u00e9lection de la r\u00e9daction de If Saint-Etienne pour se divertir et s\u2019amuser dans la Loire le week-end prochain, soit les 16, 17 et 18 mai mai. Une liste d\u2019\u00e9v\u00e9nements, s\u00e9lectionn\u00e9s de mani\u00e8re ind\u00e9pendante et, bien entendu, non-exhaustive.<\/p>\n<p><img loading=\"lazy\" decoding=\"async\" width=\"1024\" height=\"576\" src=\"https:\/\/www.europesays.com\/fr\/wp-content\/uploads\/2025\/05\/design-if-1024x576.png\" alt=\"\" class=\"wp-image-31246\"  \/>La B\u00e2tie d\u2019Urf\u00e9 \u00a9 D\u00e9partement de la Loire<\/p>\n<p>1 \u2013 Nuit au mus\u00e9e<\/p>\n<p>A l\u2019occasion de la 21\u00e8me \u00e9dition d la <a href=\"https:\/\/www.loire.fr\/jcms\/lw_1464950\/fr\/nuit-europeenne-des-musees#:~:text=La%20nuit%20des%20mus%C3%A9es%20est,D%C3%A9couvrez%20le%20programme%20!\" target=\"_blank\" rel=\"noreferrer noopener\">Nuit europ\u00e9enne des mus\u00e9es<\/a>, la <a href=\"https:\/\/www.if-saint-etienne.fr\/breves\/le-contre-la-montre-du-criterium-du-dauphine-arrivera-a-la-batie-durfe-en-juin\" target=\"_blank\" rel=\"noreferrer noopener\">B\u00e2tie d\u2019Urf\u00e9<\/a> ouvrira exceptionnellement ses portes samedi d\u00e8s 20h. Entre art et musique, les visiteurs pourront d\u00e9ambuler librement dans les espaces du ch\u00e2teau, assister \u00e0 une visite th\u00e9matique autour d\u2019Honor\u00e9 d\u2019Urf\u00e9 et d\u00e9couvrir une interpr\u00e9tation musicale inspir\u00e9e de L\u2019Astr\u00e9e.<\/p>\n<p>2 \u2013 Au vert<\/p>\n<p>Samedi, de 9h \u00e0 12h, puis de 13h \u00e0 17h, le <a href=\"https:\/\/www.campus-montravel.fr\/\" target=\"_blank\" rel=\"noreferrer noopener\">Campus Montravel<\/a> \u00e0 Villars ouvre ses serres au public, pour qu\u2019il d\u00e9couvre les coulisses des jardins ainsi que les m\u00e9tiers de l\u2019horticulture. Au programme, visites des serres, vente exceptionnelle de plantes, ateliers pratiques de rempotage, ou encore expo photo, dessin et peinture. L\u2019\u00e9v\u00e9nement est gratuit et ouvert \u00e0 tous.<\/p>\n<p>3 \u2013 L\u2019occasion<\/p>\n<p>Samedi 17 mai, de 12h \u00e0 22h, le collectif st\u00e9phanois <a href=\"https:\/\/www.instagram.com\/la_charbonnerie\/\" target=\"_blank\" rel=\"noreferrer noopener\">La Charbonnerie<\/a> organise la 3\u00e8me \u00e9dition de La Charb\u2019old school. Au programme, de la fripe propos\u00e9e par <a href=\"https:\/\/www.if-saint-etienne.fr\/economie\/commerces-services\/seconde-main-les-stephanois-sauteront-bientot-sur-loccasion-rue-des-creuses\" target=\"_blank\" rel=\"noreferrer noopener\">L\u00e0 tu sap\u2019<\/a> et Modestie, ainsi que les cr\u00e9ations originales de Marine Delcroix et Uakira Planet, ou encore un stand vinyls seconde main tous styles confondus tenu par la Charbonnerie. Sur place, musique, food truck, le tout au jardin F\u00e9lix Thiollier, \u00e0 Saint-Etienne.<\/p>\n<p>4 \u2013 Printanier<\/p>\n<p>Samedi et dimanche, de 9h \u00e0 19h, la ville de <a href=\"https:\/\/www.riorges.fr\/culture-sport-loisirs\/animations\/la-fete-des-fleurs-et-des-produits-du-terroir#:~:text=Organis%C3%A9e%20conjointement%20par%20la%20Ville,17%20et%2018%20mai%202025.\" target=\"_blank\" rel=\"noreferrer noopener\">Riorges<\/a> organise la 38\u00e8me \u00e9dition de La F\u00eate des Fleurs et des produits du terroir, au parc Beaulieu. A chaque \u00e9dition, une centaine d\u2019exposants est au rendez-vous pour pr\u00e9senter aux publics diff\u00e9rents produits\u00a0: plantes, fleurs, arbustes, fromages, charcuterie, miel, etc.<\/p>\n<p>5 \u2013 A pied\u00a0!<\/p>\n<p>Vendredi et samedi, embarquez pour une randonn\u00e9e artistique sur le chemin de Compostelle (GR\u00ae65) depuis Saint-Sauveur-en-Rue jusqu\u2019\u00e0 Saint-Julien-Molin-Molette. Marche, inauguration d\u2019\u0153uvres, karaok\u00e9, petit-d\u00e9jeuner avec les vaches, projet d\u2019\u0153uvre d\u2019art, jeux, \u2026 un programme sur deux jours qui m\u00eale nature et culture.<\/p>\n<p>6 \u2013 En jeux<\/p>\n<p>Dimanche, la Ville d\u2019Andr\u00e9zieux-Bouth\u00e9on organise la 13\u00e8me \u00e9dition de Couleur Nature, afin de sensibiliser sur les enjeux li\u00e9s \u00e0 l\u2019environnement. Au programme, de 10h \u00e0 19h, dans le parc du <a href=\"https:\/\/www.if-saint-etienne.fr\/culture-loisirs\/decouvrez-les-chateaux-de-la-loire-dans-la-loire-1-2\" target=\"_blank\" rel=\"noreferrer noopener\">ch\u00e2teau<\/a>, des stands d\u2019information, des ateliers, des animations pour tous, ainsi qu\u2019un march\u00e9 de producteurs et artisans locaux engag\u00e9s.<\/p>\n<p>\t\t\t<script async src=\"\/\/www.instagram.com\/embed.js\"><\/script><\/p>\n","protected":false},"excerpt":{"rendered":"Voici la s\u00e9lection de la r\u00e9daction de If Saint-Etienne pour se divertir et s\u2019amuser dans la Loire le&hellip;\n","protected":false},"author":2,"featured_media":86584,"comment_status":"","ping_status":"","sticky":false,"template":"","format":"standard","meta":{"footnotes":""},"categories":[9653],"tags":[14428,1111,11,2430,1777,674,1011,27,14429,19654,12,14430,25,4001,1669],"class_list":{"0":"post-86583","1":"post","2":"type-post","3":"status-publish","4":"format-standard","5":"has-post-thumbnail","7":"category-saint-etienne","8":"tag-activites-week-end-loire","9":"tag-actu","10":"tag-actualites","11":"tag-auvergne-rhone-alpes","12":"tag-eu","13":"tag-europe","14":"tag-fr","15":"tag-france","16":"tag-idees-sorties-loire","17":"tag-loisir-a-saint-etienne","18":"tag-news","19":"tag-recreatif","20":"tag-republique-francaise","21":"tag-saint-etienne","22":"tag-sorties"},"share_on_mastodon":{"url":"https:\/\/pubeurope.com\/@fr\/114477422804217538","error":""},"_links":{"self":[{"href":"https:\/\/www.europesays.com\/fr\/wp-json\/wp\/v2\/posts\/86583","targetHints":{"allow":["GET"]}}],"collection":[{"href":"https:\/\/www.europesays.com\/fr\/wp-json\/wp\/v2\/posts"}],"about":[{"href":"https:\/\/www.europesays.com\/fr\/wp-json\/wp\/v2\/types\/post"}],"author":[{"embeddable":true,"href":"https:\/\/www.europesays.com\/fr\/wp-json\/wp\/v2\/users\/2"}],"replies":[{"embeddable":true,"href":"https:\/\/www.europesays.com\/fr\/wp-json\/wp\/v2\/comments?post=86583"}],"version-history":[{"count":0,"href":"https:\/\/www.europesays.com\/fr\/wp-json\/wp\/v2\/posts\/86583\/revisions"}],"wp:featuredmedia":[{"embeddable":true,"href":"https:\/\/www.europesays.com\/fr\/wp-json\/wp\/v2\/media\/86584"}],"wp:attachment":[{"href":"https:\/\/www.europesays.com\/fr\/wp-json\/wp\/v2\/media?parent=86583"}],"wp:term":[{"taxonomy":"category","embeddable":true,"href":"https:\/\/www.europesays.com\/fr\/wp-json\/wp\/v2\/categories?post=86583"},{"taxonomy":"post_tag","embeddable":true,"href":"https:\/\/www.europesays.com\/fr\/wp-json\/wp\/v2\/tags?post=86583"}],"curies":[{"name":"wp","href":"https:\/\/api.w.org\/{rel}","templated":true}]}}