{"id":86599,"date":"2025-05-09T10:42:11","date_gmt":"2025-05-09T10:42:11","guid":{"rendered":"https:\/\/www.europesays.com\/fr\/86599\/"},"modified":"2025-05-09T10:42:11","modified_gmt":"2025-05-09T10:42:11","slug":"evenement-paul-watson-sera-le-17-mai-a-grenoble-pour-la-biennale-des-villes-en-transition","status":"publish","type":"post","link":"https:\/\/www.europesays.com\/fr\/86599\/","title":{"rendered":"Ev\u00e9nement. Paul Watson sera le 17\u00a0mai \u00e0 Grenoble pour la Biennale des villes en transition\u00a0"},"content":{"rendered":"<p>Ce samedi 17\u00a0mai 2025, la <a href=\"https:\/\/www.ledauphine.com\/culture-loisirs\/2025\/04\/19\/isere-grenoble-tout-ce-que-nous-reserve-la-prochaine-biennale-des-villes-en-transition\" rel=\"nofollow noopener\" target=\"_blank\">Biennale des Villes en Transition<\/a> accueillera une figure embl\u00e9matique de la d\u00e9fense des oc\u00e9ans\u00a0: <a href=\"https:\/\/www.ledauphine.com\/p\/paul-watson\" target=\"_blank\" rel=\"nofollow noopener\">Paul Watson<\/a>, fondateur de Sea Shepherd. Aux c\u00f4t\u00e9s de Lamya Essemlali, pr\u00e9sidente de Sea Shepherd France, il participera \u00e0 une conf\u00e9rence intitul\u00e9e \u00ab\u00a0Et si notre assiette pouvait changer le monde et sauver les oc\u00e9ans\u00a0?\u00a0\u00bb Organis\u00e9e avec l\u2019Association V\u00e9g\u00e9tarienne de France, celle-ci se tiendra de 12h \u00e0 13h30 au <a href=\"https:\/\/www.ledauphine.com\/p\/palais-des-sports-de-grenoble\" target=\"_blank\" rel=\"nofollow noopener\">Palais des Sports de Grenoble<\/a>.<\/p>\n<p>Cette conf\u00e9rence marquera le retour de Paul Watson dans la Capitale des Alpes, o\u00f9 il s\u2019\u00e9tait d\u00e9j\u00e0 exprim\u00e9 d\u00e9but f\u00e9vrier dans le <a href=\"https:\/\/www.ledauphine.com\/d\/tech-fest-2025-le-sens-de-la-tech-53d2b62c-bad8-45f2-9554-e3c3ab84dba8\" rel=\"nofollow noopener\" target=\"_blank\">cadre du festival Tech &amp; Fest<\/a>. Interview\u00e9 par Hugo Travers (HugoD\u00e9crypte), il avait partag\u00e9 son engagement pour la cause \u00e9cologique, et salu\u00e9 le soutien re\u00e7u en France pendant sa d\u00e9tention au Groenland. <a href=\"https:\/\/www.ledauphine.com\/economie\/2025\/02\/06\/paul-watson-face-a-hugo-travers-(hugodecrypte)-il-faut-rendre-l-impossible-possible\" rel=\"nofollow noopener\" target=\"_blank\"> \u00ab\u00a0Il faut rendre l\u2019impossible possible\u00a0\u00bb<\/a> , avait-il alors lanc\u00e9 \u00e0 la jeunesse grenobloise.<\/p>\n<p>La conf\u00e9rence \u00ab\u00a0Et si notre assiette pouvait changer le monde et sauver les oc\u00e9ans\u00a0?\u00a0\u00bb s\u2019inscrit dans le cadre de <a href=\"https:\/\/www.grenoble.fr\/925-17-mai-2025-journee-de-cloture.htm\" rel=\"nofollow noopener\" target=\"_blank\">la journ\u00e9e de cl\u00f4ture de la Biennale<\/a> , qui propose une multitude d\u2019activit\u00e9s autour des transitions \u00e9cologiques et sociales.<\/p>\n<p>La conf\u00e9rence est gratuite et ouverte \u00e0 toutes et tous, dans la limite des places disponibles.<\/p>\n","protected":false},"excerpt":{"rendered":"Ce samedi 17\u00a0mai 2025, la Biennale des Villes en Transition accueillera une figure embl\u00e9matique de la d\u00e9fense des&hellip;\n","protected":false},"author":2,"featured_media":86600,"comment_status":"","ping_status":"","sticky":false,"template":"","format":"standard","meta":{"footnotes":""},"categories":[9566],"tags":[1111,11,2430,1687,112,113,114,436,1777,674,107,1011,27,2731,2732,108,8423,12,25],"class_list":{"0":"post-86599","1":"post","2":"type-post","3":"status-publish","4":"format-standard","5":"has-post-thumbnail","7":"category-grenoble","8":"tag-actu","9":"tag-actualites","10":"tag-auvergne-rhone-alpes","11":"tag-culture-loisirs","12":"tag-edition-grenoble-agglomeration","13":"tag-edition-gresivaudan-oisans","14":"tag-edition-voiron-saint-marcellin","15":"tag-environnement","16":"tag-eu","17":"tag-europe","18":"tag-fil-info","19":"tag-fr","20":"tag-france","21":"tag-grenoble","22":"tag-grenoble-bassin","23":"tag-isere","24":"tag-meteorologie-climat","25":"tag-news","26":"tag-republique-francaise"},"share_on_mastodon":{"url":"https:\/\/pubeurope.com\/@fr\/114477461872491889","error":""},"_links":{"self":[{"href":"https:\/\/www.europesays.com\/fr\/wp-json\/wp\/v2\/posts\/86599","targetHints":{"allow":["GET"]}}],"collection":[{"href":"https:\/\/www.europesays.com\/fr\/wp-json\/wp\/v2\/posts"}],"about":[{"href":"https:\/\/www.europesays.com\/fr\/wp-json\/wp\/v2\/types\/post"}],"author":[{"embeddable":true,"href":"https:\/\/www.europesays.com\/fr\/wp-json\/wp\/v2\/users\/2"}],"replies":[{"embeddable":true,"href":"https:\/\/www.europesays.com\/fr\/wp-json\/wp\/v2\/comments?post=86599"}],"version-history":[{"count":0,"href":"https:\/\/www.europesays.com\/fr\/wp-json\/wp\/v2\/posts\/86599\/revisions"}],"wp:featuredmedia":[{"embeddable":true,"href":"https:\/\/www.europesays.com\/fr\/wp-json\/wp\/v2\/media\/86600"}],"wp:attachment":[{"href":"https:\/\/www.europesays.com\/fr\/wp-json\/wp\/v2\/media?parent=86599"}],"wp:term":[{"taxonomy":"category","embeddable":true,"href":"https:\/\/www.europesays.com\/fr\/wp-json\/wp\/v2\/categories?post=86599"},{"taxonomy":"post_tag","embeddable":true,"href":"https:\/\/www.europesays.com\/fr\/wp-json\/wp\/v2\/tags?post=86599"}],"curies":[{"name":"wp","href":"https:\/\/api.w.org\/{rel}","templated":true}]}}