{"id":866022,"date":"2026-04-13T10:19:27","date_gmt":"2026-04-13T10:19:27","guid":{"rendered":"https:\/\/www.europesays.com\/fr\/866022\/"},"modified":"2026-04-13T10:19:27","modified_gmt":"2026-04-13T10:19:27","slug":"sanchez-presse-la-chine-de-corriger-le-desequilibre-commercial-intenable-avec-lue","status":"publish","type":"post","link":"https:\/\/www.europesays.com\/fr\/866022\/","title":{"rendered":"Sanchez presse la Chine de corriger le d\u00e9s\u00e9quilibre commercial \u00ab\u00a0intenable\u00a0\u00bb avec l&rsquo;UE"},"content":{"rendered":"<p>    <img fetchpriority=\"high\" decoding=\"async\" src=\"https:\/\/www.europesays.com\/fr\/wp-content\/uploads\/2026\/04\/beec2919aa69db3728575ea8a4a18d16.jpeg\" alt=\"Le Premier ministre espagnol Pedro Sanchez prononce un discours \u00e0 l'universit\u00e9 Tsinghua de P\u00e9kin, le 13 avril 2026 (ANDRES MARTINEZ CASARES)\" loading=\"eager\" height=\"512\" width=\"768\" class=\"yf-lglytj  loaded\"\/> Le Premier ministre espagnol Pedro Sanchez prononce un discours \u00e0 l&rsquo;universit\u00e9 Tsinghua de P\u00e9kin, le 13 avril 2026 (ANDRES MARTINEZ CASARES)  \u00b7 ANDRES MARTINEZ CASARES\/POOL\/AFP    <\/p>\n<p class=\"yf-1fy9kyt\">Le Premier ministre espagnol Pedro S\u00e1nchez a press\u00e9 lundi la Chine de corriger le d\u00e9s\u00e9quilibre commercial \u00ab\u00a0intenable\u00a0\u00bb avec l&rsquo;Union europ\u00e9enne en la mettant en garde de ne pas favoriser les \u00ab\u00a0souffrances sociales\u00a0\u00bb et les pouss\u00e9es \u00ab\u00a0isolationnistes\u00a0\u00bb en Europe.<\/p>\n<p class=\"yf-1fy9kyt\">Il a appel\u00e9 la Chine \u00e0 s&rsquo;ouvrir davantage au commerce europ\u00e9en dans un discours prononc\u00e9 \u00e0 l&rsquo;universit\u00e9 Tsinghua.<\/p>\n<p class=\"yf-1fy9kyt\">\u00ab\u00a0L&rsquo;Union europ\u00e9enne fait sa part (&#8230;) Nous avons besoin que la Chine fasse de m\u00eame. Qu&rsquo;elle s&rsquo;ouvre pour que l&rsquo;Europe n&rsquo;ait pas \u00e0 se replier sur elle-m\u00eame\u00a0\u00bb, a-t-il dit.<\/p>\n<p class=\"yf-1fy9kyt\">L&rsquo;UE a besoin que la Chine \u00ab\u00a0nous aide \u00e0 corriger le d\u00e9ficit commercial que nous avons avec elle, un d\u00e9ficit non \u00e9quilibr\u00e9, qui a encore augment\u00e9 de 18% l&rsquo;an dernier, et qui est intenable pour nos soci\u00e9t\u00e9s \u00e0 moyen et long terme\u00a0\u00bb, a-t-il d\u00e9clar\u00e9.<\/p>\n<p class=\"yf-1fy9kyt\">Le d\u00e9ficit commercial avec la Chine repr\u00e9sente 74% du d\u00e9ficit total de l&rsquo;Espagne, a-t-il illustr\u00e9.<\/p>\n<p class=\"yf-1fy9kyt\">\u00ab\u00a0Cette situation est intenable en raison des mouvements isolationnistes qu&rsquo;elle nourrit et des ressentiments et des souffrances sociales qu&rsquo;elle engendre\u00a0\u00bb, a-t-il rench\u00e9ri.<\/p>\n<p class=\"yf-1fy9kyt\">M. Sanchez entamait \u00e0 l&rsquo;universit\u00e9 Tsinghua le programme officiel de sa visite de trois jours en Chine, sa quatri\u00e8me dans le pays en quatre ans.<\/p>\n<p class=\"yf-1fy9kyt\">Le dirigeant socialiste, en fonction depuis 2018, est le dernier leader occidental \u00e0 effectuer le d\u00e9placement ces derniers mois avec l&rsquo;intention de renforcer les relations avec la Chine face aux incertitudes g\u00e9n\u00e9r\u00e9es par les agissements des \u00c9tats-Unis.<\/p>\n<p class=\"yf-1fy9kyt\">&#8211; Plaidoyer &#8211;<\/p>\n<p class=\"yf-1fy9kyt\">Le pr\u00e9sident am\u00e9ricain Donald Trump a menac\u00e9 le mois dernier de mettre fin \u00e0 ses \u00e9changes commerciaux avec l&rsquo;Espagne quand Madrid a refus\u00e9 l&rsquo;utilisation de ses bases militaires pour des frappes am\u00e9ricaines contre l&rsquo;Iran.\u00a0M. Trump est attendu en Chine mi-mai.<\/p>\n<p class=\"yf-1fy9kyt\">Pedro Sanchez cherche \u00e0 faire de l&rsquo;Espagne un m\u00e9diateur entre P\u00e9kin et l&rsquo;Union europ\u00e9enne. Il doit rencontrer mardi le pr\u00e9sident chinois Xi Jinping.<\/p>\n<p class=\"yf-1fy9kyt\">Les Europ\u00e9ens s&rsquo;alarment de l&rsquo;ampleur du d\u00e9ficit commercial en leur d\u00e9faveur. Ils s&rsquo;inqui\u00e8tent de voir la Chine d\u00e9verser en Europe ses exc\u00e9dents de production \u00e0 bas co\u00fbt. Ils d\u00e9noncent aussi de longue date les obstacles mis pour acc\u00e9der au march\u00e9 chinois.<\/p>\n<p class=\"yf-1fy9kyt\">M. Sanchez s&rsquo;est livr\u00e9 lundi \u00e0 un plaidoyer en faveur de l&rsquo;Europe. Il a appel\u00e9 la Chine \u00e0 ne pas minimiser le poids de l&rsquo;UE, premier bloc commercial mondial, deuxi\u00e8me \u00e9conomie de la plan\u00e8te et premier b\u00e9n\u00e9ficiaire au monde des investissements directs \u00e9trangers, a-t-il soulign\u00e9.<\/p>\n<p class=\"yf-1fy9kyt\">Il a aussi employ\u00e9 un langage auquel il savait les Chinois attentifs en d\u00e9crivant l&rsquo;Europe comme un acteur de \u00ab\u00a0stabilit\u00e9\u00a0\u00bb globale dans un monde troubl\u00e9 et en pr\u00e9conisant un multilat\u00e9ralisme renforc\u00e9 et une r\u00e9forme de l&rsquo;ONU.<\/p>\n<p class=\"yf-1fy9kyt\">Il a estim\u00e9 que \u00ab\u00a0la Chine peut en faire plus\u00a0\u00bb en mati\u00e8re d&rsquo;engagement face aux multiples crises internationales, \u00ab\u00a0par exemple en r\u00e9clamant, comme elle le fait actuellement, que le droit international soit respect\u00e9 et que les conflits cessent, au Liban, en Iran, \u00e0 Gaza, en Cisjordanie, et aussi en Ukraine\u00a0\u00bb.<\/p>\n<p class=\"yf-1fy9kyt\">&#8211; Une Espagne \u00ab\u00a0amicale\u00a0\u00bb &#8211;<\/p>\n<p class=\"yf-1fy9kyt\">Les Europ\u00e9ens sont frustr\u00e9s de ne pas voir la Chine user davantage de ses relations avec la Russie pour que cette derni\u00e8re arr\u00eate la guerre en Ukraine, \u00e0 leurs portes.<\/p>\n<p class=\"yf-1fy9kyt\">Pour Madrid, l&rsquo;un des principaux objectifs du voyage est d&rsquo;obtenir un meilleur acc\u00e8s au march\u00e9 chinois, en particulier pour les produits agricoles et industriels, et d&rsquo;envisager des contrats communs dans le secteur technologique, rapportent \u00e0 l&rsquo;AFP des sources gouvernementales espagnoles.<\/p>\n<p class=\"yf-1fy9kyt\">Pedro S\u00e1nchez devrait \u00e9galement profiter de sa visite pour attirer de nouveaux investisseurs vers la quatri\u00e8me \u00e9conomie de la zone euro et obtenir un meilleur acc\u00e8s aux mati\u00e8res premi\u00e8res chinoises, tr\u00e8s recherch\u00e9es.<\/p>\n<p class=\"yf-1fy9kyt\">L&rsquo;Espagne a enregistr\u00e9 en 2025 un d\u00e9ficit commercial de 42,3 milliards d&rsquo;euros avec la Chine.<\/p>\n<p class=\"yf-1fy9kyt\">L&rsquo;Espagne pla\u00eet aux investisseurs chinois, notamment parce que son \u00e9conomie affiche l&rsquo;un des taux de croissance les plus \u00e9lev\u00e9s d&rsquo;Europe et que les co\u00fbts de l&rsquo;\u00e9nergie y restent relativement bas, explique Claudio Feijoo, sp\u00e9cialiste de la Chine \u00e0 l&rsquo;Universit\u00e9 technique de Madrid (UPM).<\/p>\n<p class=\"yf-1fy9kyt\">\u00ab\u00a0La Chine per\u00e7oit l&rsquo;Espagne comme relativement amicale, moins conflictuelle \u00e0 son \u00e9gard que d&rsquo;autres pays, et vraisemblablement plus ind\u00e9pendante de Washington. Cela permet une prise de d\u00e9cision plus autonome\u00a0\u00bb, c&rsquo;est-\u00e0-dire l\u00e9g\u00e8rement en marge des accords europ\u00e9ens, dit-il \u00e0 l&rsquo;AFP.<\/p>\n<p class=\"yf-1fy9kyt\">bur-lal\/lrb<\/p>\n","protected":false},"excerpt":{"rendered":"Le Premier ministre espagnol Pedro Sanchez prononce un discours \u00e0 l&rsquo;universit\u00e9 Tsinghua de P\u00e9kin, le 13 avril 2026&hellip;\n","protected":false},"author":2,"featured_media":866023,"comment_status":"","ping_status":"","sticky":false,"template":"","format":"standard","meta":{"footnotes":"","_share_on_mastodon":"0"},"categories":[1586],"tags":[11,309,24493,1777,674,1779,1011,27,70039,16173,12,122,93528,25,93529,1778,364],"class_list":["post-866022","post","type-post","status-publish","format-standard","has-post-thumbnail","category-europe","tag-actualites","tag-chine","tag-deficit-commercial","tag-eu","tag-europe","tag-european-union","tag-fr","tag-france","tag-l39union-europeenne","tag-la-chine","tag-news","tag-pedro-sanchez","tag-premier-ministre-espagnol","tag-republique-francaise","tag-tsinghua","tag-ue","tag-union-europeenne"],"share_on_mastodon":{"url":"https:\/\/pubeurope.com\/@fr\/116396894929413215","error":""},"_links":{"self":[{"href":"https:\/\/www.europesays.com\/fr\/wp-json\/wp\/v2\/posts\/866022","targetHints":{"allow":["GET"]}}],"collection":[{"href":"https:\/\/www.europesays.com\/fr\/wp-json\/wp\/v2\/posts"}],"about":[{"href":"https:\/\/www.europesays.com\/fr\/wp-json\/wp\/v2\/types\/post"}],"author":[{"embeddable":true,"href":"https:\/\/www.europesays.com\/fr\/wp-json\/wp\/v2\/users\/2"}],"replies":[{"embeddable":true,"href":"https:\/\/www.europesays.com\/fr\/wp-json\/wp\/v2\/comments?post=866022"}],"version-history":[{"count":0,"href":"https:\/\/www.europesays.com\/fr\/wp-json\/wp\/v2\/posts\/866022\/revisions"}],"wp:featuredmedia":[{"embeddable":true,"href":"https:\/\/www.europesays.com\/fr\/wp-json\/wp\/v2\/media\/866023"}],"wp:attachment":[{"href":"https:\/\/www.europesays.com\/fr\/wp-json\/wp\/v2\/media?parent=866022"}],"wp:term":[{"taxonomy":"category","embeddable":true,"href":"https:\/\/www.europesays.com\/fr\/wp-json\/wp\/v2\/categories?post=866022"},{"taxonomy":"post_tag","embeddable":true,"href":"https:\/\/www.europesays.com\/fr\/wp-json\/wp\/v2\/tags?post=866022"}],"curies":[{"name":"wp","href":"https:\/\/api.w.org\/{rel}","templated":true}]}}