{"id":86605,"date":"2025-05-09T10:45:16","date_gmt":"2025-05-09T10:45:16","guid":{"rendered":"https:\/\/www.europesays.com\/fr\/86605\/"},"modified":"2025-05-09T10:45:16","modified_gmt":"2025-05-09T10:45:16","slug":"que-connait-on-vraiment-des-fleurs-une-exposition-a-ne-pas-manquer-a-rennes","status":"publish","type":"post","link":"https:\/\/www.europesays.com\/fr\/86605\/","title":{"rendered":"Que conna\u00eet-on vraiment des fleurs\u00a0? Une exposition \u00e0 ne pas manquer \u00e0 Rennes"},"content":{"rendered":"<p>Qui sont-elles ces fleurs\u00a0? Avant tout des d\u00e9couvertes botaniques et scientifiques que Pierre-Joseph Redout\u00e9 (1759-1840) a esquiss\u00e9es d\u2019un coup de crayon pr\u00e9cis, nous rappelant ce lien qui unit l\u2019art et la science. Ses planches botaniques nous permettent, aujourd\u2019hui encore, de comprendre les fleurs et leurs saisonnalit\u00e9s. \u00c9mile Gall\u00e9 (1846-1904) et ses d\u00e9cors horticoles Art nouveau, avait lui aussi une formation de scientifique. Il \u00e9tudiait les fleurs dans les d\u00e9tails pour mieux nous r\u00e9galer l\u2019\u0153il.<\/p>\n<p>\t<img decoding=\"async\" src=\"https:\/\/www.europesays.com\/fr\/wp-content\/uploads\/2025\/05\/P35217494D6799720G_px_640_.jpg\" alt=\"photo planche p\u00e9dagogique repr\u00e9sentant un fraisier, milieu du xxe\u00a0si\u00e8cle. collection \u00e9comus\u00e9e de la bintinais.  \u00a9  mus\u00e9e de bretagne\" width=\"640\" title=\" Planche p\u00e9dagogique repr\u00e9sentant un fraisier, milieu du XXe\u00a0si\u00e8cle. Collection \u00c9comus\u00e9e de la Bintinais.   Mus\u00e9e de Bretagne \"\/><\/p>\n<p class=\"elmt-legende\"> Planche p\u00e9dagogique repr\u00e9sentant un fraisier, milieu du XXe\u00a0si\u00e8cle. Collection \u00c9comus\u00e9e de la Bintinais.   Mus\u00e9e de Bretagne <\/p>\n<p>C\u2019est donc par la voie de la science et de la botanique que <a href=\"https:\/\/rennes.maville.com\/actu\/actudet_-regarder-les-fleurs-au-dela-des-apparences-une-exposition-a-l-ecomusee-de-la-bintinais-de-rennes-_52674-6593611_actu.Htm\" target=\"_blank\" rel=\"noopener\">l\u2019exposition<\/a>  <a href=\"https:\/\/rennes.maville.com\/actu\/actudet_-regarder-les-fleurs-au-dela-des-apparences-une-exposition-a-l-ecomusee-de-la-bintinais-de-rennes-_52674-6593611_actu.Htm\" target=\"_blank\" rel=\"noopener\">\u00a0Fleurs, au-del\u00e0 des apparences,<\/a>  pr\u00e9sent\u00e9e \u00e0 l\u2019\u00c9comus\u00e9e de la Bintinais \u00e0 Rennes, aborde la fleur. Elle sort ensuite de sa rigueur scientifique et devient symbolique de la condition f\u00e9minine, de sa vertu essentiellement, avec les \u00e9lections des rosi\u00e8res. La puret\u00e9 du blanc devient aussi le symbole de l\u2019union. Comme au travers des fleurs d\u2019oranger en cire que la cr\u00e9atrice Ma\u00eblenn M\u00e9zac a su d\u00e9poussi\u00e9rer des globes de mari\u00e9s du XIXe\u00a0si\u00e8cle. <strong>\u00ab\u00a0Les fleurs lors des mariages, puis des deuils, \u00e9voquent \u00e0 ce stade la condition humaine \u00e9ph\u00e9m\u00e8re et la fragilit\u00e9 de la vie\u00a0\u00bb,<\/strong> pr\u00e9cise Sarah Hatziraptis, commissaire de l\u2019exposition.<\/p>\n<p>Redonner du sens \u00e0 nos bouquets<\/p>\n<p>La derni\u00e8re partie de l\u2019exposition aborde la production horticole. Redonner sens \u00e0 la fleur, comme source originale de production de fruits et de l\u00e9gumes, car c\u2019est son r\u00f4le avant d\u2019\u00eatre belle.<strong> \u00ab\u00a0Mais il faut se souvenir du XVIIe\u00a0si\u00e8cle, quand les bulbes de tulipes \u00e9taient vendus \u00e0 prix d\u2019or. La tulipomanie a fait envoler les prix au point de cr\u00e9er un premier krach boursier aux Pays-Bas\u00a0!\u00a0\u00bb<\/strong> Le d\u00e9raisonnable est toujours de mise aujourd\u2019hui quand il est l\u2019heure de la commerciale Saint-Valentin. Que penser du fait de faire faire 10\u00a0000\u00a0km \u00e0 des roses, fleurs d\u2019\u00e9t\u00e9, au c\u0153ur de l\u2019hiver\u00a0? Le t\u00e9moignage de trois floricultrices qui produisent en local redonne du bon sens \u00e0 nos bouquets, plus pr\u00e8s, plus frais, plus durable, pour que les fleurs soient toujours dans notre quotidien.<\/p>\n<p><strong>\u00ab\u00a0\u00c0 l\u2019\u00e9comus\u00e9e, sortir pour voir les plantes en vrai, est aussi le but de l\u2019exposition\u00a0\u00bb,<\/strong> souligne Sarah Hatziraptis. Des fleurs y seront parsem\u00e9es au milieu des vergers et potagers pour le plus grand plaisir de visiteurs. Et pour c\u00e9l\u00e9brer les fleurs, le dimanche 29\u00a0juin, la rose\u2019de la Bintinais\u2019, con\u00e7ue pour l\u2019occasion <a href=\"https:\/\/rennes.maville.com\/actu\/actudet_-entretien.-les-roses-sont-un-tresor-de-diversite-ces-passionnes-ont-cree-plus-de-80-varietes-_7-6772920_actu.Htm\" target=\"_blank\" rel=\"noopener\">par le rosi\u00e9riste Michel Adam,<\/a> sera pr\u00e9sent\u00e9e.\u00a0Un bapt\u00eame de rose festif, avec au programme\u00a0musique, animations, po\u00e9sie, fleurs comestibles et ateliers pour toute la famille\u00a0!<\/p>\n<p><strong>Jusqu\u2019au 31\u00a0ao\u00fbt 2025,<\/strong> exposition Fleurs, au-del\u00e0 des apparences, \u00e0 l\u2019\u00c9comus\u00e9e de la Bintinais, route de Noyal-Ch\u00e2tillon-sur-Seiche, \u00e0 Rennes. Tarifs\u00a0: plein tarif 5\u00a0\u20ac, demi-tarif 3\u00a0\u20ac, gratuit pour les moins de 26\u00a0ans et les \u00e9tudiants. Gratuit chaque premier dimanche du mois.<\/p>\n<p>\u00a0<\/p>\n","protected":false},"excerpt":{"rendered":"Qui sont-elles ces fleurs\u00a0? Avant tout des d\u00e9couvertes botaniques et scientifiques que Pierre-Joseph Redout\u00e9 (1759-1840) a esquiss\u00e9es d\u2019un&hellip;\n","protected":false},"author":2,"featured_media":86606,"comment_status":"","ping_status":"","sticky":false,"template":"","format":"standard","meta":{"footnotes":""},"categories":[2821],"tags":[1111,11,829,19656,1777,674,3293,2574,1011,27,14342,12,584,25,4937,19657],"class_list":{"0":"post-86605","1":"post","2":"type-post","3":"status-publish","4":"format-standard","5":"has-post-thumbnail","7":"category-rennes","8":"tag-actu","9":"tag-actualites","10":"tag-bretagne","11":"tag-connait-on","12":"tag-eu","13":"tag-europe","14":"tag-exposition","15":"tag-fleurs","16":"tag-fr","17":"tag-france","18":"tag-manquer","19":"tag-news","20":"tag-rennes","21":"tag-republique-francaise","22":"tag-saint-brieuc","23":"tag-vraiment"},"share_on_mastodon":{"url":"https:\/\/pubeurope.com\/@fr\/114477473833566521","error":""},"_links":{"self":[{"href":"https:\/\/www.europesays.com\/fr\/wp-json\/wp\/v2\/posts\/86605","targetHints":{"allow":["GET"]}}],"collection":[{"href":"https:\/\/www.europesays.com\/fr\/wp-json\/wp\/v2\/posts"}],"about":[{"href":"https:\/\/www.europesays.com\/fr\/wp-json\/wp\/v2\/types\/post"}],"author":[{"embeddable":true,"href":"https:\/\/www.europesays.com\/fr\/wp-json\/wp\/v2\/users\/2"}],"replies":[{"embeddable":true,"href":"https:\/\/www.europesays.com\/fr\/wp-json\/wp\/v2\/comments?post=86605"}],"version-history":[{"count":0,"href":"https:\/\/www.europesays.com\/fr\/wp-json\/wp\/v2\/posts\/86605\/revisions"}],"wp:featuredmedia":[{"embeddable":true,"href":"https:\/\/www.europesays.com\/fr\/wp-json\/wp\/v2\/media\/86606"}],"wp:attachment":[{"href":"https:\/\/www.europesays.com\/fr\/wp-json\/wp\/v2\/media?parent=86605"}],"wp:term":[{"taxonomy":"category","embeddable":true,"href":"https:\/\/www.europesays.com\/fr\/wp-json\/wp\/v2\/categories?post=86605"},{"taxonomy":"post_tag","embeddable":true,"href":"https:\/\/www.europesays.com\/fr\/wp-json\/wp\/v2\/tags?post=86605"}],"curies":[{"name":"wp","href":"https:\/\/api.w.org\/{rel}","templated":true}]}}