{"id":86615,"date":"2025-05-09T10:50:08","date_gmt":"2025-05-09T10:50:08","guid":{"rendered":"https:\/\/www.europesays.com\/fr\/86615\/"},"modified":"2025-05-09T10:50:08","modified_gmt":"2025-05-09T10:50:08","slug":"meteo-france-declenche-la-vigilance","status":"publish","type":"post","link":"https:\/\/www.europesays.com\/fr\/86615\/","title":{"rendered":"M\u00e9t\u00e9o France d\u00e9clenche la vigilance"},"content":{"rendered":"<p>            Par<br \/>\n        <strong><br \/>\n            <a href=\"https:\/\/actu.fr\/auteur\/clemence-pays02-actu-fr\" title=\"Consulter tous les articles de Cl\u00e9mence Pays\" target=\"_blank\" rel=\"noopener\">Cl\u00e9mence Pays<\/a><br \/>\n        <\/strong><\/p>\n<p>        Publi\u00e9 le<\/p>\n<p>            9 mai 2025 \u00e0 11h57        <\/p>\n<p>Le temps est instable ce vendredi 9\u00a0mai 2025. Et <a href=\"https:\/\/actu.fr\/meteo\/les-orages-sont-de-retour-presque-20-departements-places-en-vigilance-ce-vendredi-a-quoi-s-attendre_62611406.html\" target=\"_blank\" rel=\"noopener\">de nombreux orages sont attendus en France, o\u00f9 19 d\u00e9partements sont plac\u00e9s en vigilance par M\u00e9t\u00e9o France<\/a>. Parmi eux, <strong>la <a href=\"https:\/\/actu.fr\/pays-de-la-loire\/loire-atlantique_44\" target=\"_blank\" rel=\"noopener\">Loire-Atlantique<\/a> qui sera en jaune de 15\u2009h \u00e0 23\u2009h.<\/strong><\/p>\n<p class=\" wall-content\">Ce vendredi matin, le ciel est plut\u00f4t d\u00e9gag\u00e9, mais le temps va changer d\u00e8s 13\u2009h avec l\u2019arriv\u00e9e de nombreux nuages qui vont obscurcir le ciel nantais. Selon M\u00e9t\u00e9o France, les <strong>averses orageuses<\/strong> vont tomber sur <a href=\"https:\/\/actu.fr\/nantes\/\" target=\"_blank\" rel=\"noopener\">Nantes<\/a> <strong>entre 18\u2009h et 19\u2009h,<\/strong> avec des <strong>rafales \u00e0 45\u00a0km\/h.<\/strong> Le calme devrait faire son retour vers 20\u2009h.<\/p>\n<p class=\" wall-content\">D\u2019autres secteurs du d\u00e9partement seront touch\u00e9s d\u00e8s l\u2019apr\u00e8s-midi par ces fortes pluies. \u00c0\u00a0<a href=\"https:\/\/actu.fr\/l-echo-de-la-presqu-ile\/\" target=\"_blank\" rel=\"noopener\">Saint-Nazaire<\/a>, les <strong>averses orageuses<\/strong> arriveront \u00e0 <strong>16\u2009h<\/strong> et devraient durer une heure. \u00c0 <a href=\"https:\/\/actu.fr\/l-hebdo-de-sevre-et-maine\/\" target=\"_blank\" rel=\"noopener\">Clisson<\/a>, la m\u00e9t\u00e9o sera capricieuse <strong>entre 16\u2009h et 17\u2009h.<\/strong> Une accalmie est attendue aux alentours de 18\u2009h avant le retour des averses orageuses \u00e0 partir de 19\u2009h. Pour <a href=\"https:\/\/actu.fr\/l-eclaireur-de-chateaubriant\/\" target=\"_blank\" rel=\"noopener\">Ch\u00e2teaubriant<\/a>, il faudra \u00eatre vigilant <strong>de 16\u2009h \u00e0 18\u2009h.<\/strong><\/p>\n<p class=\" wall-content\">\n<p>Une nouvelle vigilance samedi<\/p>\n<p class=\" wall-content\">Si durant la journ\u00e9e de vendredi, M\u00e9t\u00e9o France n\u2019annonce que des \u00ab\u2009averses orageuses\u2009\u00bb, il n\u2019en sera pas de m\u00eame samedi 10\u00a0mai. Cette fois-ci, <strong>des orages sont bel et bien annonc\u00e9s.<\/strong> La Loire-Atlantique sera donc <strong>en vigilance jaune pour orages, de 15\u2009h \u00e0 minuit.<\/strong><\/p>\n<p class=\" wall-content\">\u00c0 Nantes, par exemple, les temp\u00e9ratures seront tr\u00e8s douces avec 16\u00b0C le matin et 20\u00b0C l\u2019apr\u00e8s-midi. Mais le ciel restera couvert tout au long de la journ\u00e9e. En soir\u00e9e, les orages feront leur apparition avec des <strong>rafales allant jusqu\u2019\u00e0 70\u00a0km\/h.<\/strong> Durant la nuit, le thermom\u00e8tre descendra \u00e0 15\u00b0C avec des averses orageuses pr\u00e9vues.<\/p>\n<p>Vid\u00e9os : en ce moment sur Actu<\/p>\n<p class=\" wall-content\">Suivez toute l\u2019actualit\u00e9 de vos villes et m\u00e9dias favoris en vous inscrivant \u00e0 <a href=\"https:\/\/moncompte.actu.fr\" title=\"D\u00e9couvez Mon Actu\" rel=\"nofollow noopener\" data-trk=\"{&quot;cta&quot;:{&quot;action&quot;:&quot;https:\\\/\\\/moncompte.actu.fr&quot;,&quot;category&quot;:&quot;mon compte&quot;,&quot;from&quot;:&quot;article footer&quot;,&quot;name&quot;:&quot;Mon actu&quot;,&quot;type&quot;:&quot;cta&quot;}}\" target=\"_blank\">Mon Actu<\/a>.<\/p>\n","protected":false},"excerpt":{"rendered":"Par Cl\u00e9mence Pays Publi\u00e9 le 9 mai 2025 \u00e0 11h57 Le temps est instable ce vendredi 9\u00a0mai 2025.&hellip;\n","protected":false},"author":2,"featured_media":83548,"comment_status":"","ping_status":"","sticky":false,"template":"","format":"standard","meta":{"footnotes":""},"categories":[2818],"tags":[1111,11,1777,674,1011,27,2487,2357,766,12,4594,2636,25],"class_list":{"0":"post-86615","1":"post","2":"type-post","3":"status-publish","4":"format-standard","5":"has-post-thumbnail","7":"category-nantes","8":"tag-actu","9":"tag-actualites","10":"tag-eu","11":"tag-europe","12":"tag-fr","13":"tag-france","14":"tag-meteo","15":"tag-meteo-france","16":"tag-nantes","17":"tag-news","18":"tag-orages","19":"tag-pays-de-la-loire","20":"tag-republique-francaise"},"share_on_mastodon":{"url":"https:\/\/pubeurope.com\/@fr\/114477493308742222","error":""},"_links":{"self":[{"href":"https:\/\/www.europesays.com\/fr\/wp-json\/wp\/v2\/posts\/86615","targetHints":{"allow":["GET"]}}],"collection":[{"href":"https:\/\/www.europesays.com\/fr\/wp-json\/wp\/v2\/posts"}],"about":[{"href":"https:\/\/www.europesays.com\/fr\/wp-json\/wp\/v2\/types\/post"}],"author":[{"embeddable":true,"href":"https:\/\/www.europesays.com\/fr\/wp-json\/wp\/v2\/users\/2"}],"replies":[{"embeddable":true,"href":"https:\/\/www.europesays.com\/fr\/wp-json\/wp\/v2\/comments?post=86615"}],"version-history":[{"count":0,"href":"https:\/\/www.europesays.com\/fr\/wp-json\/wp\/v2\/posts\/86615\/revisions"}],"wp:featuredmedia":[{"embeddable":true,"href":"https:\/\/www.europesays.com\/fr\/wp-json\/wp\/v2\/media\/83548"}],"wp:attachment":[{"href":"https:\/\/www.europesays.com\/fr\/wp-json\/wp\/v2\/media?parent=86615"}],"wp:term":[{"taxonomy":"category","embeddable":true,"href":"https:\/\/www.europesays.com\/fr\/wp-json\/wp\/v2\/categories?post=86615"},{"taxonomy":"post_tag","embeddable":true,"href":"https:\/\/www.europesays.com\/fr\/wp-json\/wp\/v2\/tags?post=86615"}],"curies":[{"name":"wp","href":"https:\/\/api.w.org\/{rel}","templated":true}]}}