{"id":86620,"date":"2025-05-09T10:53:10","date_gmt":"2025-05-09T10:53:10","guid":{"rendered":"https:\/\/www.europesays.com\/fr\/86620\/"},"modified":"2025-05-09T10:53:10","modified_gmt":"2025-05-09T10:53:10","slug":"girondins-un-ancien-de-la-formation-bordelaise-integre-le-groupe-pro-du-stade-brestois","status":"publish","type":"post","link":"https:\/\/www.europesays.com\/fr\/86620\/","title":{"rendered":"Girondins : un ancien de la formation bordelaise int\u00e8gre le groupe pro du Stade Brestois"},"content":{"rendered":"<p><img decoding=\"async\" src=\"https:\/\/www.europesays.com\/fr\/wp-content\/uploads\/2025\/05\/671_9244874eeeab709d07a37959e3fd7706.jpg\" alt=\"Girondins : un ancien de la formation bordelaise int\u00e8gre le groupe pro du Stade Brestois\" class=\"img-responsive mt-3\"\/><\/p>\n<p class=\"text-center mb-3\" style=\"font-size: 14px\">\u00a9 Iconsport<\/p>\n<p style=\"text-align: justify;\">Le Martiniquais a rebondi apr\u00e8s la chute du FCGB. Il s&rsquo;est engag\u00e9 cet \u00e9t\u00e9 au Stade Brestois pour continuer la formation d\u00e9but\u00e9e \u00e0 Bordeaux.<\/p>\n<p style=\"text-align: justify;\">Ainsi, il a particip\u00e9 \u00e0 33 matchs en U19 Nationaux et marqu\u00e9 9 buts. Il a aussi jou\u00e9 6 rencontres avec le groupe de National 3 et 2 matchs de Coupe Gambardella.<\/p>\n<p style=\"text-align: justify;\">Cette semaine, l&rsquo;entraineur du Stade Brestois, \u00c9ric Roy, a d\u00e9cid\u00e9 de l&rsquo;int\u00e9grer aux entrainements de l\u2019\u00e9quipe de Ligue 1.<\/p>\n<p style=\"text-align: justify;\">On peut le voir sur la photo ci-dessous aux capot\u00e9s d&rsquo;un autre ancien de la formation bordelaise, Pierre Less-Melou :<\/p>\n<blockquote class=\"twitter-tweet\">\n<p dir=\"ltr\" lang=\"fr\">Auteur de bonnes performances avec l\u2019\u00e9quipe r\u00e9serve du <a href=\"https:\/\/twitter.com\/SB29?ref_src=twsrc%5Etfw\" rel=\"nofollow noopener\" target=\"_blank\">@SB29<\/a> ces derni\u00e8res semaines (5 buts cette saison), l\u2019ancien bordelais Noa Manette (2005) s\u2019est entra\u00een\u00e9 hier avec le groupe pro :eyes:<\/p>\n<p>:camera_with_flash: <a href=\"https:\/\/twitter.com\/SB29?ref_src=twsrc%5Etfw\" rel=\"nofollow noopener\" target=\"_blank\">@SB29<\/a> <a href=\"https:\/\/t.co\/hVvhYgrvn1\" rel=\"nofollow\">pic.twitter.com\/hVvhYgrvn1<\/a><\/p>\n<p>\u2014 Jay Jay (@JayhJJ) <a href=\"https:\/\/twitter.com\/JayhJJ\/status\/1920440410679247325?ref_src=twsrc%5Etfw\" rel=\"nofollow noopener\" target=\"_blank\">May 8, 2025<\/a>\n<\/p><\/blockquote>\n<p>\u00a0<\/p>\n<p>\u00c0 lire aussi : <strong><a href=\"https:\/\/www.webgirondins.com\/actualite-girondins-girondins-creanciers-et-modalites-de-remboursement-de-la-dette-connues-a-bordeaux-128973\" target=\"_blank\" rel=\"noopener nofollow\">Girondins : cr\u00e9anciers et modalit\u00e9s de remboursement de la dette connues \u00e0 Bordeaux<\/a><\/strong><\/p>\n<p style=\"text-align: justify;\">\u00c9coutez ses propos ou lisez-les :<\/p>\n<p>\u00a0<\/p>\n<p>\u00a0<\/p>\n<p>    <script async src=\"https:\/\/platform.twitter.com\/widgets.js\" charset=\"utf-8\"><\/script><\/p>\n","protected":false},"excerpt":{"rendered":"\u00a9 Iconsport Le Martiniquais a rebondi apr\u00e8s la chute du FCGB. Il s&rsquo;est engag\u00e9 cet \u00e9t\u00e9 au Stade&hellip;\n","protected":false},"author":2,"featured_media":86621,"comment_status":"","ping_status":"","sticky":false,"template":"","format":"standard","meta":{"footnotes":""},"categories":[2817],"tags":[1111,11,4255,150,1997,19659,19661,3335,4431,1777,674,13407,1119,1011,27,1987,2705,19660,19662,12,2219,16565,19080,25,2858,19663],"class_list":{"0":"post-86620","1":"post","2":"type-post","3":"status-publish","4":"format-standard","5":"has-post-thumbnail","7":"category-bordeaux","8":"tag-actu","9":"tag-actualites","10":"tag-ancien","11":"tag-apres","12":"tag-bordeaux","13":"tag-bordelaise","14":"tag-brestois","15":"tag-centre","16":"tag-dernier","17":"tag-eu","18":"tag-europe","19":"tag-fermeture","20":"tag-formation","21":"tag-fr","22":"tag-france","23":"tag-girondins","24":"tag-groupe","25":"tag-integre","26":"tag-manette","27":"tag-news","28":"tag-nouvelle-aquitaine","29":"tag-perte","30":"tag-quitte","31":"tag-republique-francaise","32":"tag-stade","33":"tag-statut"},"share_on_mastodon":{"url":"https:\/\/pubeurope.com\/@fr\/114477505151488241","error":""},"_links":{"self":[{"href":"https:\/\/www.europesays.com\/fr\/wp-json\/wp\/v2\/posts\/86620","targetHints":{"allow":["GET"]}}],"collection":[{"href":"https:\/\/www.europesays.com\/fr\/wp-json\/wp\/v2\/posts"}],"about":[{"href":"https:\/\/www.europesays.com\/fr\/wp-json\/wp\/v2\/types\/post"}],"author":[{"embeddable":true,"href":"https:\/\/www.europesays.com\/fr\/wp-json\/wp\/v2\/users\/2"}],"replies":[{"embeddable":true,"href":"https:\/\/www.europesays.com\/fr\/wp-json\/wp\/v2\/comments?post=86620"}],"version-history":[{"count":0,"href":"https:\/\/www.europesays.com\/fr\/wp-json\/wp\/v2\/posts\/86620\/revisions"}],"wp:featuredmedia":[{"embeddable":true,"href":"https:\/\/www.europesays.com\/fr\/wp-json\/wp\/v2\/media\/86621"}],"wp:attachment":[{"href":"https:\/\/www.europesays.com\/fr\/wp-json\/wp\/v2\/media?parent=86620"}],"wp:term":[{"taxonomy":"category","embeddable":true,"href":"https:\/\/www.europesays.com\/fr\/wp-json\/wp\/v2\/categories?post=86620"},{"taxonomy":"post_tag","embeddable":true,"href":"https:\/\/www.europesays.com\/fr\/wp-json\/wp\/v2\/tags?post=86620"}],"curies":[{"name":"wp","href":"https:\/\/api.w.org\/{rel}","templated":true}]}}