{"id":866234,"date":"2026-04-13T12:34:15","date_gmt":"2026-04-13T12:34:15","guid":{"rendered":"https:\/\/www.europesays.com\/fr\/866234\/"},"modified":"2026-04-13T12:34:15","modified_gmt":"2026-04-13T12:34:15","slug":"papa-roach-en-concert-a-paris-et-a-lyon-en-decembre-2026-news-rockurlife","status":"publish","type":"post","link":"https:\/\/www.europesays.com\/fr\/866234\/","title":{"rendered":"Papa Roach : en concert \u00e0 Paris et \u00e0 Lyon en d\u00e9cembre 2026 ! &#8211; News &#8211; RockUrLife"},"content":{"rendered":"<p><strong>Papa Roach<\/strong> retrouvera le public fran\u00e7ais en fin d\u2019ann\u00e9e 2026 pour deux rendez-vous tr\u00e8s attendus. Le groupe californien se produira le 1er d\u00e9cembre \u00e0 <strong>l\u2019adidas arena<\/strong> de <strong>Paris<\/strong>, avant de filer du c\u00f4t\u00e9 de la <strong>LDLC Arena<\/strong> de <strong>Lyon-D\u00e9cines<\/strong> le 6 d\u00e9cembre !<\/p>\n<p>Au-del\u00e0 de l\u2019\u00e9v\u00e9nement live en lui-m\u00eame, cette nouvelle venue s\u2019accompagne aussi d\u2019une dimension solidaire. Dans le cadre de l\u2019engagement constant du groupe en faveur de la sant\u00e9 mentale, 1 euro par billet vendu sera revers\u00e9 \u00e0 <strong>Nightline France<\/strong>. Une initiative qui s\u2019inscrit dans la continuit\u00e9 du partenariat nou\u00e9 l\u2019an dernier lors du passage de <strong>Papa Roach<\/strong> dans l\u2019\u00e9mission\u00a0<strong>Taratata<\/strong>, et qui vient rappeler que le groupe ne se contente pas de faire parler sa rage sur sc\u00e8ne : il entend aussi soutenir concr\u00e8tement des causes qui lui tiennent \u00e0 c\u0153ur.<\/p>\n<p>Sur le plan pratique, les fans pourront tenter leur chance d\u00e8s la pr\u00e9vente, ouverte \u00e0 partir du mercredi 15 avril \u00e0 11h via le lien communiqu\u00e9 par l\u2019organisation. La mise en vente g\u00e9n\u00e9rale suivra le vendredi 17 avril \u00e0 11h dans les points de vente habituels. De quoi promettre une belle ru\u00e9e pour ces deux dates fran\u00e7aises, tant <strong>Papa Roach<\/strong> conserve une place \u00e0 part dans le c\u0153ur d\u2019un public fid\u00e8le, port\u00e9 depuis des ann\u00e9es par l\u2019intensit\u00e9 de ses concerts et l\u2019impact intact de ses hymnes.<\/p>\n<p>Avec ces deux escales \u00e0 <strong>Paris<\/strong> et <strong>Lyon<\/strong>, <strong>Papa Roach<\/strong> confirme une nouvelle fois son attachement \u00e0 la <strong>France<\/strong> tout en donnant encore plus de sens \u00e0 son retour. Deux concerts, une cause forte et une fin d\u2019ann\u00e9e qui s\u2019annonce d\u00e9j\u00e0 bruyante : difficile de r\u00eaver meilleure nouvelle pour les amateurs de rock alternatif.<\/p>\n<p><img loading=\"lazy\" decoding=\"async\" width=\"819\" height=\"1024\" src=\"https:\/\/www.europesays.com\/fr\/wp-content\/uploads\/2026\/04\/IMG_6446-819x1024.jpeg\" alt=\"\" class=\"wp-image-232740\"\/><\/p>\n","protected":false},"excerpt":{"rendered":"Papa Roach retrouvera le public fran\u00e7ais en fin d\u2019ann\u00e9e 2026 pour deux rendez-vous tr\u00e8s attendus. Le groupe californien&hellip;\n","protected":false},"author":2,"featured_media":866235,"comment_status":"","ping_status":"","sticky":false,"template":"","format":"standard","meta":{"footnotes":"","_share_on_mastodon":"0"},"categories":[1888],"tags":[1111,1928,11,1927,19014,1777,674,1011,27,7602,2428,12,1926,93540,626,1925,25,93541],"class_list":["post-866234","post","type-post","status-publish","format-standard","has-post-thumbnail","category-paris","tag-actu","tag-actu-paris","tag-actualites","tag-actualites-paris","tag-adidas-arena","tag-eu","tag-europe","tag-fr","tag-france","tag-ldlc-arena","tag-lyon","tag-news","tag-news-paris","tag-papa-roach","tag-paris","tag-paris-news","tag-republique-francaise","tag-rise-of-the-roach-tour"],"share_on_mastodon":{"url":"","error":""},"_links":{"self":[{"href":"https:\/\/www.europesays.com\/fr\/wp-json\/wp\/v2\/posts\/866234","targetHints":{"allow":["GET"]}}],"collection":[{"href":"https:\/\/www.europesays.com\/fr\/wp-json\/wp\/v2\/posts"}],"about":[{"href":"https:\/\/www.europesays.com\/fr\/wp-json\/wp\/v2\/types\/post"}],"author":[{"embeddable":true,"href":"https:\/\/www.europesays.com\/fr\/wp-json\/wp\/v2\/users\/2"}],"replies":[{"embeddable":true,"href":"https:\/\/www.europesays.com\/fr\/wp-json\/wp\/v2\/comments?post=866234"}],"version-history":[{"count":0,"href":"https:\/\/www.europesays.com\/fr\/wp-json\/wp\/v2\/posts\/866234\/revisions"}],"wp:featuredmedia":[{"embeddable":true,"href":"https:\/\/www.europesays.com\/fr\/wp-json\/wp\/v2\/media\/866235"}],"wp:attachment":[{"href":"https:\/\/www.europesays.com\/fr\/wp-json\/wp\/v2\/media?parent=866234"}],"wp:term":[{"taxonomy":"category","embeddable":true,"href":"https:\/\/www.europesays.com\/fr\/wp-json\/wp\/v2\/categories?post=866234"},{"taxonomy":"post_tag","embeddable":true,"href":"https:\/\/www.europesays.com\/fr\/wp-json\/wp\/v2\/tags?post=866234"}],"curies":[{"name":"wp","href":"https:\/\/api.w.org\/{rel}","templated":true}]}}