{"id":86630,"date":"2025-05-09T10:58:09","date_gmt":"2025-05-09T10:58:09","guid":{"rendered":"https:\/\/www.europesays.com\/fr\/86630\/"},"modified":"2025-05-09T10:58:09","modified_gmt":"2025-05-09T10:58:09","slug":"un-enfant-de-12-ans-grievement-blesse-dans-un-accident-de-trottinette-a-marseille","status":"publish","type":"post","link":"https:\/\/www.europesays.com\/fr\/86630\/","title":{"rendered":"Un enfant de 12 ans gri\u00e8vement bless\u00e9 dans un accident de trottinette \u00e0 Marseille"},"content":{"rendered":"<p>Un enfant de 12 ans a \u00e9t\u00e9 transport\u00e9 en urgence \u00e0 l&rsquo;h\u00f4pital de la <a href=\"https:\/\/www.laprovence.com\/article\/region\/1511947054940615\/devant-la-timone-a-marseille-la-cgt-deplore-la-saignee-a-l-hopital-public\" target=\"_blank\" rel=\"noopener\">Timone<\/a> jeudi soir, apr\u00e8s un accident impliquant sa trottinette \u00e9lectrique et une voiture. Souffrant d&rsquo;un traumatisme cr\u00e2nien et d&rsquo;importantes blessures \u00e0 la jambe, il a \u00e9t\u00e9 admis en service de r\u00e9animation avec un pronostic vital engag\u00e9.<\/p>\n<p>Un septuag\u00e9naire entendu par la police<\/p>\n<p>La collision s&rsquo;est produite vers 18 heures, avenue de <a href=\"https:\/\/www.laprovence.com\/article\/faits-divers-justice\/56961270061058\/ados-sequestres-et-violentes-sur-un-point-de-deal-a-marseille-six-accuses-face-a-la-justice\" target=\"_blank\" rel=\"noopener\">Frais Vallon<\/a>, dans le 13e arrondissement de Marseille. Indemne mais choqu\u00e9, le septuag\u00e9naire qui conduisait le v\u00e9hicule impliqu\u00e9 dans la collision a \u00e9t\u00e9 entendu par la police.<\/p>\n<p>Strictement interdit sur la voie publique aux moins de 12 ans, l&rsquo;usage de la trottinette est devenu en quelques ann\u00e9es un moyen de transport pl\u00e9biscit\u00e9 \u00e0 Marseille, en particulier par les jeunes. Mais si la trottinette bat des records de popularit\u00e9, elle affiche aussi des records en terme d&rsquo;accidentologie et de gravit\u00e9 dans les blessures.<\/p>\n<p>Le cr\u00e2ne souvent touch\u00e9<\/p>\n<p>En f\u00e9vrier dernier, deux adolescents, \u00e2g\u00e9s de 13 et 14 ans, qui circulaient \u00e0 bord d&rsquo;une <a href=\"https:\/\/www.laprovence.com\/article\/societe\/1253690220311416\/la-trottinette-bat-des-records-en-termes-daccidentologie-et-de-nuisances\" target=\"_blank\" rel=\"noopener\">trottinette<\/a> sur l&rsquo;avenue du Prado 2, dans le 8e arrondissement de Marseille, avaient \u00e9t\u00e9 renvers\u00e9s par une automobiliste. En d\u00e9cembre 2024, toujours sur le secteur du Prado, une jeune femme \u00e0 trottinette avait \u00e9t\u00e9 percut\u00e9e par un bus et gri\u00e8vement bless\u00e9e. Quelques mois plus t\u00f4t, un homme de 34 ans avait \u00e9t\u00e9 transport\u00e9 \u00e0 l&rsquo;h\u00f4pital avec un pronostic vital engag\u00e9 apr\u00e8s une chute du boulevard Vauban. En mars 2024, un homme de 38 ans qui \u00e9tait d\u00e9c\u00e9d\u00e9 dans les quartiers nord de Marseille dans la collision de sa trottinette \u00e9lectrique avec un camion.<\/p>\n<p>Dans un rapport du Centre Europ\u00e9en, \u00c9tudes de s\u00e9curit\u00e9 et Analysez des risques (CEESAR), les auteurs rel\u00e8vent que les victimes sont principalement touch\u00e9es au cr\u00e2ne, \u00ab\u00a0r\u00e9sultat d&rsquo;une chute en avant qui rend l&rsquo;extr\u00e9mit\u00e9 c\u00e9phalique tr\u00e8s expos\u00e9e\u00a0\u00bb. les arrachements et les luxations dentaires sont fr\u00e9quentes, tout comme les fractures du nez, de la pommette, de l&rsquo;orbite, du maxillaire \u00ab\u00a0et, dans les cas extr\u00eames, d&rsquo;une disjonction cr\u00e2no-faciale ou d&rsquo;un fracas facial\u00a0\u00bb. Autrement dit, la t\u00eate fractur\u00e9e en plusieurs morceaux.<\/p>\n","protected":false},"excerpt":{"rendered":"Un enfant de 12 ans a \u00e9t\u00e9 transport\u00e9 en urgence \u00e0 l&rsquo;h\u00f4pital de la Timone jeudi soir, apr\u00e8s&hellip;\n","protected":false},"author":2,"featured_media":86631,"comment_status":"","ping_status":"","sticky":false,"template":"","format":"standard","meta":{"footnotes":""},"categories":[2814],"tags":[17,119,1111,11,1764,3916,1446,847,1777,674,274,1011,27,3915,884,12,882,25,15740],"class_list":{"0":"post-86630","1":"post","2":"type-post","3":"status-publish","4":"format-standard","5":"has-post-thumbnail","7":"category-marseille","8":"tag-17","9":"tag-accident","10":"tag-actu","11":"tag-actualites","12":"tag-ans","13":"tag-blesse","14":"tag-dans","15":"tag-enfant","16":"tag-eu","17":"tag-europe","18":"tag-faits-divers-justice","19":"tag-fr","20":"tag-france","21":"tag-grievement","22":"tag-marseille","23":"tag-news","24":"tag-provence-alpes-cote-dazur","25":"tag-republique-francaise","26":"tag-trottinette"},"share_on_mastodon":{"url":"https:\/\/pubeurope.com\/@fr\/114477524778145198","error":""},"_links":{"self":[{"href":"https:\/\/www.europesays.com\/fr\/wp-json\/wp\/v2\/posts\/86630","targetHints":{"allow":["GET"]}}],"collection":[{"href":"https:\/\/www.europesays.com\/fr\/wp-json\/wp\/v2\/posts"}],"about":[{"href":"https:\/\/www.europesays.com\/fr\/wp-json\/wp\/v2\/types\/post"}],"author":[{"embeddable":true,"href":"https:\/\/www.europesays.com\/fr\/wp-json\/wp\/v2\/users\/2"}],"replies":[{"embeddable":true,"href":"https:\/\/www.europesays.com\/fr\/wp-json\/wp\/v2\/comments?post=86630"}],"version-history":[{"count":0,"href":"https:\/\/www.europesays.com\/fr\/wp-json\/wp\/v2\/posts\/86630\/revisions"}],"wp:featuredmedia":[{"embeddable":true,"href":"https:\/\/www.europesays.com\/fr\/wp-json\/wp\/v2\/media\/86631"}],"wp:attachment":[{"href":"https:\/\/www.europesays.com\/fr\/wp-json\/wp\/v2\/media?parent=86630"}],"wp:term":[{"taxonomy":"category","embeddable":true,"href":"https:\/\/www.europesays.com\/fr\/wp-json\/wp\/v2\/categories?post=86630"},{"taxonomy":"post_tag","embeddable":true,"href":"https:\/\/www.europesays.com\/fr\/wp-json\/wp\/v2\/tags?post=86630"}],"curies":[{"name":"wp","href":"https:\/\/api.w.org\/{rel}","templated":true}]}}