{"id":866383,"date":"2026-04-13T14:11:21","date_gmt":"2026-04-13T14:11:21","guid":{"rendered":"https:\/\/www.europesays.com\/fr\/866383\/"},"modified":"2026-04-13T14:11:21","modified_gmt":"2026-04-13T14:11:21","slug":"une-motion-de-defiance-visant-delphine-ernotte-cunci-et-france-3-ile-de-france-votee-a-93","status":"publish","type":"post","link":"https:\/\/www.europesays.com\/fr\/866383\/","title":{"rendered":"Une motion de d\u00e9fiance visant Delphine Ernotte-Cunci et France 3 \u00cele-de-France vot\u00e9e \u00e0 93\u00a0%"},"content":{"rendered":"<p>La goutte d\u2019eau a fait d\u00e9border le vase\u00a0: une motion de d\u00e9fiance visant la direction de <a href=\"https:\/\/www.20minutes.fr\/television\/france3\/\" class=\"c-link c-link--is-underlined\" rel=\"nofollow noopener\" target=\"_blank\">France<\/a> 3 \u00cele-de-France et la pr\u00e9sidente de France T\u00e9l\u00e9visions a \u00e9t\u00e9 adopt\u00e9e par 93\u00a0% des journalistes de l\u2019antenne r\u00e9gionale, a annonc\u00e9 dimanche 12\u00a0avril 2026 la Soci\u00e9t\u00e9 des journalistes (SDJ) de la cha\u00eene.<\/p>\n<p>Les journalistes s\u2019\u00e9taient mis en gr\u00e8ve le 2\u00a0mars 2026 contre une d\u00e9cision de la direction attribuant, \u00e0 partir du 24\u00a0mars, le studio utilis\u00e9 pour leurs journaux du midi et du soir \u00e0 la cha\u00eene d\u2019info continue du groupe, <a href=\"https:\/\/www.20minutes.fr\/dossier\/france_info\" class=\"c-link c-link--is-underlined\" rel=\"nofollow noopener\" target=\"_blank\">FranceInfo<\/a>.<\/p>\n<\/p>\n<p>Depuis cette date, \u00ab\u00a0nous sommes contraints de pr\u00e9senter les \u00e9ditions r\u00e9gionales dans un r\u00e9duit de 12 m\u00b2 qui, d\u2019habitude, fait office de plateau de secours. Un espace totalement inadapt\u00e9 \u00e0 des journaux de 35 minutes, \u00e0 des chroniques, \u00e0 des invit\u00e9s\u00a0\u00bb, est-il \u00e9crit dans la motion, transmise \u00e0 l\u2019AFP.<\/p>\n<p>Quatre semaines de gr\u00e8ve<\/p>\n<p>Pour d\u00e9noncer \u00ab\u00a0la d\u00e9gradation de (leur) outil de travail\u00a0\u00bb, entre autres, les quelque 60 journalistes de l\u2019antenne \u00e9taient invit\u00e9s \u00e0 r\u00e9pondre \u00e0 la question\u00a0: \u00ab\u00a0Accordez-vous votre confiance \u00e0 Yolaine Poletti-Duflo, directrice r\u00e9gionale, \u00e0 Christophe Poullain, directeur du r\u00e9seau France 3, \u00e0 <a href=\"https:\/\/www.20minutes.fr\/dossier\/delphine-ernotte-cunci\" class=\"c-link c-link--is-underlined\" rel=\"nofollow noopener\" target=\"_blank\">Delphine Ernotte-Cunci<\/a>, <a href=\"https:\/\/www.20minutes.fr\/arts-stars\/television\/4153522-20250514-arcom-reconduit-delphine-ernotte-cunci-tete-france-televisions-troisieme-mandat\" class=\"c-link c-link--is-underlined\" rel=\"nofollow noopener\" target=\"_blank\">pr\u00e9sidente de France T\u00e9l\u00e9visions<\/a> pour garantir la pr\u00e9servation des moyens techniques, la ligne \u00e9ditoriale, et l\u2019avenir au sein du r\u00e9seau de France 3 \u00cele-de-France\u00a0?\u00a0\u00bb<\/p>\n<p>Selon la SDJ, \u00ab\u00a0la motion a recueilli 76\u00a0% de participation et 93\u00a0% de r\u00e9ponses n\u00e9gatives \u00e0 la question pos\u00e9e\u00a0\u00bb, tandis que le <a href=\"https:\/\/www.20minutes.fr\/dossier\/greve\" class=\"c-link c-link--is-underlined\" rel=\"nofollow noopener\" target=\"_blank\">mouvement de gr\u00e8ve<\/a> perdure depuis quatre semaines. Ce mouvement social avait notamment entra\u00een\u00e9 l\u2019annulation des deux soir\u00e9es \u00e9lectorales pr\u00e9vues lors du premier et du second tour des <a href=\"https:\/\/www.20minutes.fr\/municipales\/\" class=\"c-link c-link--is-underlined\" rel=\"nofollow noopener\" target=\"_blank\">\u00e9lections municipales<\/a>.<\/p>\n<p>Un nouveau plateau\u2026 \u00e0 partager\u00a0!<\/p>\n<p>L\u2019utilisation de ce studio de secours est une \u00ab\u00a0transition\u00a0\u00bb de trois mois avant que la r\u00e9daction n\u2019int\u00e8gre un autre plateau sans d\u00e9cor, indique le texte de la motion. \u00ab\u00a0Il faudra cependant le partager avec les \u00e9quipes de journalistes ultramarins (R\u00e9union La premi\u00e8re, Martinique La premi\u00e8re\u00a0etc), avec parfois seulement 8 minutes pour prendre la rel\u00e8ve de l\u2019\u00e9quipe pr\u00e9c\u00e9dente\u00a0\u00bb, a indiqu\u00e9 \u00e0 l\u2019AFP Abdelaali Joudi, d\u00e9l\u00e9gu\u00e9 syndical SNJ.<\/p>\n<p><a href=\"https:\/\/www.20minutes.fr\/television\/france_televisions\/\" class=\"c-link c-btn c-btn--primary\" rel=\"nofollow noopener\" target=\"_blank\">Notre dossier \u00ab France T\u00e9l\u00e9visions \u00bb<\/a><\/p>\n<p>Interrog\u00e9e par l\u2019AFP, la direction de <a href=\"https:\/\/www.20minutes.fr\/television\/france_televisions\/\" class=\"c-link c-link--is-underlined\" rel=\"nofollow noopener\" target=\"_blank\">France T\u00e9l\u00e9visions<\/a> n\u2019a, dans l\u2019imm\u00e9diat, pas souhait\u00e9 faire de commentaire.<\/p>\n","protected":false},"excerpt":{"rendered":"La goutte d\u2019eau a fait d\u00e9border le vase\u00a0: une motion de d\u00e9fiance visant la direction de France 3&hellip;\n","protected":false},"author":2,"featured_media":866384,"comment_status":"","ping_status":"","sticky":false,"template":"","format":"standard","meta":{"footnotes":"","_share_on_mastodon":"0"},"categories":[1356],"tags":[6586,11255,58,59,1011,27,876,2400,6151,662,9877,2957,20470,3051,252,1364],"class_list":["post-866383","post","type-post","status-publish","format-standard","has-post-thumbnail","category-television","tag-audiovisuel-public","tag-delphine-ernotte","tag-divertissement","tag-entertainment","tag-fr","tag-france","tag-france-3","tag-france-televisions","tag-greve","tag-ile-de-france","tag-journalisme","tag-journaliste","tag-martinique","tag-premiere","tag-television","tag-tv"],"share_on_mastodon":{"url":"https:\/\/pubeurope.com\/@fr\/116397807329857856","error":""},"_links":{"self":[{"href":"https:\/\/www.europesays.com\/fr\/wp-json\/wp\/v2\/posts\/866383","targetHints":{"allow":["GET"]}}],"collection":[{"href":"https:\/\/www.europesays.com\/fr\/wp-json\/wp\/v2\/posts"}],"about":[{"href":"https:\/\/www.europesays.com\/fr\/wp-json\/wp\/v2\/types\/post"}],"author":[{"embeddable":true,"href":"https:\/\/www.europesays.com\/fr\/wp-json\/wp\/v2\/users\/2"}],"replies":[{"embeddable":true,"href":"https:\/\/www.europesays.com\/fr\/wp-json\/wp\/v2\/comments?post=866383"}],"version-history":[{"count":0,"href":"https:\/\/www.europesays.com\/fr\/wp-json\/wp\/v2\/posts\/866383\/revisions"}],"wp:featuredmedia":[{"embeddable":true,"href":"https:\/\/www.europesays.com\/fr\/wp-json\/wp\/v2\/media\/866384"}],"wp:attachment":[{"href":"https:\/\/www.europesays.com\/fr\/wp-json\/wp\/v2\/media?parent=866383"}],"wp:term":[{"taxonomy":"category","embeddable":true,"href":"https:\/\/www.europesays.com\/fr\/wp-json\/wp\/v2\/categories?post=866383"},{"taxonomy":"post_tag","embeddable":true,"href":"https:\/\/www.europesays.com\/fr\/wp-json\/wp\/v2\/tags?post=866383"}],"curies":[{"name":"wp","href":"https:\/\/api.w.org\/{rel}","templated":true}]}}