{"id":86640,"date":"2025-05-09T11:03:09","date_gmt":"2025-05-09T11:03:09","guid":{"rendered":"https:\/\/www.europesays.com\/fr\/86640\/"},"modified":"2025-05-09T11:03:09","modified_gmt":"2025-05-09T11:03:09","slug":"veolia-a-demarre-les-tests","status":"publish","type":"post","link":"https:\/\/www.europesays.com\/fr\/86640\/","title":{"rendered":"Veolia a d\u00e9marr\u00e9 les tests"},"content":{"rendered":"<p>\nC&rsquo;est une vitrine pour Veolia: la modernisation des usines d&rsquo;eau potable du syndicat des Eaux d&rsquo;Ile-de-France (Sedif), chantier colossal qui concerne quatre millions de Franciliens, a d\u00e9but\u00e9 depuis quelques mois avec les <strong>premiers tests men\u00e9s sur des installations industrielles \u00e0 \u00e9chelle r\u00e9duite<\/strong>.<\/p>\n<p>\nObjectif : d\u00e9contaminer l&rsquo;eau d&rsquo;un maximum de micro-polluants, et autant que possible, des polluants \u00e9ternels ou PFAS. Ces mol\u00e9cules chimiques per- et polyfluoroalkyl\u00e9es (PFAS), abondamment utilis\u00e9es dans l&rsquo;industrie et la fabrication d&rsquo;objets de grande consommation, contaminent ensuite eaux et sols, et laissent craindre des effets d\u00e9l\u00e9t\u00e8res pour la sant\u00e9 selon plusieurs \u00e9tudes: augmentation du taux de cholest\u00e9rol, cancers, effets sur la fertilit\u00e9 et le d\u00e9veloppement du f\u0153tus, notamment.<\/p>\n<p>Un chantier \u00e0 plus d\u2019un milliard d\u2019euros<\/p>\n<p>\n\u00ab Nous lan\u00e7ons une phase pilote pour les usines de Neuilly-sur-Marne et Choisy-le-Roi \u00bb, a annonc\u00e9 le premier vice-pr\u00e9sident du Sedif, Luc Strehaiano, lors d&rsquo;un point d&rsquo;\u00e9tape organis\u00e9 \u00e0 l&rsquo;usine de production d\u2019eau potable de Choisy-le-Roi, pr\u00e9sent\u00e9e comme \u00ab la plus grande d&rsquo;Europe \u00bb avec une capacit\u00e9 de 600 000 m3\/jour.<\/p>\n<p>\nFranciliane, la filiale \u00e0 100% de Veolia, d\u00e9l\u00e9gataire du Sedif, et \u00e0 ce titre charg\u00e9e de piloter ce chantier \u00e0 plus d\u2019un milliard d\u2019euros HT, estime pouvoir <strong>atteindre des taux d&rsquo; \u00ab abattement\u00a0\u00bb (d\u00e9contamination) \u00ab de l&rsquo;ordre de 95%\u00a0\u00bb pour les PFAS \u00e0 cha\u00eene longue<\/strong> (au moins six atomes de carbone) et \u00ab de 75 \u00e0 80%\u00a0\u00bb pour un PFAS \u00e0 cha\u00eene courte, comme le TFA, consid\u00e9r\u00e9 comme plus difficile \u00e0 d\u00e9tecter et \u00e0 d\u00e9contaminer, a indiqu\u00e9 Gr\u00e9goire M\u00fcller, directeur de la division eau de source de Franciliane.<\/p>\n<p>Une combinaison de deux types de membranes<\/p>\n<p>\nPour cela, sont combin\u00e9es des membranes de nano-filtration et des membranes d&rsquo;osmose inverse basse pression. La combinaison de ces deux types de membranes est adaptable selon la qualit\u00e9 initiale de la ressource et la saisonnalit\u00e9.<\/p>\n<p>Des installations pilote \u00e0 l\u2019\u00e9chelle 1\/250e<\/p>\n<p>\nL&rsquo;eau produite par ces installations-pilotes, \u00e0 l&rsquo;\u00e9chelle 1\/250e, \u00ab ne sera pas distribu\u00e9e aux usagers \u00bb, a pr\u00e9cis\u00e9 Luc Strehaiano. Elle servira \u00e0 <strong>l&rsquo;analyse de diff\u00e9rents param\u00e8tres qui seront communiqu\u00e9s notamment aux services de contr\u00f4le de l&rsquo;\u00c9tat<\/strong>, en vue d&rsquo;obtenir les autorisations environnementales, avec une enqu\u00eate publique conduite par un commissaire-enqu\u00eateur, pr\u00e9vue pour le troisi\u00e8me trimestre 2025.<\/p>\n<p>\nPuis, <strong>la filtration membranaire sera install\u00e9e \u00e0 l&rsquo;\u00e9chelle industrielle \u00ab d&rsquo;ici fin 2027\u00a0\u00bb<\/strong> pour l&rsquo;usine de production de M\u00e9ry-sur-Oise, d\u00e9j\u00e0 \u00e9quip\u00e9e de membranes de nano-filtration et \u00ab \u00e0 horizon 2032\u00a0\u00bb pour les usines de Choisy le Roi et Neuilly-Sur-Marne, selon le Sedif. Cette nouvelle \u00e9tape de traitement compl\u00e8tera la filtration sur charbons actifs en grains d\u00e9j\u00e0 existante, qui retient d\u00e9j\u00e0 certains polluants \u00e9ternels.<\/p>\n<p>Une hausse \u00ab mesur\u00e9e \u00bb de la facture d\u2019eau<\/p>\n<p>\nCes investissements colossaux se traduiront \u00e0 terme par une hausse\u00a0 \u00ab mesur\u00e9e \u00bb de 4 euros par mois et par foyer de la facture d&rsquo;eau, selon le Sedif. Cette hausse, \u00ab progressive entre 2027 et 2032 \u00bb, sera compens\u00e9e par les \u00e9conomies engendr\u00e9es notamment par l&rsquo;absence de calcaire, affirme le syndicat.<\/p>\n<p>Un process critiqu\u00e9 par les acteurs de l\u2019eau en aval<\/p>\n<p>\nLes acteurs de l&rsquo;eau en aval, comme Eau de Paris, pointent du doigt l&rsquo;eau concentr\u00e9e en polluants qui sera rejet\u00e9e \u00e0 l&rsquo;issue du processus une fois les travaux termin\u00e9s. Mais \u00ab ces micro-polluants sont aujourd&rsquo;hui envoy\u00e9s dans les r\u00e9seaux d&rsquo;eau potable \u00bb, d\u00e9plore Luc Strehaiano, qui donne la priorit\u00e9 \u00e0 \u00ab l&rsquo;usager \u00bb. Il assure que le Sedif a, avec son d\u00e9l\u00e9gataire Veolia, \u00ab diff\u00e9rentes pistes\u00a0\u00bb pour traiter les rejets, mais elles sont \u00ab tr\u00e8s, tr\u00e8s, tr\u00e8s on\u00e9reuses \u00bb. Il \u00ab ne d\u00e9sesp\u00e8re pas\u00a0\u00bb de faire mieux \u00e0 l&rsquo;avenir.<\/p>\n<p class=\"editoTitleType1 editoTitleType1--lagoon is-uppercase\">S\u00e9lectionn\u00e9 <b>pour vous<\/b><\/p>\n<p><a class=\"editoCardType21__link editoCardType21__containerImage\" href=\"https:\/\/www.lemoniteur.fr\/article\/grand-paris-ile-de-france-bouygues-batiment-idf-et-leon-grosse-laureats-des-cles-d-or.2345019\" data-xiti-name=\"2345019\" target=\"_blank\" rel=\"noopener\"><br \/>\n<img decoding=\"async\" src=\"data:image\/gif;base64,R0lGODdhAQABAPAAAMPDwwAAACwAAAAAAQABAAACAkQBADs=\" data-original=\"\/mediatheque\/5\/0\/5\/002434505_256x170_c.jpg\" alt=\"Grand Paris \u2022 Ile-de-France : Bouygues B\u00e2timent IDF et L\u00e9on Grosse, laur\u00e9ats des Cl\u00e9s d'or\"\/><br \/>\n<\/a><\/p>\n","protected":false},"excerpt":{"rendered":"C&rsquo;est une vitrine pour Veolia: la modernisation des usines d&rsquo;eau potable du syndicat des Eaux d&rsquo;Ile-de-France (Sedif), chantier&hellip;\n","protected":false},"author":2,"featured_media":86641,"comment_status":"","ping_status":"","sticky":false,"template":"","format":"standard","meta":{"footnotes":""},"categories":[1592],"tags":[1111,11,4858,1777,674,1011,27,2602,662,12,626,12227,25,6233],"class_list":{"0":"post-86640","1":"post","2":"type-post","3":"status-publish","4":"format-standard","5":"has-post-thumbnail","7":"category-ile-de-france","8":"tag-actu","9":"tag-actualites","10":"tag-eau","11":"tag-eu","12":"tag-europe","13":"tag-fr","14":"tag-france","15":"tag-grand-paris-ile-de-fra","16":"tag-ile-de-france","17":"tag-news","18":"tag-paris","19":"tag-region-ile-de-france","20":"tag-republique-francaise","21":"tag-technique"},"share_on_mastodon":{"url":"https:\/\/pubeurope.com\/@fr\/114477544542575413","error":""},"_links":{"self":[{"href":"https:\/\/www.europesays.com\/fr\/wp-json\/wp\/v2\/posts\/86640","targetHints":{"allow":["GET"]}}],"collection":[{"href":"https:\/\/www.europesays.com\/fr\/wp-json\/wp\/v2\/posts"}],"about":[{"href":"https:\/\/www.europesays.com\/fr\/wp-json\/wp\/v2\/types\/post"}],"author":[{"embeddable":true,"href":"https:\/\/www.europesays.com\/fr\/wp-json\/wp\/v2\/users\/2"}],"replies":[{"embeddable":true,"href":"https:\/\/www.europesays.com\/fr\/wp-json\/wp\/v2\/comments?post=86640"}],"version-history":[{"count":0,"href":"https:\/\/www.europesays.com\/fr\/wp-json\/wp\/v2\/posts\/86640\/revisions"}],"wp:featuredmedia":[{"embeddable":true,"href":"https:\/\/www.europesays.com\/fr\/wp-json\/wp\/v2\/media\/86641"}],"wp:attachment":[{"href":"https:\/\/www.europesays.com\/fr\/wp-json\/wp\/v2\/media?parent=86640"}],"wp:term":[{"taxonomy":"category","embeddable":true,"href":"https:\/\/www.europesays.com\/fr\/wp-json\/wp\/v2\/categories?post=86640"},{"taxonomy":"post_tag","embeddable":true,"href":"https:\/\/www.europesays.com\/fr\/wp-json\/wp\/v2\/tags?post=86640"}],"curies":[{"name":"wp","href":"https:\/\/api.w.org\/{rel}","templated":true}]}}