{"id":86652,"date":"2025-05-09T11:09:09","date_gmt":"2025-05-09T11:09:09","guid":{"rendered":"https:\/\/www.europesays.com\/fr\/86652\/"},"modified":"2025-05-09T11:09:09","modified_gmt":"2025-05-09T11:09:09","slug":"macron-salue-lappel-tres-clair-de-trump-a-un-cessez-le-feu","status":"publish","type":"post","link":"https:\/\/www.europesays.com\/fr\/86652\/","title":{"rendered":"Macron salue \u00abl&rsquo;appel tr\u00e8s clair\u00bb de Trump \u00e0 un cessez-le-feu"},"content":{"rendered":"<p>            <a href=\"https:\/\/www.lefigaro.fr\/conjoncture\/droits-de-douane-l-ancien-vice-president-mike-pence-juge-que-les-mesures-de-trump-risquent-de-nuire-a-l-economie-americaine-20250506\" class=\"fig-ranking-profile-link\" data-fig-domain=\"LEFIGARO\" rel=\"nofollow noopener\" target=\"_blank\"><\/p>\n<p>        Droits de douane\u00a0: l\u2019ancien vice-pr\u00e9sident Mike Pence juge que les mesures de Trump risquent de nuire \u00ab\u00e0 l\u2019\u00e9conomie am\u00e9ricaine\u00bb<\/p>\n<p>                                                                        <\/a><\/p>\n<p>        <img   class=\"fig-img fig-ranking-profile-media-small-picture__photo\" alt=\"Droits de douane\u00a0: l\u2019ancien vice-pr\u00e9sident Mike Pence juge que les mesures de Trump risquent de nuire \u00ab\u00e0 l\u2019\u00e9conomie am\u00e9ricaine\u00bb\" height=\"2055\" width=\"3000\"\/><\/p>\n<p class=\"fig-ranking-profile-standfirst\">\n    Depuis son retour aux affaires en janvier, Donald Trump a impos\u00e9 des droits de douane \u00e0 la plupart des partenaires commerciaux des \u00c9tats-Unis, afin de rem\u00e9dier \u00e0 ce qu\u2019il estime \u00eatre des pratiques commerciales \u00abd\u00e9loyales\u00bb.\n<\/p>\n<p>            <a href=\"https:\/\/www.lefigaro.fr\/culture\/affaire-p-diddy-quelles-personnalites-seraient-impliquees-dans-le-scandale-20241013\" class=\"fig-ranking-profile-link\" data-fig-domain=\"LEFIGARO\" rel=\"nofollow noopener\" target=\"_blank\"><\/p>\n<p>        Proc\u00e8s P. Diddy\u00a0: quelles personnalit\u00e9s seraient impliqu\u00e9es dans le scandale sexuel\u00a0?<\/p>\n<p>                                                                        <\/a><\/p>\n<p>        <img   class=\"fig-img fig-ranking-profile-media-small-picture__photo\" alt=\"Proc\u00e8s P. Diddy\u00a0: quelles personnalit\u00e9s seraient impliqu\u00e9es dans le scandale sexuel\u00a0?\" height=\"2000\" width=\"3000\"\/><\/p>\n<p class=\"fig-ranking-profile-standfirst\">\n    Beyonc\u00e9, Jay-Z, les princes William et Harry ou encore Justin Bieber&#8230; Depuis les centaines d\u2019accusations de trafic sexuel contre P. Diddy, de nombreuses personnalit\u00e9s sont point\u00e9es du doigt. Le proc\u00e8s du rappeur s\u2019est ouvert lundi 5 mai.\n<\/p>\n<p>            <a href=\"https:\/\/www.lefigaro.fr\/international\/bill-gates-deplore-qu-elon-musk-l-homme-le-plus-riche-du-monde-tue-les-enfants-les-plus-pauvres-au-monde-20250508\" class=\"fig-ranking-profile-link\" data-fig-domain=\"LEFIGARO\" rel=\"nofollow noopener\" target=\"_blank\"><\/p>\n<p>        Bill Gates d\u00e9plore qu\u2019Elon Musk, l\u2019homme \u00able plus riche du monde\u00bb, \u00abtue les enfants les plus pauvres au monde\u00bb<\/p>\n<p>                                                                        <\/a><\/p>\n<p>        <img   class=\"fig-img fig-ranking-profile-media-small-picture__photo\" alt=\"Bill Gates d\u00e9plore qu\u2019Elon Musk, l\u2019homme \u00able plus riche du monde\u00bb, \u00abtue les enfants les plus pauvres au monde\u00bb\" height=\"2000\" width=\"3000\"\/><\/p>\n<p class=\"fig-ranking-profile-standfirst\">\n    Le milliardaire am\u00e9ricain, qui s\u2019est engag\u00e9 jeudi \u00e0 donner 200 milliards de dollars via sa fondation d\u2019ici 2045, fait r\u00e9f\u00e9rence aux coupes budg\u00e9taires de l\u2019aide am\u00e9ricaine internationale par le DOGE, dirig\u00e9 par Elon Musk.<\/p>\n","protected":false},"excerpt":{"rendered":"Droits de douane\u00a0: l\u2019ancien vice-pr\u00e9sident Mike Pence juge que les mesures de Trump risquent de nuire \u00ab\u00e0 l\u2019\u00e9conomie&hellip;\n","protected":false},"author":2,"featured_media":86653,"comment_status":"","ping_status":"","sticky":false,"template":"","format":"standard","meta":{"footnotes":""},"categories":[1590],"tags":[259,11,260,75,1073,1777,674,14,261,12,262,220],"class_list":{"0":"post-86652","1":"post","2":"type-post","3":"status-publish","4":"format-standard","5":"has-post-thumbnail","7":"category-ukraine","8":"tag-actualite-internationale","9":"tag-actualites","10":"tag-affaires-etrangeres","11":"tag-donald-trump","12":"tag-emmanuel-macron","13":"tag-eu","14":"tag-europe","15":"tag-international","16":"tag-ministere-des-affaires-etrangeres","17":"tag-news","18":"tag-politique-etrangere","19":"tag-ukraine"},"share_on_mastodon":{"url":"https:\/\/pubeurope.com\/@fr\/114477568165430881","error":""},"_links":{"self":[{"href":"https:\/\/www.europesays.com\/fr\/wp-json\/wp\/v2\/posts\/86652","targetHints":{"allow":["GET"]}}],"collection":[{"href":"https:\/\/www.europesays.com\/fr\/wp-json\/wp\/v2\/posts"}],"about":[{"href":"https:\/\/www.europesays.com\/fr\/wp-json\/wp\/v2\/types\/post"}],"author":[{"embeddable":true,"href":"https:\/\/www.europesays.com\/fr\/wp-json\/wp\/v2\/users\/2"}],"replies":[{"embeddable":true,"href":"https:\/\/www.europesays.com\/fr\/wp-json\/wp\/v2\/comments?post=86652"}],"version-history":[{"count":0,"href":"https:\/\/www.europesays.com\/fr\/wp-json\/wp\/v2\/posts\/86652\/revisions"}],"wp:featuredmedia":[{"embeddable":true,"href":"https:\/\/www.europesays.com\/fr\/wp-json\/wp\/v2\/media\/86653"}],"wp:attachment":[{"href":"https:\/\/www.europesays.com\/fr\/wp-json\/wp\/v2\/media?parent=86652"}],"wp:term":[{"taxonomy":"category","embeddable":true,"href":"https:\/\/www.europesays.com\/fr\/wp-json\/wp\/v2\/categories?post=86652"},{"taxonomy":"post_tag","embeddable":true,"href":"https:\/\/www.europesays.com\/fr\/wp-json\/wp\/v2\/tags?post=86652"}],"curies":[{"name":"wp","href":"https:\/\/api.w.org\/{rel}","templated":true}]}}