{"id":86654,"date":"2025-05-09T11:10:14","date_gmt":"2025-05-09T11:10:14","guid":{"rendered":"https:\/\/www.europesays.com\/fr\/86654\/"},"modified":"2025-05-09T11:10:14","modified_gmt":"2025-05-09T11:10:14","slug":"toutes-les-options-sont-sur-la-table-previent-von-der-leyen","status":"publish","type":"post","link":"https:\/\/www.europesays.com\/fr\/86654\/","title":{"rendered":"Toutes les options sont sur la table, pr\u00e9vient Von der Leyen"},"content":{"rendered":"<p>\t\t\tToutes les options seront explor\u00e9es par l\u2019Union europ\u00e9enne si les n\u00e9gociations en cours avec les \u00c9tats-Unis n\u2019aboutissent pas \u00e0 une solution mutuellement avantageuse et \u00e0 la suppression des droits de douane am\u00e9ricains, a pr\u00e9venu, vendredi, la pr\u00e9sidente de la Commission europ\u00e9enne (CE), Ursula von der Leyen.<\/p>\n<p style=\"text-align: justify;\">\u2018\u2019Nous travaillons activement \u00e0 une solution n\u00e9goci\u00e9e aux droits de douane am\u00e9ricains. Une solution \u00e9quilibr\u00e9e, \u00e9quitable et mutuellement avantageuse, qui renforce les deux c\u00f4t\u00e9s de l\u2019Atlantique. Mais si les n\u00e9gociations \u00e9chouent, nous agirons\u2019\u2019, a d\u00e9clar\u00e9 la cheffe de l\u2019Ex\u00e9cutif, lors d\u2019une conf\u00e9rence de presse, \u00e0 l\u2019issue de son entretien \u00e0 Bruxelles avec le nouveau chancelier allemand Friedrich Merz.<\/p>\n<p>Relevant que l\u2019UE a propos\u00e9 aux Etats-Unis une \u2018\u2019offre z\u00e9ro pour z\u00e9ro\u2019\u2019, \u00e0 travers la suppression des droits de douane sur les produits industriels, Mme Von der Leyen a, toutefois, insist\u00e9 que \u2018\u2019toutes les options sont sur la table\u2019\u2019, en cas d\u2019\u00e9chec des n\u00e9gociations.<\/p>\n<p style=\"text-align: justify;\"><strong>Lire aussi :\u00a0<a style=\"color: #008000;\" href=\"https:\/\/maroc-diplomatique.net\/von-der-leyen-annonce-un-financement-de-500-millions-deuros-pour-attirer\/\" rel=\"nofollow noopener\" target=\"_blank\">Von der Leyen annonce un financement de 500 millions d\u2019euros pour attirer les chercheurs en Europe<\/a><\/strong><\/p>\n<p style=\"text-align: justify;\">\u2018\u2019Nous avons conclu 76 accords commerciaux (avec des pays du monde entier), et leur nombre ne cesse de cro\u00eetre. Nous serions ravis d\u2019y inclure les \u00c9tats-Unis\u2019\u2019, a-t-elle dit.<\/p>\n<p>Jeudi, la Commission a annonc\u00e9 le lancement d\u2019une consultation publique sur une liste d\u2019importations am\u00e9ricaines susceptibles de faire l\u2019objet de contre-mesures de l\u2019UE en r\u00e9ponse aux droits de douanes impos\u00e9s par Washington, pour une valeur de 95 milliards d\u2019euros. Ces mesures, qui couvrent \u00ab\u00a0un large \u00e9ventail de produits industriels et agricoles\u00a0\u00bb am\u00e9ricains, seront mises en \u0153uvre \u00ab\u00a0si les n\u00e9gociations en cours \u00e9chouent\u00ab\u00a0.<\/p>\n<p>Parall\u00e8lement, l\u2019UE lancera une proc\u00e9dure de r\u00e8glement des diff\u00e9rends \u00e0 l\u2019Organisation mondiale du commerce (OMC) contre les \u00c9tats-Unis concernant leurs droits de douane universels, dits \u2018\u2019r\u00e9ciproques\u2019\u2019 et leurs droits de douane sur les voitures et les pi\u00e8ces d\u00e9tach\u00e9es automobiles, selon Bruxelles, qui se dit \u201cconvaincue que ces droits de douane constituent une violation flagrante des r\u00e8gles fondamentales de l\u2019OMC\u00ab\u00a0.<\/p>\n<p>Quelque 379 milliards d\u2019euros d\u2019exportations de l\u2019UE vers les \u00c9tats-Unis (soit 70 % du total) sont actuellement soumis aux nouveaux droits de douane am\u00e9ricains, y compris ceux suspendus, selon les chiffres de la CE.<\/p>\n<p>Avec MAP<\/p>\n","protected":false},"excerpt":{"rendered":"Toutes les options seront explor\u00e9es par l\u2019Union europ\u00e9enne si les n\u00e9gociations en cours avec les \u00c9tats-Unis n\u2019aboutissent pas&hellip;\n","protected":false},"author":2,"featured_media":86655,"comment_status":"","ping_status":"","sticky":false,"template":"","format":"standard","meta":{"footnotes":""},"categories":[1589],"tags":[11,19543,981,73,1866,4710,12,7834,1778,1864,1865,1863,308,19665],"class_list":{"0":"post-86654","1":"post","2":"type-post","3":"status-publish","4":"format-standard","5":"has-post-thumbnail","7":"category-etats-unis","8":"tag-actualites","9":"tag-commerciales","10":"tag-douane","11":"tag-etats-unis","12":"tag-etats-unis-damerique","13":"tag-friedrich-merz","14":"tag-news","15":"tag-omc","16":"tag-ue","17":"tag-united-states","18":"tag-united-states-of-america","19":"tag-us","20":"tag-usa","21":"tag-von-der-leyen"},"share_on_mastodon":{"url":"https:\/\/pubeurope.com\/@fr\/114477572006143480","error":""},"_links":{"self":[{"href":"https:\/\/www.europesays.com\/fr\/wp-json\/wp\/v2\/posts\/86654","targetHints":{"allow":["GET"]}}],"collection":[{"href":"https:\/\/www.europesays.com\/fr\/wp-json\/wp\/v2\/posts"}],"about":[{"href":"https:\/\/www.europesays.com\/fr\/wp-json\/wp\/v2\/types\/post"}],"author":[{"embeddable":true,"href":"https:\/\/www.europesays.com\/fr\/wp-json\/wp\/v2\/users\/2"}],"replies":[{"embeddable":true,"href":"https:\/\/www.europesays.com\/fr\/wp-json\/wp\/v2\/comments?post=86654"}],"version-history":[{"count":0,"href":"https:\/\/www.europesays.com\/fr\/wp-json\/wp\/v2\/posts\/86654\/revisions"}],"wp:featuredmedia":[{"embeddable":true,"href":"https:\/\/www.europesays.com\/fr\/wp-json\/wp\/v2\/media\/86655"}],"wp:attachment":[{"href":"https:\/\/www.europesays.com\/fr\/wp-json\/wp\/v2\/media?parent=86654"}],"wp:term":[{"taxonomy":"category","embeddable":true,"href":"https:\/\/www.europesays.com\/fr\/wp-json\/wp\/v2\/categories?post=86654"},{"taxonomy":"post_tag","embeddable":true,"href":"https:\/\/www.europesays.com\/fr\/wp-json\/wp\/v2\/tags?post=86654"}],"curies":[{"name":"wp","href":"https:\/\/api.w.org\/{rel}","templated":true}]}}