{"id":86723,"date":"2025-05-09T11:52:12","date_gmt":"2025-05-09T11:52:12","guid":{"rendered":"https:\/\/www.europesays.com\/fr\/86723\/"},"modified":"2025-05-09T11:52:12","modified_gmt":"2025-05-09T11:52:12","slug":"grenoble-franck-rizzetto-on-aspire-a-aller-plus-haut-mais-on-a-vu-la-difficulte-face-aux-equipes-du-haut","status":"publish","type":"post","link":"https:\/\/www.europesays.com\/fr\/86723\/","title":{"rendered":"Grenoble &#8211; Franck Rizzetto : \u00ab On aspire \u00e0 aller plus haut, mais on a vu la difficult\u00e9 face aux \u00e9quipes du haut \u00bb"},"content":{"rendered":"<p style=\"text-align: justify;\">La prolongation de <strong>Franck Rizzetto<\/strong> officialis\u00e9e, le maintien s\u00e9curis\u00e9 et les play-offs hors de port\u00e9e\u2026 <strong>Grenoble<\/strong> a tout pour commencer \u00e0 se tourner vers la saison prochaine, mais il lui reste tout de m\u00eame un dernier match \u00e0 disputer ce samedi (17h). En cl\u00f4ture de l\u2019exercice 2024-2025 de <strong>Ligue 2<\/strong>, le GF38 se d\u00e9placera au Parc des Sports pour y disputer un derby face au FC Annecy (7e).<\/p>\n<p style=\"text-align: justify;\">Une rencontre sans grand enjeu comptable, si ce n\u2019est celui de finir sur une bonne note en d\u00e9passant son adversaire du week-end et rival g\u00e9ographique. Pr\u00e9sent en conf\u00e9rence de presse en amont de ce duel en Haute-Savoie, l\u2019entra\u00eeneur is\u00e9rois, globalement satisfait par l\u2019\u00e9tat d\u2019esprit affich\u00e9 par ses hommes, a profit\u00e9 de ce contexte particulier pour dresser un bilan de leurs performances.<\/p>\n<p>\u00c0 lire aussi &gt;&gt;\u00a0<a href=\"https:\/\/maligue2.fr\/2025\/05\/07\/ligue-2-officiel-franck-rizzetto-prolonge-pour-longtemps-au-grenoble-foot-38\/\" target=\"_blank\" rel=\"noopener\">Ligue 2 \u2013 Officiel : Franck Rizzetto prolonge pour longtemps au Grenoble Foot 38 !<\/a><\/p>\n<p style=\"text-align: justify;\">\u00ab Le GF a \u00e9t\u00e9 rarement au-del\u00e0 de la 10e place cette saison. Si on est l\u00e0 r\u00e9guli\u00e8rement, c\u2019est que c\u2019est notre place. <strong>On aspire \u00e0 aller plus haut, mais on a vu la difficult\u00e9 face aux \u00e9quipes du haut.<\/strong> On a tr\u00e8s peu gagn\u00e9, \u00e7a veut dire ce que \u00e7a veut dire. C\u2019est peut-\u00eatre une coh\u00e9rence tactique et technique qui font qu\u2019on peut faire basculer des matchs. Par rapport \u00e0 mon groupe, \u00e7a a \u00e9t\u00e9 un r\u00e9el plaisir d\u2019\u00eatre avec eux pendant tous ces mois. C\u2019est un groupe qui ne l\u00e2che jamais rien, ce sera important de le garder la saison prochaine. \u00bb<\/p>\n<p>Source : <a href=\"https:\/\/www.francebleu.fr\/sports\/football\/ligue-2-le-gf38-veut-finir-en-beaute-et-pense-deja-a-la-saison-prochaine-9652062\" target=\"_blank\" rel=\"noopener\">ici Is\u00e8re<\/a><\/p>\n<p>Photo by Loic Baratoux \/FEP\/Icon Sport<\/p>\n","protected":false},"excerpt":{"rendered":"La prolongation de Franck Rizzetto officialis\u00e9e, le maintien s\u00e9curis\u00e9 et les play-offs hors de port\u00e9e\u2026 Grenoble a tout&hellip;\n","protected":false},"author":2,"featured_media":33464,"comment_status":"","ping_status":"","sticky":false,"template":"","format":"standard","meta":{"footnotes":""},"categories":[9566],"tags":[1111,11,2430,1777,674,1011,27,11089,2731,12,25],"class_list":{"0":"post-86723","1":"post","2":"type-post","3":"status-publish","4":"format-standard","5":"has-post-thumbnail","7":"category-grenoble","8":"tag-actu","9":"tag-actualites","10":"tag-auvergne-rhone-alpes","11":"tag-eu","12":"tag-europe","13":"tag-fr","14":"tag-france","15":"tag-franck-rizzetto","16":"tag-grenoble","17":"tag-news","18":"tag-republique-francaise"},"share_on_mastodon":{"url":"https:\/\/pubeurope.com\/@fr\/114477737297238453","error":""},"_links":{"self":[{"href":"https:\/\/www.europesays.com\/fr\/wp-json\/wp\/v2\/posts\/86723","targetHints":{"allow":["GET"]}}],"collection":[{"href":"https:\/\/www.europesays.com\/fr\/wp-json\/wp\/v2\/posts"}],"about":[{"href":"https:\/\/www.europesays.com\/fr\/wp-json\/wp\/v2\/types\/post"}],"author":[{"embeddable":true,"href":"https:\/\/www.europesays.com\/fr\/wp-json\/wp\/v2\/users\/2"}],"replies":[{"embeddable":true,"href":"https:\/\/www.europesays.com\/fr\/wp-json\/wp\/v2\/comments?post=86723"}],"version-history":[{"count":0,"href":"https:\/\/www.europesays.com\/fr\/wp-json\/wp\/v2\/posts\/86723\/revisions"}],"wp:featuredmedia":[{"embeddable":true,"href":"https:\/\/www.europesays.com\/fr\/wp-json\/wp\/v2\/media\/33464"}],"wp:attachment":[{"href":"https:\/\/www.europesays.com\/fr\/wp-json\/wp\/v2\/media?parent=86723"}],"wp:term":[{"taxonomy":"category","embeddable":true,"href":"https:\/\/www.europesays.com\/fr\/wp-json\/wp\/v2\/categories?post=86723"},{"taxonomy":"post_tag","embeddable":true,"href":"https:\/\/www.europesays.com\/fr\/wp-json\/wp\/v2\/tags?post=86723"}],"curies":[{"name":"wp","href":"https:\/\/api.w.org\/{rel}","templated":true}]}}