{"id":86737,"date":"2025-05-09T12:00:09","date_gmt":"2025-05-09T12:00:09","guid":{"rendered":"https:\/\/www.europesays.com\/fr\/86737\/"},"modified":"2025-05-09T12:00:09","modified_gmt":"2025-05-09T12:00:09","slug":"un-homme-arrete-pour-une-serie-de-vols-pres-de-nantes","status":"publish","type":"post","link":"https:\/\/www.europesays.com\/fr\/86737\/","title":{"rendered":"un homme arr\u00eat\u00e9 pour une s\u00e9rie de vols pr\u00e8s de Nantes"},"content":{"rendered":"<p>Un trentenaire devait \u00eatre jug\u00e9 vendredi, au tribunal correctionnel de Saint-Nazaire, pour avoir d\u00e9valis\u00e9 une quinzaine de commerces et de campings sur la c\u00f4te de Jade, entre mars et avril. Il r\u00e9investissait son butin dans sa consommation de coca\u00efne.<\/p>\n<p class=\"fig-paragraph\">L\u2019individu a reconnu 13 cambriolages. Mercredi 7 mai, le\u00a0<a href=\"https:\/\/www.lefigaro.fr\/actualite-france\/prise-d-otages-tueries-de-masse-les-gendarmes-se-forment-avec-l-armee-20220617\" target=\"_blank\" data-fig-type=\"Article\" rel=\"noopener\" data-gtm-custom-categorie=\"navigation\" data-gtm-custom-action=\"crossclick\" data-gtm-custom-label=\"Contextuel\" data-gtm-event=\"customEventSPE\" data-fig-domain=\"LEFIGARO\">peloton de surveillance et d\u2019intervention de la Gendarmerie (PSIG)<\/a>\u00a0est intervenu dans un logement de La Plaine-sur-Mer, \u00e0 une quarantaine de kilom\u00e8tres \u00e0 l\u2019ouest\u00a0<a href=\"https:\/\/www.lefigaro.fr\/nantes\" target=\"_blank\" data-fig-type=\"Section\" rel=\"noopener\" data-gtm-custom-categorie=\"navigation\" data-gtm-custom-action=\"crossclick\" data-gtm-custom-label=\"Contextuel\" data-gtm-event=\"customEventSPE\" data-fig-domain=\"LEFIGARO\">de Nantes<\/a>\u00a0(Loire-Atlantique), pour interpeller un homme de 34 ans. Suspect\u00e9e d\u2019\u00eatre l\u2019auteur d\u2019une s\u00e9rie\u00a0<a href=\"http:\/\/www.lefigaro.fr\/actualite-france\/un-cambriolage-toutes-les-trois-minutes-en-france-20240621\" target=\"_blank\" data-fig-type=\"Article\" rel=\"noopener\" data-gtm-custom-categorie=\"navigation\" data-gtm-custom-action=\"crossclick\" data-gtm-custom-label=\"Contextuel\" data-gtm-event=\"customEventSPE\" data-fig-domain=\"LEFIGARO\">de cambriolages<\/a>\u00a0signal\u00e9s au cours du printemps, le long de la c\u00f4te de Jade, la personne a \u00e9t\u00e9 plac\u00e9e en garde \u00e0 vue.<\/p>\n<p class=\"fig-paragraph\">Les enqu\u00eateurs sont parvenus \u00e0 relier l\u2019individu arr\u00eat\u00e9 cette semaine \u00e0 plusieurs vols, commis de nuit, en majorit\u00e9 dans des campings, des commerces et des restaurants du littoral. Outre l\u2019argent liquide, des bouteilles d\u2019alcool ont \u00e9galement \u00e9t\u00e9 d\u00e9clar\u00e9es vol\u00e9es, pr\u00e9cise la compagnie de gendarmerie d\u00e9partementale de Pornic. Les 13 faits reconnus par le mis en cause s\u2019\u00e9talent du 26 mars au 25 avril, sur les communes de Pornic, La Plaine-sur-Mer, Pr\u00e9failles, La Bernerie-en-Retz, Les Moutiers-en-Retz et Saint-Michel-Chef-Chef.<\/p>\n<p class=\"fig-paragraph\">L\u2019enqu\u00eate des gendarmes a \u00e9t\u00e9 \u00ablargement\u00bb facilit\u00e9e par les dispositifs de vid\u00e9oprotection des commerces cambriol\u00e9s, et des communes, a pr\u00e9cis\u00e9 le chef d\u2019escadron \u00c9tienne Naud, dans un communiqu\u00e9 diffus\u00e9 le 9 mai. Plusieurs recoupements ont permis aux enqu\u00eateurs de cerner leur suspect, malgr\u00e9 son visage dissimul\u00e9 et le port de gants. Selon la gendarmerie, le mis en cause avait notamment besoin de l\u2019argent de ses larcins pour se procurer ses doses de coca\u00efne. D\u00e9f\u00e9r\u00e9 jeudi devant le parquet de Saint-Nazaire, il devait \u00eatre jug\u00e9 vendredi en comparution imm\u00e9diate.<\/p>\n","protected":false},"excerpt":{"rendered":"Un trentenaire devait \u00eatre jug\u00e9 vendredi, au tribunal correctionnel de Saint-Nazaire, pour avoir d\u00e9valis\u00e9 une quinzaine de commerces&hellip;\n","protected":false},"author":2,"featured_media":86738,"comment_status":"","ping_status":"","sticky":false,"template":"","format":"standard","meta":{"footnotes":""},"categories":[2818],"tags":[1111,11,1174,1777,674,462,1011,27,2640,2642,766,2638,2643,2637,2639,2646,2645,2641,2635,2644,2647,12,2636,25],"class_list":{"0":"post-86737","1":"post","2":"type-post","3":"status-publish","4":"format-standard","5":"has-post-thumbnail","7":"category-nantes","8":"tag-actu","9":"tag-actualites","10":"tag-cambriolage","11":"tag-eu","12":"tag-europe","13":"tag-fc-nantes","14":"tag-fr","15":"tag-france","16":"tag-hauts-paves-saint-felix","17":"tag-ile-de-nantes","18":"tag-nantes","19":"tag-nantes-bellevue-chantenay-sainte-anne","20":"tag-nantes-breil-barberie","21":"tag-nantes-centre-ville","22":"tag-nantes-dervallieres-zola","23":"tag-nantes-doulon-bottiere","24":"tag-nantes-erdre","25":"tag-nantes-malakoff-saint-donatien","26":"tag-nantes-metropole","27":"tag-nantes-nord","28":"tag-nantes-sud","29":"tag-news","30":"tag-pays-de-la-loire","31":"tag-republique-francaise"},"share_on_mastodon":{"url":"https:\/\/pubeurope.com\/@fr\/114477768581874225","error":""},"_links":{"self":[{"href":"https:\/\/www.europesays.com\/fr\/wp-json\/wp\/v2\/posts\/86737","targetHints":{"allow":["GET"]}}],"collection":[{"href":"https:\/\/www.europesays.com\/fr\/wp-json\/wp\/v2\/posts"}],"about":[{"href":"https:\/\/www.europesays.com\/fr\/wp-json\/wp\/v2\/types\/post"}],"author":[{"embeddable":true,"href":"https:\/\/www.europesays.com\/fr\/wp-json\/wp\/v2\/users\/2"}],"replies":[{"embeddable":true,"href":"https:\/\/www.europesays.com\/fr\/wp-json\/wp\/v2\/comments?post=86737"}],"version-history":[{"count":0,"href":"https:\/\/www.europesays.com\/fr\/wp-json\/wp\/v2\/posts\/86737\/revisions"}],"wp:featuredmedia":[{"embeddable":true,"href":"https:\/\/www.europesays.com\/fr\/wp-json\/wp\/v2\/media\/86738"}],"wp:attachment":[{"href":"https:\/\/www.europesays.com\/fr\/wp-json\/wp\/v2\/media?parent=86737"}],"wp:term":[{"taxonomy":"category","embeddable":true,"href":"https:\/\/www.europesays.com\/fr\/wp-json\/wp\/v2\/categories?post=86737"},{"taxonomy":"post_tag","embeddable":true,"href":"https:\/\/www.europesays.com\/fr\/wp-json\/wp\/v2\/tags?post=86737"}],"curies":[{"name":"wp","href":"https:\/\/api.w.org\/{rel}","templated":true}]}}