{"id":86753,"date":"2025-05-09T12:08:09","date_gmt":"2025-05-09T12:08:09","guid":{"rendered":"https:\/\/www.europesays.com\/fr\/86753\/"},"modified":"2025-05-09T12:08:09","modified_gmt":"2025-05-09T12:08:09","slug":"marseille-un-jeune-majeur-a-deux-roues-et-sans-casque-percute-violemment-une-voiture","status":"publish","type":"post","link":"https:\/\/www.europesays.com\/fr\/86753\/","title":{"rendered":"Marseille. Un jeune majeur \u00e0 deux-roues et sans casque percute violemment une voiture"},"content":{"rendered":"<p>            Par<br \/>\n        <strong><br \/>\n            <a href=\"https:\/\/actu.fr\/auteur\/thibault-nadal-actu-fr\" title=\"Consulter tous les articles de Thibault Nadal\" target=\"_blank\" rel=\"noopener\">Thibault Nadal<\/a><br \/>\n        <\/strong><\/p>\n<p>        Publi\u00e9 le<\/p>\n<p>            9 mai 2025 \u00e0 11h00        <\/p>\n<p>Un <a href=\"https:\/\/actu.fr\/tag\/accident\" target=\"_blank\" rel=\"noopener\">accident<\/a> qui aurait pu avoir des cons\u00e9quences dramatiques. Ce jeudi 8\u00a0mai 2025, un jeune homme de 18\u00a0ans qui <strong>conduisait un deux-roues sans casque<\/strong> a \u00e9t\u00e9 percut\u00e9 par une voiture dans le 11e arrondissement de <a href=\"https:\/\/actu.fr\/marseille\/\" target=\"_blank\" rel=\"noopener\">Marseille<\/a>, apprend actu Marseille aupr\u00e8s des marins-pompiers, confirmant une information de <a href=\"https:\/\/www.laprovence.com\/article\/faits-divers-justice\/1921059931748414\/marseille-sans-casque-un-pilote-de-deux-roues-grievement-blesse-apres-une-collision-avec-une-automobiliste\" target=\"_blank\" rel=\"noopener\">La Provence<\/a>.<\/p>\n<p>La victime bless\u00e9e \u00e0 la t\u00eate<\/p>\n<p class=\" wall-content\">Les faits se sont produits en milieu d\u2019apr\u00e8s-midi ce jeudi, au niveau de l\u2019avenue Jean Lombard.\u00a0Selon nos confr\u00e8res, c\u2019est le conducteur \u2013 qui roulait sans casque au moment des faits \u2013 qui a violemment percut\u00e9 l\u2019arri\u00e8re du v\u00e9hicule, alors que sa conductrice s\u2019appr\u00eatait \u00e0 tourner.<\/p>\n<p class=\" wall-content\">Une version qui expliquerait son traumatisme \u00e0 la t\u00eate, pr\u00e9cise les marins-pompiers. Gri\u00e8vement bless\u00e9, le jeune homme a \u00e9t\u00e9 transport\u00e9 \u00e0 l\u2019h\u00f4pital <strong>sans pronostic vital engag\u00e9<\/strong>.<\/p>\n<p class=\" wall-content\">La conductrice du v\u00e9hicule, une femme \u00e2g\u00e9e d\u2019une cinquantaine d\u2019ann\u00e9es, a \u00e9galement \u00e9t\u00e9 transport\u00e9e \u00e0 l\u2019h\u00f4pital en raison de douleurs au dos.<\/p>\n<p class=\" wall-content\">Suivez toute l\u2019actualit\u00e9 de vos villes et m\u00e9dias favoris en vous inscrivant \u00e0 <a href=\"https:\/\/moncompte.actu.fr\" title=\"D\u00e9couvez Mon Actu\" rel=\"nofollow noopener\" data-trk=\"{&quot;cta&quot;:{&quot;action&quot;:&quot;https:\\\/\\\/moncompte.actu.fr&quot;,&quot;category&quot;:&quot;mon compte&quot;,&quot;from&quot;:&quot;article footer&quot;,&quot;name&quot;:&quot;Mon actu&quot;,&quot;type&quot;:&quot;cta&quot;}}\" target=\"_blank\">Mon Actu<\/a>.<\/p>\n","protected":false},"excerpt":{"rendered":"Par Thibault Nadal Publi\u00e9 le 9 mai 2025 \u00e0 11h00 Un accident qui aurait pu avoir des cons\u00e9quences&hellip;\n","protected":false},"author":2,"featured_media":86754,"comment_status":"","ping_status":"","sticky":false,"template":"","format":"standard","meta":{"footnotes":""},"categories":[2814],"tags":[119,1111,11,1777,674,118,1011,27,17289,884,12,882,25],"class_list":{"0":"post-86753","1":"post","2":"type-post","3":"status-publish","4":"format-standard","5":"has-post-thumbnail","7":"category-marseille","8":"tag-accident","9":"tag-actu","10":"tag-actualites","11":"tag-eu","12":"tag-europe","13":"tag-faits-divers","14":"tag-fr","15":"tag-france","16":"tag-marin-pompier","17":"tag-marseille","18":"tag-news","19":"tag-provence-alpes-cote-dazur","20":"tag-republique-francaise"},"share_on_mastodon":{"url":"https:\/\/pubeurope.com\/@fr\/114477800047933432","error":""},"_links":{"self":[{"href":"https:\/\/www.europesays.com\/fr\/wp-json\/wp\/v2\/posts\/86753","targetHints":{"allow":["GET"]}}],"collection":[{"href":"https:\/\/www.europesays.com\/fr\/wp-json\/wp\/v2\/posts"}],"about":[{"href":"https:\/\/www.europesays.com\/fr\/wp-json\/wp\/v2\/types\/post"}],"author":[{"embeddable":true,"href":"https:\/\/www.europesays.com\/fr\/wp-json\/wp\/v2\/users\/2"}],"replies":[{"embeddable":true,"href":"https:\/\/www.europesays.com\/fr\/wp-json\/wp\/v2\/comments?post=86753"}],"version-history":[{"count":0,"href":"https:\/\/www.europesays.com\/fr\/wp-json\/wp\/v2\/posts\/86753\/revisions"}],"wp:featuredmedia":[{"embeddable":true,"href":"https:\/\/www.europesays.com\/fr\/wp-json\/wp\/v2\/media\/86754"}],"wp:attachment":[{"href":"https:\/\/www.europesays.com\/fr\/wp-json\/wp\/v2\/media?parent=86753"}],"wp:term":[{"taxonomy":"category","embeddable":true,"href":"https:\/\/www.europesays.com\/fr\/wp-json\/wp\/v2\/categories?post=86753"},{"taxonomy":"post_tag","embeddable":true,"href":"https:\/\/www.europesays.com\/fr\/wp-json\/wp\/v2\/tags?post=86753"}],"curies":[{"name":"wp","href":"https:\/\/api.w.org\/{rel}","templated":true}]}}