{"id":86759,"date":"2025-05-09T12:11:08","date_gmt":"2025-05-09T12:11:08","guid":{"rendered":"https:\/\/www.europesays.com\/fr\/86759\/"},"modified":"2025-05-09T12:11:08","modified_gmt":"2025-05-09T12:11:08","slug":"voici-les-brocantes-et-vide-greniers-a-faire-a-paris-et-en-ile-de-france-le-week-end-des-10-et-11-mai","status":"publish","type":"post","link":"https:\/\/www.europesays.com\/fr\/86759\/","title":{"rendered":"Voici les brocantes et vide-greniers \u00e0 faire \u00e0 Paris et en \u00cele-de-France le week-end des 10 et 11 mai"},"content":{"rendered":"<p>            Par<br \/>\n        <strong><br \/>\n            <a href=\"https:\/\/actu.fr\/auteur\/redaction-paris\" title=\"Consulter tous les articles de R\u00e9daction Paris\" rel=\"nofollow noopener\" target=\"_blank\">R\u00e9daction Paris<\/a><br \/>\n        <\/strong><\/p>\n<p>        Publi\u00e9 le<\/p>\n<p>            9 mai 2025 \u00e0 8h34        <\/p>\n<p>Le temps devrait \u00eatre de la partie ce week-end pour ceux qui aiment chiner, \u00e0 moins que les <a href=\"https:\/\/actu.fr\/ile-de-france\/paris_75056\/paris-apres-une-grele-fracassante-la-semaine-derniere-les-orages-pourraient-revenir-ce-week-end_62611479.html\" rel=\"nofollow noopener\" target=\"_blank\">orages<\/a> ne viennent jouer les trouble-f\u00eate. Samedi 10 et dimanche 11 mai 2025, de nombreux <a href=\"https:\/\/actu.fr\/tag\/vide-greniers\" rel=\"nofollow noopener\" target=\"_blank\">vide-greniers<\/a> et <a href=\"https:\/\/actu.fr\/tag\/brocante\" rel=\"nofollow noopener\" target=\"_blank\">brocantes<\/a> sont organis\u00e9s \u00e0 Paris et en \u00cele-de-France. Retrouvez la liste des endroits o\u00f9 les amateurs pourront se rendre dans la r\u00e9gion.\u00a0<\/p>\n<p>Les vide-greniers et brocantes pr\u00e9vus samedi 11 mai \u00e0 Paris et en \u00cele-de-France<\/p>\n<ul class=\" wall-content\">\n<li><strong>Paris (75) :<\/strong> Vide-greniers. Entr\u00e9e gratuite. 76, Boulevard de Port-Royal, Quartier du Val-de-Gr\u00e2ce<\/li>\n<li><strong>Paris (75) :<\/strong> Brocante, de 7h \u00e0 19h. Entr\u00e9e gratuite. Avenue d\u2019Italie, Quartier de Maison-Blanche<\/li>\n<li><strong>Paris (75) :<\/strong> Vide-greniers\/brocante. Entr\u00e9e gratuite. Monoprix, 76, Rue Lecourbe, Quartier Necker<\/li>\n<li><strong>Paris (75) : <\/strong>Brocante professionnelle. Entr\u00e9e gratuite. 93, Avenue Kl\u00e9ber<\/li>\n<li><strong>Paris (75) : <\/strong>Vide-greniers, de 7h \u00e0 19h. Entr\u00e9e gratuite. 3, Place Robert Desnos, Quartier de l\u2019H\u00f4pital Saint-Louis<\/li>\n<li><strong>Paris (75) :<\/strong> Brocante, de 8h \u00e0 14h. Entr\u00e9e gratuite. Place d\u2019Aligre<\/li>\n<li><strong>Paris (75) :<\/strong> March\u00e9 aux livres, de 9h \u00e0 17h. Entr\u00e9e gratuite. March\u00e9 du Livre ancien et d\u2019occasion de Paris, 104 Rue Brancion, Quartier Saint-Lambert<\/li>\n<li><strong>Paris (75) :<\/strong> Vide-greniers, de 8h30 \u00e0 17h30. Entr\u00e9e gratuite. 129, Avenue de Flandre<\/li>\n<li><strong>Cocherel (77) : <\/strong>Brocante. Entr\u00e9e gratuite. Rue de Chaton, parking de la salle des f\u00eates<\/li>\n<li><strong>Lagny-sur-Marne (77) : <\/strong>Vide-greniers, de 8h \u00e0 18h. Entr\u00e9e gratuite. \u00c9cole maternelle Orly Parc, Rue Louis Bl\u00e9riot<\/li>\n<li><strong>Saint-Fargeau-Ponthierry (77) :<\/strong> Vide-greniers, de 8h \u00e0 17h. Entr\u00e9e gratuite. Rue emile fil\u00e9e. complexe George Tettamanti<\/li>\n<li><strong>Vernou-la-Celle-sur-Seine (77) : <\/strong>Vide-greniers, de 6h30 \u00e0 18h30. Entr\u00e9e gratuite. Rue du Port<\/li>\n<li><strong style=\"font-size: 1.8rem;\">Palaiseau (91) :<\/strong> Vide-greniers, de 9h \u00e0 19h. Entr\u00e9e gratuite. Salle de la Rigole, Impasse Jean Cattant<\/li>\n<li><strong>Palaiseau (91) :<\/strong> Vide-greniers, de 9h \u00e0 18h. Entr\u00e9e gratuite. \u00c9cole, Rue de Taucha<\/li>\n<li><strong>Gif-sur-Yvette (91) :<\/strong> Vide-greniers\/brocante. Entr\u00e9e gratuite. Halle couverte \u2013 March\u00e9 du Parc, All\u00e9e du Parc<\/li>\n<li><strong>Viry-Ch\u00e2tillon (91) : <\/strong>Brocante, de 8h \u00e0 18h. Entr\u00e9e gratuite. 5 Avenue des Pyl\u00f4nes<\/li>\n<li><strong>Le Blanc-Mesnil (93) :\u00a0<\/strong>Vide-greniers, de 8h \u00e0 18h. Entr\u00e9e gratuite. Square Maurice Audin<\/li>\n<li><strong>Fontenay-sous-Bois (94) :\u00a0<\/strong>Brocante, de 10h \u00e0 18h. Entr\u00e9e gratuite. 64, Rue Roublot<\/li>\n<li><strong>Ableiges (95) :\u00a0<\/strong>Vide-greniers\/brocante, de 9h \u00e0 16h. Entr\u00e9e gratuite. Domaine d\u2019Ableiges<\/li>\n<li><strong>Beauchamp (95) : <\/strong>Broc\u2019Kids, de 10h \u00e0 17h. Entr\u00e9e gratuite. Salle Anatole France, Avenue Anatole France<\/li>\n<li><strong>Beauchamps (95) :\u00a0<\/strong>Bourse aux v\u00eatements, de 10h \u00e0 19h. Entr\u00e9e gratuite. Salle des f\u00eates, Chauss\u00e9e Jules C\u00e9sar<\/li>\n<li><strong>Pierrelaye (95) : <\/strong>Vide-greniers, de 8h \u00e0 18h. Entr\u00e9e gratuite. March\u00e9 de Pierrelaye, Rue des Jardins<\/li>\n<\/ul>\n<p>Les vide-greniers et brocantes pr\u00e9vus dimanche 12 mai \u00e0 Paris et en \u00cele-de-France<\/p>\n<ul class=\" wall-content\">\n<li><strong>Paris (75) :<\/strong> Brocante, de 7h \u00e0 19h. Entr\u00e9e gratuite. Avenue d\u2019Italie, Quartier de Maison-Blanche<\/li>\n<li><strong>Paris (75) :<\/strong> Vide-greniers\/brocante. Entr\u00e9e gratuite. Monoprix, 76, Rue Lecourbe, Quartier Necker<\/li>\n<li><strong>Paris (75) :<\/strong> Brocante professionnelle. Entr\u00e9e gratuite. 93, Avenue Kl\u00e9ber<\/li>\n<li><strong>Paris (75) :<\/strong> Vide-greniers, de 7h \u00e0 18h30. Entr\u00e9e gratuite. McDonald\u2019s, Avenue de Clichy<\/li>\n<li><strong>Paris (75) :<\/strong> Brocante, de 8h \u00e0 14h. Entr\u00e9e gratuite. Place d\u2019Aligre<\/li>\n<li><strong>Paris (75) :<\/strong> March\u00e9 aux livres, de 9h \u00e0 17h. Entr\u00e9e gratuite. March\u00e9 du Livre ancien et d\u2019occasion de Paris, 104 Rue Brancion, Quartier Saint-Lambert<\/li>\n<li><strong>Le M\u00e9e-sur-Seine (77) :<\/strong> Vide-greniers, de 6h \u00e0 16h. Entr\u00e9e gratuite. MAS, All\u00e9e du Bois<\/li>\n<li><strong>Cocherel (77) :<\/strong> Brocante. Entr\u00e9e gratuite. Rue de Chaton, parking de la salle des f\u00eates<\/li>\n<li><strong>Courtacon (77) :\u00a0<\/strong>Vide-greniers, de 8h \u00e0 18h30. 1 route de la Fert\u00e9 Gaucher<\/li>\n<li><strong>Darvault (77) :<\/strong> Vide-greniers. Entr\u00e9e gratuite. Place de la mairie<\/li>\n<li><strong>Isles-les-Meldeuses (77) :<\/strong> Brocante Geek de 8h30 \u00e0 17h. Entr\u00e9e gratuite. Salle Polyvalente Robert Escaille, Route de Trilport<\/li>\n<li><strong>May-en-Multien (77) : <\/strong>Brocante, de 7h \u00e0 18h. Entr\u00e9e gratuite. Sente de Tresmes<\/li>\n<li><strong>Moret-Loing-et-Orvanne (77) :<\/strong> Vide-greniers de 9h \u00e0 18h. Entr\u00e9e gratuite. \u00c9glise Saint-R\u00e9mi, Place de l\u2019\u00c9glise<\/li>\n<li><strong>P\u00e9cy (77) :<\/strong> Vide-greniers de 7h30 \u00e0 18h. Entr\u00e9e gratuite. Rue du Prieur\u00e9<\/li>\n<li><strong>Saint-Hilliers (77) : <\/strong>Vide-greniers. Entr\u00e9e gratuite. Stade, Chemin de la Cahutte\u00a0<\/li>\n<li><strong>Salins (77) :<\/strong> Vide-greniers\/brocante, de 8h \u00e0 18h30. Entr\u00e9e gratuite. Place du village<\/li>\n<li><strong>Valence-en-Brie (77) :<\/strong> Brocante, de 8h \u00e0 18h. Entr\u00e9e gratuite. Place de l\u2019\u00e9glise<\/li>\n<li><strong>Vert-Saint-Denis (77) : <\/strong>Vide-greniers, de 8h \u00e0 18h. Entr\u00e9e gratuite. Place du hameau<\/li>\n<li><strong>Villiers-le-Mahieu (78) : <\/strong>Vide-greniers, de 9h \u00e0 18h. Entr\u00e9e gratuite. Rue des Pr\u00e8s et parking de la salle des f\u00eates<\/li>\n<li><strong>Viry-Ch\u00e2tillon (91) :<\/strong> Brocante, de 4h \u00e0 17h. Entr\u00e9e gratuite. 31, Route de Grigny<\/li>\n<li><strong>Corbeil-Essonnes (91) :<\/strong> Vide-greniers\/brocante, de 6h \u00e0 18h. Entr\u00e9e gratuite. Maison des associations, 15, Avenue Strathkelvin<\/li>\n<li><strong>Etampes (91) :<\/strong> Brocante, de 6h \u00e0 19h. Entr\u00e9e gratuite. Avenue Charles de Gaulle<\/li>\n<li><strong>Janville-sur-Juine (91) : <\/strong>Vide-greniers\/brocante, de 9h \u00e0 18h. Entr\u00e9e gratuite. Ch\u00e2teau de Gillevoisin, Avenue du Ch\u00e2teau<\/li>\n<li><strong>Milly-la-For\u00eat (91) : <\/strong>Brocante. Entr\u00e9e gratuite. Halle de Milly, Place du March\u00e9<\/li>\n<li><strong>Sceaux (92) :<\/strong> Bourse aux disques et aux livres, de 8h \u00e0 17h. Entr\u00e9e gratuite. Rue Albert 1er<\/li>\n<li><strong>Aubervilliers (93) : <\/strong>Vide-greniers, de 8h \u00e0 18h. Entr\u00e9e gratuite. Place Rosa Parks<\/li>\n<li><strong>Bondy (93) :<\/strong> Vide-greniers, de 8h \u00e0 18h30. Entr\u00e9e gratuite. Place Nicole Neuburger<\/li>\n<li><strong>Le Bourget (93) :<\/strong> Brocante solidaire, de 8h \u00e0 18h. Entr\u00e9e gratuite. March\u00e9 du Bourget, All\u00e9e Andr\u00e9 Cadot<\/li>\n<li><strong>Montreuil (93) : <\/strong>Vide-greniers, de 7h \u00e0 19h. Entr\u00e9e gratuite. Place de la R\u00e9publique<\/li>\n<li><strong>Noisy-le-Sec (93) :<\/strong> Vide-greniers de 8h \u00e0 18h. Entr\u00e9e gratuite. Rue Valerie Cuif, trottoir rue Anatole France, square Roux<\/li>\n<li><strong>P\u00e9rigny (94) :<\/strong> Vide-greniers\/brocante, de 6h \u00e0 18h. Entr\u00e9e gratuite. Place de la mairie et de l\u2019\u00e9glise<\/li>\n<li><strong>Charenton-le-Pont (94) : <\/strong>Vide-greniers, de 8h \u00e0 17h. Entr\u00e9e gratuite. Place Aristide-Briand<\/li>\n<li><strong>Joinville-le-Pont (94) :<\/strong> Vide-greniers, de 7h30 \u00e0 18h. Entr\u00e9e gratuite. Rue de Paris prolong\u00e9e<\/li>\n<li><strong>Nogent-sur-Marne (94) :<\/strong> Foire aux trouvailles, de 9h \u00e0 17h30. Entr\u00e9e gratuite. Pavillon Baltard, Rue Victor Basch<\/li>\n<li><strong>Saint-Maur-des-Foss\u00e9s (94) :\u00a0<\/strong>Vide-greniers, de 8h \u00e0 18h. Entr\u00e9e gratuite. 134, Avenue Pierre S\u00e9mard<\/li>\n<li><strong>Ableiges (95) :<\/strong>\u00a0Vide-greniers\/brocante, de 9h \u00e0 16h. Entr\u00e9e gratuite. Domaine d\u2019Ableiges<\/li>\n<li><strong>Beauchamp (95) :<\/strong> Broc\u2019Kids, de 10h \u00e0 17h. Entr\u00e9e gratuite. Salle Anatole France, Avenue Anatole France<\/li>\n<li><strong>Cergy (95) :\u00a0<\/strong>Vide-greniers, de 10h \u00e0 18h. Entr\u00e9e gratuite. 14, All\u00e9e de la Futaie<\/li>\n<li><strong>Cond\u00e9court (95) :<\/strong> Vide-greniers\/brocante, de 6h30 \u00e0 17h. Entr\u00e9e gratuite. Centre bourg<\/li>\n<li><strong>Ecouen (95) :<\/strong> Vide-greniers, de 8h \u00e0 18h. Entr\u00e9e gratuite. Rue du Mar\u00e9chal Leclerc<\/li>\n<li><strong>Seraincourt (95) : <\/strong>Brocante et vente d\u2019\u00e9quipements \u00e9questres, de 8h30 \u00e0 18h. Entr\u00e9e gratuite. Autour de la mairie et de l\u2019\u00e9glise<\/li>\n<\/ul>\n<p class=\" wall-content\">Suivez toute l\u2019actualit\u00e9 de vos villes et m\u00e9dias favoris en vous inscrivant \u00e0 <a href=\"https:\/\/moncompte.actu.fr\" title=\"D\u00e9couvez Mon Actu\" rel=\"nofollow noopener\" data-trk=\"{&quot;cta&quot;:{&quot;action&quot;:&quot;https:\\\/\\\/moncompte.actu.fr&quot;,&quot;category&quot;:&quot;mon compte&quot;,&quot;from&quot;:&quot;article footer&quot;,&quot;name&quot;:&quot;Mon actu&quot;,&quot;type&quot;:&quot;cta&quot;}}\" target=\"_blank\">Mon Actu<\/a>.<\/p>\n","protected":false},"excerpt":{"rendered":"Par R\u00e9daction Paris Publi\u00e9 le 9 mai 2025 \u00e0 8h34 Le temps devrait \u00eatre de la partie ce&hellip;\n","protected":false},"author":2,"featured_media":86760,"comment_status":"","ping_status":"","sticky":false,"template":"","format":"standard","meta":{"footnotes":""},"categories":[1592],"tags":[1111,11,6961,1777,674,1011,27,662,1652,12,626,25,3365],"class_list":{"0":"post-86759","1":"post","2":"type-post","3":"status-publish","4":"format-standard","5":"has-post-thumbnail","7":"category-ile-de-france","8":"tag-actu","9":"tag-actualites","10":"tag-brocante","11":"tag-eu","12":"tag-europe","13":"tag-fr","14":"tag-france","15":"tag-ile-de-france","16":"tag-loisirs-culture","17":"tag-news","18":"tag-paris","19":"tag-republique-francaise","20":"tag-vide-greniers"},"share_on_mastodon":{"url":"https:\/\/pubeurope.com\/@fr\/114477812603436993","error":""},"_links":{"self":[{"href":"https:\/\/www.europesays.com\/fr\/wp-json\/wp\/v2\/posts\/86759","targetHints":{"allow":["GET"]}}],"collection":[{"href":"https:\/\/www.europesays.com\/fr\/wp-json\/wp\/v2\/posts"}],"about":[{"href":"https:\/\/www.europesays.com\/fr\/wp-json\/wp\/v2\/types\/post"}],"author":[{"embeddable":true,"href":"https:\/\/www.europesays.com\/fr\/wp-json\/wp\/v2\/users\/2"}],"replies":[{"embeddable":true,"href":"https:\/\/www.europesays.com\/fr\/wp-json\/wp\/v2\/comments?post=86759"}],"version-history":[{"count":0,"href":"https:\/\/www.europesays.com\/fr\/wp-json\/wp\/v2\/posts\/86759\/revisions"}],"wp:featuredmedia":[{"embeddable":true,"href":"https:\/\/www.europesays.com\/fr\/wp-json\/wp\/v2\/media\/86760"}],"wp:attachment":[{"href":"https:\/\/www.europesays.com\/fr\/wp-json\/wp\/v2\/media?parent=86759"}],"wp:term":[{"taxonomy":"category","embeddable":true,"href":"https:\/\/www.europesays.com\/fr\/wp-json\/wp\/v2\/categories?post=86759"},{"taxonomy":"post_tag","embeddable":true,"href":"https:\/\/www.europesays.com\/fr\/wp-json\/wp\/v2\/tags?post=86759"}],"curies":[{"name":"wp","href":"https:\/\/api.w.org\/{rel}","templated":true}]}}