{"id":86765,"date":"2025-05-09T12:14:12","date_gmt":"2025-05-09T12:14:12","guid":{"rendered":"https:\/\/www.europesays.com\/fr\/86765\/"},"modified":"2025-05-09T12:14:12","modified_gmt":"2025-05-09T12:14:12","slug":"a-deux-heures-de-paris-cette-ile-fait-partie-des-10-plus-populaires-deurope","status":"publish","type":"post","link":"https:\/\/www.europesays.com\/fr\/86765\/","title":{"rendered":"\u00c0 deux heures de Paris, cette \u00eele fait partie des 10 plus populaires d\u2019Europe"},"content":{"rendered":"<p class=\"\" data-start=\"107\" data-end=\"479\">Qu\u2019elles soient de petites \u00eeles rocailleuses au large de l\u2019<a href=\"https:\/\/www.timeout.fr\/paris\/actualites\/situee-a-seulement-2-heures-de-paris-cette-ville-italienne-tres-prisee-vient-dinstaurer-une-nouvelle-mesure-anti-tourisme-022225\" target=\"_blank\" rel=\"noopener\">Italie<\/a>, des stars grecques comme <a href=\"https:\/\/www.timeout.fr\/paris\/voyage\/8-choses-incontournables-a-faire-a-santorin\" target=\"_blank\" rel=\"noopener\">Santorin<\/a> ou des terres volcaniques baign\u00e9es de soleil fa\u00e7on Canaries, une chose est s\u00fbre : l\u2019Europe regorge d\u2019\u00eeles plus sublimes les unes que les autres. Mais comme on pouvait s\u2019y attendre, les plus connues affichent vite complet d\u00e8s que la haute saison pointe le bout de son nez. Alors pourquoi ne pas opter pour une alternative plus paisible ? Pour vous aider \u00e0 savoir o\u00f9 poser vos valises (et quels coins \u00e9viter), la soci\u00e9t\u00e9 de location de voitures Avis a \u00e9pluch\u00e9 les recherches Google et les hashtags Instagram pour dresser la liste des \u00eeles les plus populaires du continent.<\/p>\n<p><img decoding=\"async\" id=\"caa9fe0e-9a47-4bde-5c06-bbac76d7ea33\" class=\"photo lazy inline\" loading=\"lazy\" data-component=\"lazy-embed\" src=\"https:\/\/www.europesays.com\/fr\/wp-content\/uploads\/2025\/05\/1746792852_268_image.webp.webp\" alt=\"\u00c0 deux heures de Paris, cette \u00eele cartonne : elle fait partie des 10 plus populaires d\u2019Europe\" data-caption=\"\" data-credit=\"Photo de Karol Chomka sur Unsplash\" data-width-class=\"\" data-image-id=\"106272999\"\/>&#13;<br \/>\nPhoto de Karol Chomka sur Unsplash&#13;<\/p>\n<p class=\"\" data-start=\"781\" data-end=\"1098\">En t\u00eate des destinations les plus courues ? Ibiza, \u00e9videmment. La c\u00e9l\u00e8bre \u00eele espagnole, temple international de la f\u00eate et du clubbing, cumule plus de 20 millions de hashtags sur Instagram et pr\u00e8s de 2 millions de recherches mensuelles en moyenne. Sans surprise donc : l\u2019\u00eele continue de faire danser le monde entier.<\/p>\n<p class=\"\" data-start=\"0\" data-end=\"292\">Malte arrive en deuxi\u00e8me position sur la liste des destinations les plus pris\u00e9es, avec plus de trois millions de recherches mensuelles et dix millions de hashtags. Majorque d\u00e9croche la troisi\u00e8me place avec 1,5 million de hashtags et, comme Ibiza, pr\u00e8s de deux millions de recherches par mois. Pas envie de jouer des coudes avec la foule dans ces coins-l\u00e0 ? Cap plut\u00f4t sur Lesbos (appel\u00e9e Lesvos en grec), une \u00eele du nord de la mer \u00c9g\u00e9e encore peu visit\u00e9e, avec seulement 155 000 hashtags et 135 000 recherches mensuelles.<\/p>\n<p class=\"\" data-start=\"524\" data-end=\"726\">Porto Santo, \u00eele portugaise, se hisse \u00e0 la deuxi\u00e8me place des destinations les plus calmes, avec 201 000 hashtags et 110 000 recherches mensuelles. En troisi\u00e8me, on retrouve Symi, une autre \u00eele grecque. En fait, six des destinations les plus tranquilles sont en Gr\u00e8ce.\u00a0<\/p>\n<p>Voici les 10 \u00eeles les plus populaires d\u2019Europe<\/p>\n<ol data-start=\"52\" data-end=\"186\" data-is-last-node=\"\" data-is-only-node=\"\">&#13;<\/p>\n<li class=\"\" data-start=\"52\" data-end=\"62\">&#13;\n<p class=\"\" data-start=\"55\" data-end=\"62\">Ibiza<\/p>\n<p>&#13;\n<\/li>\n<p>&#13;<\/p>\n<li class=\"\" data-start=\"63\" data-end=\"73\">&#13;\n<p class=\"\" data-start=\"66\" data-end=\"73\">Malte<\/p>\n<p>&#13;\n<\/li>\n<p>&#13;<\/p>\n<li class=\"\" data-start=\"74\" data-end=\"87\">&#13;\n<p class=\"\" data-start=\"77\" data-end=\"87\">Majorque<\/p>\n<p>&#13;\n<\/li>\n<p>&#13;<\/p>\n<li class=\"\" data-start=\"88\" data-end=\"101\">&#13;\n<p class=\"\" data-start=\"91\" data-end=\"101\">Tenerife<\/p>\n<p>&#13;\n<\/li>\n<p>&#13;<\/p>\n<li class=\"\" data-start=\"102\" data-end=\"115\">&#13;\n<p class=\"\" data-start=\"105\" data-end=\"115\">Santorin<\/p>\n<p>&#13;\n<\/li>\n<p>&#13;<\/p>\n<li class=\"\" data-start=\"116\" data-end=\"127\">&#13;\n<p class=\"\" data-start=\"119\" data-end=\"127\">Mad\u00e8re<\/p>\n<p>&#13;\n<\/li>\n<p>&#13;<\/p>\n<li class=\"\" data-start=\"128\" data-end=\"139\">&#13;\n<p class=\"\" data-start=\"131\" data-end=\"139\">Sicile<\/p>\n<p>&#13;\n<\/li>\n<p>&#13;<\/p>\n<li class=\"\" data-start=\"140\" data-end=\"159\">&#13;\n<p class=\"\" data-start=\"143\" data-end=\"159\">Grande Canarie<\/p>\n<p>&#13;\n<\/li>\n<p>&#13;<\/p>\n<li class=\"\" data-start=\"160\" data-end=\"174\">&#13;\n<p class=\"\" data-start=\"163\" data-end=\"174\">Sardaigne<\/p>\n<p>&#13;\n<\/li>\n<p>&#13;<\/p>\n<li class=\"\" data-start=\"175\" data-end=\"186\">&#13;\n<p class=\"\" data-start=\"179\" data-end=\"186\">Mykonos<\/p>\n<p>&#13;\n<\/li>\n<p>&#13;\n<\/ol>\n<p>Voici les 10 \u00eeles les moins populaires d\u2019Europe<\/p>\n<ol data-start=\"53\" data-end=\"182\" data-is-last-node=\"\" data-is-only-node=\"\">&#13;<\/p>\n<li class=\"\" data-start=\"53\" data-end=\"64\">&#13;\n<p class=\"\" data-start=\"56\" data-end=\"64\">Lesbos<\/p>\n<p>&#13;\n<\/li>\n<p>&#13;<\/p>\n<li class=\"\" data-start=\"65\" data-end=\"81\">&#13;\n<p class=\"\" data-start=\"68\" data-end=\"81\">Porto Santo<\/p>\n<p>&#13;\n<\/li>\n<p>&#13;<\/p>\n<li class=\"\" data-start=\"82\" data-end=\"91\">&#13;\n<p class=\"\" data-start=\"85\" data-end=\"91\">Symi<\/p>\n<p>&#13;\n<\/li>\n<p>&#13;<\/p>\n<li class=\"\" data-start=\"92\" data-end=\"105\">&#13;\n<p class=\"\" data-start=\"95\" data-end=\"105\">Skopelos<\/p>\n<p>&#13;\n<\/li>\n<p>&#13;<\/p>\n<li class=\"\" data-start=\"106\" data-end=\"115\">&#13;\n<p class=\"\" data-start=\"109\" data-end=\"115\">Cres<\/p>\n<p>&#13;\n<\/li>\n<p>&#13;<\/p>\n<li class=\"\" data-start=\"116\" data-end=\"127\">&#13;\n<p class=\"\" data-start=\"119\" data-end=\"127\">Andros<\/p>\n<p>&#13;\n<\/li>\n<p>&#13;<\/p>\n<li class=\"\" data-start=\"128\" data-end=\"142\">&#13;\n<p class=\"\" data-start=\"131\" data-end=\"142\">Karpathos<\/p>\n<p>&#13;\n<\/li>\n<p>&#13;<\/p>\n<li class=\"\" data-start=\"143\" data-end=\"152\">&#13;\n<p class=\"\" data-start=\"146\" data-end=\"152\">Brac<\/p>\n<p>&#13;\n<\/li>\n<p>&#13;<\/p>\n<li class=\"\" data-start=\"153\" data-end=\"170\">&#13;\n<p class=\"\" data-start=\"156\" data-end=\"170\">La Maddalena<\/p>\n<p>&#13;\n<\/li>\n<p>&#13;<\/p>\n<li class=\"\" data-start=\"171\" data-end=\"182\">&#13;\n<p class=\"\" data-start=\"175\" data-end=\"182\">Thassos<\/p>\n<p>&#13;\n<\/li>\n<p>&#13;\n<\/ol>\n","protected":false},"excerpt":{"rendered":"Qu\u2019elles soient de petites \u00eeles rocailleuses au large de l\u2019Italie, des stars grecques comme Santorin ou des terres&hellip;\n","protected":false},"author":2,"featured_media":86766,"comment_status":"","ping_status":"","sticky":false,"template":"","format":"standard","meta":{"footnotes":""},"categories":[1888],"tags":[1111,1928,11,1927,12059,12058,1777,674,1011,27,12,1926,626,1925,25,586],"class_list":{"0":"post-86765","1":"post","2":"type-post","3":"status-publish","4":"format-standard","5":"has-post-thumbnail","7":"category-paris","8":"tag-actu","9":"tag-actu-paris","10":"tag-actualites","11":"tag-actualites-paris","12":"tag-actualites-transport-et-voyage","13":"tag-categories-voyage","14":"tag-eu","15":"tag-europe","16":"tag-fr","17":"tag-france","18":"tag-news","19":"tag-news-paris","20":"tag-paris","21":"tag-paris-news","22":"tag-republique-francaise","23":"tag-voyage"},"share_on_mastodon":{"url":"https:\/\/pubeurope.com\/@fr\/114477823803142254","error":""},"_links":{"self":[{"href":"https:\/\/www.europesays.com\/fr\/wp-json\/wp\/v2\/posts\/86765","targetHints":{"allow":["GET"]}}],"collection":[{"href":"https:\/\/www.europesays.com\/fr\/wp-json\/wp\/v2\/posts"}],"about":[{"href":"https:\/\/www.europesays.com\/fr\/wp-json\/wp\/v2\/types\/post"}],"author":[{"embeddable":true,"href":"https:\/\/www.europesays.com\/fr\/wp-json\/wp\/v2\/users\/2"}],"replies":[{"embeddable":true,"href":"https:\/\/www.europesays.com\/fr\/wp-json\/wp\/v2\/comments?post=86765"}],"version-history":[{"count":0,"href":"https:\/\/www.europesays.com\/fr\/wp-json\/wp\/v2\/posts\/86765\/revisions"}],"wp:featuredmedia":[{"embeddable":true,"href":"https:\/\/www.europesays.com\/fr\/wp-json\/wp\/v2\/media\/86766"}],"wp:attachment":[{"href":"https:\/\/www.europesays.com\/fr\/wp-json\/wp\/v2\/media?parent=86765"}],"wp:term":[{"taxonomy":"category","embeddable":true,"href":"https:\/\/www.europesays.com\/fr\/wp-json\/wp\/v2\/categories?post=86765"},{"taxonomy":"post_tag","embeddable":true,"href":"https:\/\/www.europesays.com\/fr\/wp-json\/wp\/v2\/tags?post=86765"}],"curies":[{"name":"wp","href":"https:\/\/api.w.org\/{rel}","templated":true}]}}