{"id":86769,"date":"2025-05-09T12:16:13","date_gmt":"2025-05-09T12:16:13","guid":{"rendered":"https:\/\/www.europesays.com\/fr\/86769\/"},"modified":"2025-05-09T12:16:13","modified_gmt":"2025-05-09T12:16:13","slug":"un-homme-voyage-a-lexterieur-dun-tgv-entre-paris-et-valence","status":"publish","type":"post","link":"https:\/\/www.europesays.com\/fr\/86769\/","title":{"rendered":"Un homme voyage \u00e0 l\u2019ext\u00e9rieur d\u2019un TGV entre Paris et Valence"},"content":{"rendered":"<p><img loading=\"lazy\" decoding=\"async\" alt=\"\u00a9 Shutterstock - Un ressortissant polonais a \u00e9t\u00e9 retrouv\u00e9 en \u00e9tat d\u2019hypothermie apr\u00e8s avoir effectu\u00e9 les 500 kilom\u00e8tres du trajet accroch\u00e9 entre deux wagons.\" data-zoom-src=\"https:\/\/www.europesays.com\/fr\/wp-content\/uploads\/2025\/05\/initial-tgv-inoui-france.jpg\" data-zoomable=\"\" height=\"702\" src=\"https:\/\/www.europesays.com\/fr\/wp-content\/uploads\/2025\/05\/initial-tgv-inoui-france.jpg\" width=\"1248\"\/>  <\/p>\n<p class=\"article-desc\">\u00a9 Shutterstock &#8211; Un ressortissant polonais a \u00e9t\u00e9 retrouv\u00e9 en \u00e9tat d\u2019hypothermie apr\u00e8s avoir effectu\u00e9 les 500 kilom\u00e8tres du trajet accroch\u00e9 entre deux wagons. <\/p>\n<p>C\u2019est un voyage aussi invraisemblable que dangereux. Un homme d\u2019origine polonaise, \u00e2g\u00e9 de 41 ans, a parcouru la distance entre Paris et Valence \u00e0 l\u2019ext\u00e9rieur d\u2019un<a href=\"https:\/\/mesinfos.fr\/prix-des-billets-qui-explosent-qui-peut-encore-voyager-en-tgv-215332.html\" rel=\"noopener\" target=\"_blank\"> TGV<\/a>, install\u00e9 sur la partie rigide du soufflet reliant deux wagons, a indiqu\u00e9 jeudi la <strong>gendarmerie<\/strong>, confirmant une information du m\u00e9dia<a href=\"https:\/\/www.francebleu.fr\/infos\/faits-divers-justice\/drome-secouru-alors-qu-il-voyage-a-l-exterieur-d-un-tgv-entre-deux-wagons-4026097\" rel=\"noopener\" target=\"_blank\"> Ici Dr\u00f4me Ard\u00e8che.<\/a> <\/p>\n<p>Mont\u00e9 \u00e0<strong> Paris<\/strong>, l\u2019homme a tenu l\u2019int\u00e9gralit\u00e9 du trajet \u2013 environ deux heures \u00e0 plus de 300 km\/h \u2013 dans ces conditions extr\u00eames, expos\u00e9 au vent et aux basses temp\u00e9ratures. <\/p>\n<p>Pris en charge frigorifi\u00e9 <\/p>\n<p>\u00c0 son arriv\u00e9e en gare de <strong>Valence TGV<\/strong>, l\u2019homme a \u00e9t\u00e9 pris en charge \u201ctransi de froid\u201d par les secours. Les<strong> sapeurs-pompiers de la Dr\u00f4me<\/strong> l\u2019ont transport\u00e9 \u00e0 l\u2019<strong>h\u00f4pital de Valence<\/strong>, son \u00e9tat \u00e9tant jug\u00e9 pr\u00e9occupant mais sans<strong> pronostic vital engag\u00e9<\/strong>, selon les premi\u00e8res informations. <\/p>\n<p>Contact\u00e9e par l\u2019AFP, la <a href=\"https:\/\/mesinfos.fr\/75000-paris\/transilien-la-ligne-l-reste-a-la-sncf-pour-l-instant-221865.html\" rel=\"noopener\" target=\"_blank\">SNCF <\/a>n\u2019a pas souhait\u00e9 faire de commentaire dans l\u2019imm\u00e9diat. L\u2019incident soul\u00e8ve toutefois des<strong> questions sur la s\u00e9curit\u00e9<\/strong> dans les gares et sur les moyens de d\u00e9tecter des intrusions aussi p\u00e9rilleuses avant le d\u00e9part des trains. <\/p>\n<p>La<strong> ligne TGV<\/strong> entre Paris et Valence couvre environ 500 kilom\u00e8tres en un peu plus de deux heures. Un tel acte constitue une infraction grave au code des transports, et pourrait donner lieu \u00e0 des poursuites.<\/p>\n","protected":false},"excerpt":{"rendered":"\u00a9 Shutterstock &#8211; Un ressortissant polonais a \u00e9t\u00e9 retrouv\u00e9 en \u00e9tat d\u2019hypothermie apr\u00e8s avoir effectu\u00e9 les 500 kilom\u00e8tres&hellip;\n","protected":false},"author":2,"featured_media":86770,"comment_status":"","ping_status":"","sticky":false,"template":"","format":"standard","meta":{"footnotes":""},"categories":[1888],"tags":[11,1777,674,1011,27,12,626,25,2214],"class_list":{"0":"post-86769","1":"post","2":"type-post","3":"status-publish","4":"format-standard","5":"has-post-thumbnail","7":"category-paris","8":"tag-actualites","9":"tag-eu","10":"tag-europe","11":"tag-fr","12":"tag-france","13":"tag-news","14":"tag-paris","15":"tag-republique-francaise","16":"tag-tgv"},"share_on_mastodon":{"url":"https:\/\/pubeurope.com\/@fr\/114477831538844488","error":""},"_links":{"self":[{"href":"https:\/\/www.europesays.com\/fr\/wp-json\/wp\/v2\/posts\/86769","targetHints":{"allow":["GET"]}}],"collection":[{"href":"https:\/\/www.europesays.com\/fr\/wp-json\/wp\/v2\/posts"}],"about":[{"href":"https:\/\/www.europesays.com\/fr\/wp-json\/wp\/v2\/types\/post"}],"author":[{"embeddable":true,"href":"https:\/\/www.europesays.com\/fr\/wp-json\/wp\/v2\/users\/2"}],"replies":[{"embeddable":true,"href":"https:\/\/www.europesays.com\/fr\/wp-json\/wp\/v2\/comments?post=86769"}],"version-history":[{"count":0,"href":"https:\/\/www.europesays.com\/fr\/wp-json\/wp\/v2\/posts\/86769\/revisions"}],"wp:featuredmedia":[{"embeddable":true,"href":"https:\/\/www.europesays.com\/fr\/wp-json\/wp\/v2\/media\/86770"}],"wp:attachment":[{"href":"https:\/\/www.europesays.com\/fr\/wp-json\/wp\/v2\/media?parent=86769"}],"wp:term":[{"taxonomy":"category","embeddable":true,"href":"https:\/\/www.europesays.com\/fr\/wp-json\/wp\/v2\/categories?post=86769"},{"taxonomy":"post_tag","embeddable":true,"href":"https:\/\/www.europesays.com\/fr\/wp-json\/wp\/v2\/tags?post=86769"}],"curies":[{"name":"wp","href":"https:\/\/api.w.org\/{rel}","templated":true}]}}