{"id":86783,"date":"2025-05-09T12:23:12","date_gmt":"2025-05-09T12:23:12","guid":{"rendered":"https:\/\/www.europesays.com\/fr\/86783\/"},"modified":"2025-05-09T12:23:12","modified_gmt":"2025-05-09T12:23:12","slug":"merz-promet-le-retour-dune-allemagne-active-en-europe","status":"publish","type":"post","link":"https:\/\/www.europesays.com\/fr\/86783\/","title":{"rendered":"Merz promet le retour d&rsquo;une Allemagne active en Europe"},"content":{"rendered":"<p>Le nouveau chancelier allemand, Friedrich Merz, a promis vendredi de donner un nouvel \u00e9lan \u00e0 l&rsquo;Europe lors d&rsquo;une rencontre avec les responsables de l&rsquo;Union europ\u00e9enne \u00e0 Bruxelles, o\u00f9 son arriv\u00e9e, en pleine p\u00e9riode de tensions g\u00e9opolitiques, suscite de grands espoirs.<\/p>\n<p>Le dirigeant, qui a promis d&rsquo;\u00eatre un chancelier \u00ab\u00a0tr\u00e8s europ\u00e9en\u00a0\u00bb\u00a0s&rsquo;est engag\u00e9 \u00e0 ce que l&rsquo;Allemagne joue un r\u00f4le \u00ab\u00a0fort\u00a0\u00bb et \u00ab\u00a0actif\u00a0\u00bb au sein de l&rsquo;UE.<\/p>\n<p>\u00ab\u00a0Les d\u00e9fis auxquels nous sommes confront\u00e9s sont de taille et nous ne pourrons les relever qu&rsquo;ensemble\u00a0\u00bb, a-t-il lanc\u00e9, \u00e9voquant longuement ses d\u00e9placements \u00e0 Paris et Varsovie en milieu de semaine.<\/p>\n<p>Le dossier sur lequel le nouveau chancelier est le plus attendu est sans aucun doute la d\u00e9fense, l&rsquo;Europe cherchant \u00e0 muscler consid\u00e9rablement ses efforts dans le domaine, face \u00e0 un alli\u00e9 am\u00e9ricain de plus en plus incertain.<\/p>\n<p>&#8211;\u00a0\u00ab\u00a0B\u00e2ton de p\u00e8lerin\u00a0\u00bb &#8211;<\/p>\n<p>Longtemps un chantre de l&rsquo;orthodoxie budg\u00e9taire, M. Merz a d\u00e9j\u00e0 marqu\u00e9 des points aupr\u00e8s de Bruxelles en se disant favorable \u00e0 un assouplissement de certaines r\u00e8gles fiscales europ\u00e9ennes pour permettre aux Etats de l&rsquo;UE d&rsquo;investir davantage dans la d\u00e9fense.<\/p>\n<p>Il s&rsquo;est aussi plong\u00e9 sans attendre dans l&rsquo;\u00e9pineux dossier des droits de douane, \u00e9changeant jeudi soir avec le pr\u00e9sident am\u00e9ricain Donald Trump, qui, assure-t-il, l&rsquo;a invit\u00e9 \u00e0 Washington.<\/p>\n<p>Lors d&rsquo;une conf\u00e9rence de presse aux c\u00f4t\u00e9s de la pr\u00e9sidente de la Commission europ\u00e9enne, Ursula von der Leyen, le sexag\u00e9naire a rappel\u00e9 son pass\u00e9 d&rsquo;eurod\u00e9put\u00e9 au d\u00e9but des ann\u00e9es 1990, un mandat qui l&rsquo;a \u00ab\u00a0marqu\u00e9\u00a0\u00bb, assure-t-il.<\/p>\n<p>\u00ab\u00a0D&rsquo;une certaine mani\u00e8re, je rentre \u00e0 la maison \u00e0 Bruxelles, je rentre \u00e0 la maison en Europe\u00a0\u00bb, a-t-il lanc\u00e9, se r\u00e9jouissant que sa visite co\u00efncide avec la Journ\u00e9e de l&rsquo;Europe, qui c\u00e9l\u00e8bre cette ann\u00e9e les 75 ans de la construction europ\u00e9enne.<\/p>\n<p>\u00ab\u00a0C&rsquo;est un signal tr\u00e8s important, parce que vous montrez clairement que la politique europ\u00e9enne est pour vous une priorit\u00e9 absolue\u00a0\u00bb, a salu\u00e9 la cheffe de l&rsquo;ex\u00e9cutif europ\u00e9en, Allemande comme lui.<\/p>\n<p>\u00ab\u00a0Il \u00e9tait temps!\u00a0\u00bb, souffle un diplomate. \u00ab\u00a0On attend et on a besoin d&rsquo;une Allemagne forte, qui soit capable de tenir son b\u00e2ton de p\u00e8lerin\u00a0\u00bb,\u00a0assure-t-il, sous couvert d&rsquo;anonymat.<\/p>\n<p>Voil\u00e0 six mois que les Europ\u00e9ens \u00e9taient suspendus aux rebondissements de la politique allemande, impatients de relancer un continent confront\u00e9 \u00e0 une cascade de crises.<\/p>\n<p>&#8211; Auf Wiedersehen Scholz-<\/p>\n<p>La rupture de style entre Friedrich Merz et Olaf Scholz est appr\u00e9ci\u00e9e par de nombreux Europ\u00e9ens.<\/p>\n<p>A la t\u00eate de l&rsquo;Allemagne de 2021 \u00e0 2025, l&rsquo;ancien chancelier social-d\u00e9mocrate a laiss\u00e9 un souvenir amer \u00e0 Bruxelles, des diplomates lui reprochant son attentisme et une proximit\u00e9 jug\u00e9e excessive avec Washington.<\/p>\n<p>\u00ab\u00a0Un nouveau leader est toujours synonyme d&rsquo;une nouvelle dynamique\u00a0\u00bb, a relev\u00e9 vendredi Antonio Costa, le pr\u00e9sident du Conseil europ\u00e9en, qui r\u00e9unit les chefs d\u2019\u00c9tat et de gouvernement des 27 Etats membres.<\/p>\n<p>Le retour de l&rsquo;Allemagne sur le devant de la sc\u00e8ne europ\u00e9enne, s&rsquo;il se confirme, ne se fera toutefois pas sans frictions.<\/p>\n<p>Elu sur une ligne de fermet\u00e9, notamment en mati\u00e8re migratoire, le nouveau chancelier a d\u00e9j\u00e0 suscit\u00e9 des tensions en d\u00e9cidant unilat\u00e9ralement de refouler la plupart des demandeurs d&rsquo;asile aux fronti\u00e8res de l&rsquo;Allemagne &#8211; un geste qui a froiss\u00e9 plusieurs partenaires.<\/p>\n<p>\u00ab\u00a0L&rsquo;immigration est un d\u00e9fi europ\u00e9en commun qui n\u00e9cessite une solution europ\u00e9enne commune\u00a0\u00bb, a d&rsquo;ailleurs comment\u00e9 Mme von der Leyen aux c\u00f4t\u00e9s de M. Merz.<\/p>\n<p>Le chancelier allemand a promis de ne \u00ab\u00a0pas faire cavalier seul\u00a0\u00bb sur cette question: \u00ab\u00a0je suis un partisan du march\u00e9 unique europ\u00e9en et de l&rsquo;espace Schengen et je tiens \u00e0 le faire savoir \u00e0 tous les chefs d&rsquo;\u00c9tat et de gouvernement d&rsquo;Europe qui pourraient craindre une escalade\u00a0\u00bb.<\/p>\n<p>cjc\/jca\/ab<\/p>\n","protected":false},"excerpt":{"rendered":"Le nouveau chancelier allemand, Friedrich Merz, a promis vendredi de donner un nouvel \u00e9lan \u00e0 l&rsquo;Europe lors d&rsquo;une&hellip;\n","protected":false},"author":2,"featured_media":86784,"comment_status":"","ping_status":"","sticky":false,"template":"","format":"standard","meta":{"footnotes":""},"categories":[1586],"tags":[11,2360,19487,19672,1777,674,1779,1011,27,4710,18286,9931,12,25,1778,364],"class_list":{"0":"post-86783","1":"post","2":"type-post","3":"status-publish","4":"format-standard","5":"has-post-thumbnail","7":"category-europe","8":"tag-actualites","9":"tag-bruxelles","10":"tag-chancelier-allemand","11":"tag-chefs-detat-et-de-gouvernement","12":"tag-eu","13":"tag-europe","14":"tag-european-union","15":"tag-fr","16":"tag-france","17":"tag-friedrich-merz","18":"tag-journee-de-leurope","19":"tag-m-merz","20":"tag-news","21":"tag-republique-francaise","22":"tag-ue","23":"tag-union-europeenne"},"share_on_mastodon":{"url":"https:\/\/pubeurope.com\/@fr\/114477859138608516","error":""},"_links":{"self":[{"href":"https:\/\/www.europesays.com\/fr\/wp-json\/wp\/v2\/posts\/86783","targetHints":{"allow":["GET"]}}],"collection":[{"href":"https:\/\/www.europesays.com\/fr\/wp-json\/wp\/v2\/posts"}],"about":[{"href":"https:\/\/www.europesays.com\/fr\/wp-json\/wp\/v2\/types\/post"}],"author":[{"embeddable":true,"href":"https:\/\/www.europesays.com\/fr\/wp-json\/wp\/v2\/users\/2"}],"replies":[{"embeddable":true,"href":"https:\/\/www.europesays.com\/fr\/wp-json\/wp\/v2\/comments?post=86783"}],"version-history":[{"count":0,"href":"https:\/\/www.europesays.com\/fr\/wp-json\/wp\/v2\/posts\/86783\/revisions"}],"wp:featuredmedia":[{"embeddable":true,"href":"https:\/\/www.europesays.com\/fr\/wp-json\/wp\/v2\/media\/86784"}],"wp:attachment":[{"href":"https:\/\/www.europesays.com\/fr\/wp-json\/wp\/v2\/media?parent=86783"}],"wp:term":[{"taxonomy":"category","embeddable":true,"href":"https:\/\/www.europesays.com\/fr\/wp-json\/wp\/v2\/categories?post=86783"},{"taxonomy":"post_tag","embeddable":true,"href":"https:\/\/www.europesays.com\/fr\/wp-json\/wp\/v2\/tags?post=86783"}],"curies":[{"name":"wp","href":"https:\/\/api.w.org\/{rel}","templated":true}]}}