{"id":86788,"date":"2025-05-09T12:26:12","date_gmt":"2025-05-09T12:26:12","guid":{"rendered":"https:\/\/www.europesays.com\/fr\/86788\/"},"modified":"2025-05-09T12:26:12","modified_gmt":"2025-05-09T12:26:12","slug":"un-pecheur-frole-le-record-de-france-de-la-plus-grosse-perche-lors-dune-sortie-de-peche","status":"publish","type":"post","link":"https:\/\/www.europesays.com\/fr\/86788\/","title":{"rendered":"Un p\u00eacheur fr\u00f4le le record de France de la plus grosse perche lors d&rsquo;une sortie de p\u00eache"},"content":{"rendered":"<p itemprop=\"description\">La p\u00eache est un des loisirs les plus pris\u00e9s des Fran\u00e7ais. Un jeune p\u00eacheur de 20 ans a remont\u00e9 une perche incroyable.<\/p>\n<p class=\"p1\">Thomas Boulard, un jeune passionn\u00e9 de p\u00eache de 20 ans, a r\u00e9alis\u00e9 une prise impressionnante le jeudi 1er mai dernier. Il a en effet attrap\u00e9 une perche mesurant 52 centim\u00e8tres pour un poids de 1,887 kg. Il s\u2019est confi\u00e9 \u00e0 Ouest France sur les coulisses de son exploit. \u00ab Ce n\u2019est qu\u2019au troisi\u00e8me lanc\u00e9 que j\u2019ai attrap\u00e9 ce poisson \u00bb. Il a p\u00each\u00e9 cette perche \u00e0 Champtoc\u00e9-sur-Loire en utilisant un shad rouge de 7 cm et une canne Crazy Fish l\u00e9g\u00e8re. Une prise qui l\u2019a presque conduit \u00e0 battre le record de France. Cela ne s\u2019est pas jou\u00e9 \u00e0 grand-chose pour que cette f\u00eate du travail ne se transforme en un jour historique.<\/p>\n<p>     <strong>La p\u00eache, plus qu\u2019un simple loisir<\/strong>  <\/p>\n<p class=\"p2\">Ce p\u00eacheur amateur a permis de rappeler \u00e0 quel point la p\u00eache est un v\u00e9ritable loisir populaire. En Maine-et-Loire, ce n\u2019est pas moins de 34 000 passionn\u00e9s qui se retrouvent au bord des cours d\u2019eau tout au long de l\u2019ann\u00e9e. <strong>Ce chiffre place l\u2019Anjou parmi les d\u00e9partements avec le plus de pratiquants<\/strong> dans l\u2019Hexagone. Des p\u00eacheurs r\u00e9partis dans 37 associations agr\u00e9\u00e9es (AAPPMA) d\u00e9di\u00e9es \u00e0 la p\u00eache et \u00e0 la protection des milieux aquatiques. L\u2019activit\u00e9 attire ainsi des amateurs de tous \u00e2ges, cr\u00e9ant une v\u00e9ritable communaut\u00e9 super dynamique. En plus de p\u00eacher, ces associations \u0153uvrent pour la pr\u00e9servation de tout l\u2019\u00e9cosyst\u00e8me environnant.<\/p>\n<p>  <strong>Le Maine-et-Loire, un v\u00e9ritable bastion pour les amateurs de p\u00eache<\/strong>  <\/p>\n<p class=\"p2\">Le d\u00e9partement du Maine-et-Loire dispose de pr\u00e8s de 8 000 km de cours d\u2019eau, dont 2 500 km sont ouverts \u00e0 la p\u00eache. \u00c0 cela s\u2019ajoutent 600 hectares de plans d\u2019eau. La saison de la p\u00eache \u00e0 la truite a d\u00e9but\u00e9 le 8 mars, tandis que celle des carnassiers (brochets, sandres, black-bass) a, elle, commenc\u00e9 le 26 avril. <strong>Cette ann\u00e9e encore, la p\u00eache sera autoris\u00e9e jusqu\u2019au 31 d\u00e9cembre<\/strong>, avant une pause hivernale n\u00e9cessaire <a href=\"https:\/\/www.lechasseurfrancais.com\/peche\/la-reproduction-des-truites-mediterraneennes-dans-les-hautes-alpes-101842.html\" rel=\"nofollow noopener\" target=\"_blank\">pour la reproduction des poissons<\/a>. Ces p\u00e9riodes sont en effet importantes \u00e0 respecter pour pr\u00e9server l\u2019\u00e9quilibre de la faune aquatique.<\/p>\n<p>   <strong>Tout faire pour p\u00e9renniser l\u2019activit\u00e9<\/strong>  <\/p>\n<p class=\"p2\">Pour prot\u00e9ger les esp\u00e8ces, des r\u00e8gles strictes sont mises en place. Cette ann\u00e9e, les tailles minimales de capture sont fix\u00e9es \u00e0 60 cm <a href=\"https:\/\/www.lechasseurfrancais.com\/peche\/ouverture-de-la-peche-du-brochet-2-148700.html\" rel=\"nofollow noopener\" target=\"_blank\">pour le brochet<\/a>, 50 cm pour le sandre et 40 cm pour le black-bass. <strong>L\u2019objectif est de s\u00a0\u00bbassurer que chaque poisson ait eu l\u2019occasion de se reproduire<\/strong> au moins une fois avant d\u2019\u00eatre pr\u00e9lev\u00e9. De plus, des quotas sont impos\u00e9s \u00e0 tous les p\u00eacheurs du d\u00e9partement. Pas plus de deux carnassiers par jour et par p\u00eacheur, avec un seul brochet autoris\u00e9. Si la limite est atteinte, il faut rel\u00e2cher les poissons. Ces mesures visent \u00e0 garantir la durabilit\u00e9 des ressources et la sant\u00e9 des \u00e9cosyst\u00e8mes aquatiques.<\/p>\n","protected":false},"excerpt":{"rendered":"La p\u00eache est un des loisirs les plus pris\u00e9s des Fran\u00e7ais. Un jeune p\u00eacheur de 20 ans a&hellip;\n","protected":false},"author":2,"featured_media":86789,"comment_status":"","ping_status":"","sticky":false,"template":"","format":"standard","meta":{"footnotes":""},"categories":[4],"tags":[930,11,1805,4440,1011,27,19674,19675,4743,7826,12,4838,19673,19676,378,3241,25,3686,9066],"class_list":{"0":"post-86788","1":"post","2":"type-post","3":"status-publish","4":"format-standard","5":"has-post-thumbnail","7":"category-france","8":"tag-le","9":"tag-actualites","10":"tag-de","11":"tag-dune","12":"tag-fr","13":"tag-france","14":"tag-frole","15":"tag-grosse","16":"tag-la","17":"tag-lors","18":"tag-news","19":"tag-peche","20":"tag-pecheur","21":"tag-perche","22":"tag-plus","23":"tag-record","24":"tag-republique-francaise","25":"tag-sortie","26":"tag-un"},"share_on_mastodon":{"url":"https:\/\/pubeurope.com\/@fr\/114477870815948230","error":""},"_links":{"self":[{"href":"https:\/\/www.europesays.com\/fr\/wp-json\/wp\/v2\/posts\/86788","targetHints":{"allow":["GET"]}}],"collection":[{"href":"https:\/\/www.europesays.com\/fr\/wp-json\/wp\/v2\/posts"}],"about":[{"href":"https:\/\/www.europesays.com\/fr\/wp-json\/wp\/v2\/types\/post"}],"author":[{"embeddable":true,"href":"https:\/\/www.europesays.com\/fr\/wp-json\/wp\/v2\/users\/2"}],"replies":[{"embeddable":true,"href":"https:\/\/www.europesays.com\/fr\/wp-json\/wp\/v2\/comments?post=86788"}],"version-history":[{"count":0,"href":"https:\/\/www.europesays.com\/fr\/wp-json\/wp\/v2\/posts\/86788\/revisions"}],"wp:featuredmedia":[{"embeddable":true,"href":"https:\/\/www.europesays.com\/fr\/wp-json\/wp\/v2\/media\/86789"}],"wp:attachment":[{"href":"https:\/\/www.europesays.com\/fr\/wp-json\/wp\/v2\/media?parent=86788"}],"wp:term":[{"taxonomy":"category","embeddable":true,"href":"https:\/\/www.europesays.com\/fr\/wp-json\/wp\/v2\/categories?post=86788"},{"taxonomy":"post_tag","embeddable":true,"href":"https:\/\/www.europesays.com\/fr\/wp-json\/wp\/v2\/tags?post=86788"}],"curies":[{"name":"wp","href":"https:\/\/api.w.org\/{rel}","templated":true}]}}