{"id":86822,"date":"2025-05-09T12:47:08","date_gmt":"2025-05-09T12:47:08","guid":{"rendered":"https:\/\/www.europesays.com\/fr\/86822\/"},"modified":"2025-05-09T12:47:08","modified_gmt":"2025-05-09T12:47:08","slug":"poutine-celebre-les-soldats-russes-en-ukraine-en-presence-de-dirigeants-etrangers","status":"publish","type":"post","link":"https:\/\/www.europesays.com\/fr\/86822\/","title":{"rendered":"Poutine c\u00e9l\u00e8bre les soldats russes en Ukraine en pr\u00e9sence de dirigeants \u00e9trangers"},"content":{"rendered":"<p><strong>EN IMAGES <\/strong>&#8211; Les autorit\u00e9s russes avaient promis des c\u00e9l\u00e9brations d\u2019une ampleur in\u00e9dite, pour les 80 ans de la victoire de l\u2019URSS sur l\u2019Allemagne nazie.<\/p>\n<p class=\"fig-paragraph\">Le pr\u00e9sident\u00a0<a href=\"http:\/\/www.lefigaro.fr\/international\/a-moscou-xi-jinping-et-vladimir-poutine-celebrent-le-lien-indefectible-entre-la-chine-et-la-russie-20250509\" target=\"_blank\" data-fig-type=\"Article\" rel=\"noopener nofollow\" data-gtm-custom-categorie=\"navigation\" data-gtm-custom-action=\"crossclick\" data-gtm-custom-label=\"Contextuel\" data-gtm-event=\"customEventSPE\" data-fig-domain=\"LEFIGARO\">Vladimir Poutine<\/a>\u00a0a c\u00e9l\u00e9br\u00e9 vendredi le \u00abcourage\u00bb des soldats russes engag\u00e9s en Ukraine, devant des milliers de militaires rassembl\u00e9s sur la place Rouge et une vingtaine de dirigeants \u00e9trangers, qui ont fait le d\u00e9placement \u00e0 Moscou pour assister aux comm\u00e9morations des 80 ans de la victoire sur l&rsquo;Allemagne nazie. Il a une nouvelle fois dress\u00e9 des parall\u00e8les historiques entre la Deuxi\u00e8me Guerre mondiale et l&rsquo;assaut de grande ampleur contre l&rsquo;Ukraine qu&rsquo;il a ordonn\u00e9 en f\u00e9vrier 2022, \u00e0 l&rsquo;occasion du 9 mai, la f\u00eate la plus importante du calendrier patriotique russe.<\/p>\n<p class=\"fig-paragraph\">\u00abL&rsquo;ensemble du pays, la soci\u00e9t\u00e9, le peuple soutiennent les participants \u00e0 l&rsquo;op\u00e9ration militaire sp\u00e9ciale\u00bb en Ukraine, a d\u00e9clar\u00e9\u00a0<a href=\"http:\/\/www.lefigaro.fr\/international\/a-moscou-poutine-s-entoure-de-ses-allies-pour-narguer-l-occident-20250509\" target=\"_blank\" data-fig-type=\"Article\" rel=\"noopener nofollow\" data-gtm-custom-categorie=\"navigation\" data-gtm-custom-action=\"crossclick\" data-gtm-custom-label=\"Contextuel\" data-gtm-event=\"customEventSPE\" data-fig-domain=\"LEFIGARO\">Poutine<\/a>, utilisant l&rsquo;euph\u00e9misme en vigueur pour d\u00e9signer le conflit. \u00abNous sommes fiers de leur courage et de leur d\u00e9termination, de leur force d&rsquo;\u00e2me qui nous a toujours apport\u00e9 la victoire\u00bb, a-t-il ajout\u00e9, tout en assurant que la Russie \u00aba \u00e9t\u00e9 et sera une barri\u00e8re indestructible contre le nazisme, la russophobie, l&rsquo;antis\u00e9mitisme\u00bb.<\/p>\n<p>\u00a0\u00bb<br \/>\n        data-script=\u00a0\u00bbhttps:\/\/static.lefigaro.fr\/widget-video\/short-ttl\/video\/index.js\u00a0\u00bb<br \/>\n    &gt;<\/p>\n<p>11.000 soldats dont 1500 militaires ayant combattu en Ukraine<\/p>\n<p class=\"fig-paragraph\">Dans les tribunes sur la place Rouge se tenaient des v\u00e9t\u00e9rans et les dirigeants d&rsquo;une vingtaine de nations, dont de nombreux alli\u00e9s ou partenaires de la Russie comme la Chine, le Br\u00e9sil, le Kazakhstan, le B\u00e9larus, le Vietnam, l&rsquo;Arm\u00e9nie, Cuba et le Venezuela. Malgr\u00e9 la politique d&rsquo;isolement pr\u00f4n\u00e9e par les Occidentaux, le premier ministre slovaque Robert Fico &#8211; d\u00e9fiant les injonctions de l&rsquo;Union europ\u00e9enne &#8211; et le chef de l&rsquo;\u00c9tat serbe Aleksandar Vucic \u00e9taient \u00e9galement sur place, de m\u00eame que le pr\u00e9sident des Serbes de Bosnie, Milorad Dodik, recherch\u00e9 par la justice bosnienne.<\/p>\n<p class=\"fig-paragraph\">Devant eux ont d\u00e9fil\u00e9 quelque 11.000 soldats, dont 1500 militaires ayant combattu en Ukraine, selon l&rsquo;agence \u00e9tatique TASS. Des soldats de 13 pays ont aussi pris part \u00e0 la parade, dont ceux de la Chine, du Vietnam, de la Birmanie et de l&rsquo;\u00c9gypte.<\/p>\n<p class=\"fig-paragraph\">Ces trois derni\u00e8res ann\u00e9es, Poutine a \u00e9voqu\u00e9 la m\u00e9moire de la victoire sur l&rsquo;Allemagne nazie pour d\u00e9fendre l&rsquo;offensive militaire contre l&rsquo;Ukraine, la Russie assurant vouloir \u00abd\u00e9nazifier\u00bb ce pays voisin dont elle occupe environ 20% du territoire. La Seconde Guerre mondiale, qui a fait plus de 20 millions de morts en URSS et r\u00e9clam\u00e9 des sacrifices inou\u00efs \u00e0 la population, a caus\u00e9 un traumatisme qui se ressent toujours au sein de la soci\u00e9t\u00e9 et qui a nourri un patriotisme exploit\u00e9 par le pr\u00e9sident Poutine. Peu apr\u00e8s le d\u00e9but de l&rsquo;assaut contre l&rsquo;Ukraine en f\u00e9vrier 2022, les autorit\u00e9s russes avaient interdit toute critique des forces arm\u00e9es, accentuant une r\u00e9pression qui a jet\u00e9 plusieurs centaines de personnes en prison et pouss\u00e9 des milliers d&rsquo;autres \u00e0 s&rsquo;exiler.<\/p>\n","protected":false},"excerpt":{"rendered":"EN IMAGES &#8211; Les autorit\u00e9s russes avaient promis des c\u00e9l\u00e9brations d\u2019une ampleur in\u00e9dite, pour les 80 ans de&hellip;\n","protected":false},"author":2,"featured_media":86823,"comment_status":"","ping_status":"","sticky":false,"template":"","format":"standard","meta":{"footnotes":""},"categories":[5],"tags":[259,11,260,1011,27,14,261,12,262,935,18921,135,28],"class_list":{"0":"post-86822","1":"post","2":"type-post","3":"status-publish","4":"format-standard","5":"has-post-thumbnail","7":"category-international","8":"tag-actualite-internationale","9":"tag-actualites","10":"tag-affaires-etrangeres","11":"tag-fr","12":"tag-france","13":"tag-international","14":"tag-ministere-des-affaires-etrangeres","15":"tag-news","16":"tag-politique-etrangere","17":"tag-seconde-guerre-mondiale","18":"tag-urss","19":"tag-vladimir-poutine","20":"tag-world"},"share_on_mastodon":{"url":"https:\/\/pubeurope.com\/@fr\/114477953398594207","error":""},"_links":{"self":[{"href":"https:\/\/www.europesays.com\/fr\/wp-json\/wp\/v2\/posts\/86822","targetHints":{"allow":["GET"]}}],"collection":[{"href":"https:\/\/www.europesays.com\/fr\/wp-json\/wp\/v2\/posts"}],"about":[{"href":"https:\/\/www.europesays.com\/fr\/wp-json\/wp\/v2\/types\/post"}],"author":[{"embeddable":true,"href":"https:\/\/www.europesays.com\/fr\/wp-json\/wp\/v2\/users\/2"}],"replies":[{"embeddable":true,"href":"https:\/\/www.europesays.com\/fr\/wp-json\/wp\/v2\/comments?post=86822"}],"version-history":[{"count":0,"href":"https:\/\/www.europesays.com\/fr\/wp-json\/wp\/v2\/posts\/86822\/revisions"}],"wp:featuredmedia":[{"embeddable":true,"href":"https:\/\/www.europesays.com\/fr\/wp-json\/wp\/v2\/media\/86823"}],"wp:attachment":[{"href":"https:\/\/www.europesays.com\/fr\/wp-json\/wp\/v2\/media?parent=86822"}],"wp:term":[{"taxonomy":"category","embeddable":true,"href":"https:\/\/www.europesays.com\/fr\/wp-json\/wp\/v2\/categories?post=86822"},{"taxonomy":"post_tag","embeddable":true,"href":"https:\/\/www.europesays.com\/fr\/wp-json\/wp\/v2\/tags?post=86822"}],"curies":[{"name":"wp","href":"https:\/\/api.w.org\/{rel}","templated":true}]}}