{"id":86824,"date":"2025-05-09T12:48:11","date_gmt":"2025-05-09T12:48:11","guid":{"rendered":"https:\/\/www.europesays.com\/fr\/86824\/"},"modified":"2025-05-09T12:48:11","modified_gmt":"2025-05-09T12:48:11","slug":"direct-bruno-retailleau-en-bretagne-jai-toujours-place-mes-convictions-au-dessus-des-petits-calculs","status":"publish","type":"post","link":"https:\/\/www.europesays.com\/fr\/86824\/","title":{"rendered":"DIRECT &#8211; Bruno Retailleau en Bretagne : \u00ab\u00a0J&rsquo;ai toujours plac\u00e9 mes convictions au-dessus des petits calculs\u00a0\u00bb"},"content":{"rendered":"<p>Deux militantes pro-palestiniennes expuls\u00e9es du meeting de Retailleau<\/p>\n<p>Deux femmes ont \u00e9t\u00e9 embarqu\u00e9es par la gendarmerie pour avoir brandi un drapeau palestinien \u00e0 l&rsquo;int\u00e9rieur du meeting, apr\u00e8s s&rsquo;\u00eatre faits pass\u00e9es pour des militantes LR. Une partie des militants regroup\u00e9s devant l&rsquo;espace du meeting se sont dirig\u00e9s vers la gendarmerie de Ch\u00e2teaulin, pour les soutenir.  Les deux femmes sont sorties au bout d&rsquo;une demi-heure sous les applaudissements de leurs camarades. La gendarmerie de Chateaulin a proc\u00e9d\u00e9 \u00e0 une simple v\u00e9rification d&rsquo;identit\u00e9.<\/p>\n<p>Les deux femmes infiltr\u00e9es, qui souhaitent rester anonymes, expliquent leur geste par \u00ab\u00a0la situation g\u00e9nocidaire en Palestine\u00a0\u00bb. Leur drapeau a \u00e9t\u00e9 confisqu\u00e9 par la gendarmerie, elles indiquent que \u00ab\u00a0les militants LR ont \u00e9t\u00e9 bien plus agressifs avec nous que la gendarmerie\u00a0\u00bb. Elles expliquent \u00e9galement leur mode op\u00e9ratoire : \u00ab\u00a0On s&rsquo;est simplement inscrites au meeting, on s&rsquo;est habill\u00e9es chic pour essayer de passer inaper\u00e7u. C&rsquo;\u00e9tait un peu un \u00e9chec, tout le monde nous a rep\u00e9r\u00e9es et demand\u00e9 d&rsquo;o\u00f9 l&rsquo;on venait et qui on connaissait\u00a0\u00bb.<\/p>\n<p><img decoding=\"async\" src=\"https:\/\/www.europesays.com\/fr\/wp-content\/uploads\/2025\/05\/681df7c421a3e7acee09cd72.1.jpeg\" width=\"480\" height=\"300\" class=\"web_golden_m\" loading=\"lazy\" alt=\"DIRECT - Bruno Retailleau en Bretagne : &quot;J'ai toujours plac\u00e9 mes convictions au-dessus des petits calculs&quot;\"\/> (Mat\u00e9o Bonin &#8211; Le T\u00e9l\u00e9gramme)<\/p>\n","protected":false},"excerpt":{"rendered":"Deux militantes pro-palestiniennes expuls\u00e9es du meeting de Retailleau Deux femmes ont \u00e9t\u00e9 embarqu\u00e9es par la gendarmerie pour avoir&hellip;\n","protected":false},"author":2,"featured_media":86825,"comment_status":"","ping_status":"","sticky":false,"template":"","format":"standard","meta":{"footnotes":""},"categories":[4],"tags":[11,7507,829,1013,6206,765,3321,1011,27,3381,3729,12,14972,3323,8912,3319,25,656],"class_list":{"0":"post-86824","1":"post","2":"type-post","3":"status-publish","4":"format-standard","5":"has-post-thumbnail","7":"category-france","8":"tag-actualites","9":"tag-auray","10":"tag-bretagne","11":"tag-bruno-retailleau","12":"tag-chateaulin","13":"tag-en-continu","14":"tag-finistere","15":"tag-fr","16":"tag-france","17":"tag-gendarmerie","18":"tag-morbihan","19":"tag-news","20":"tag-ploermel","21":"tag-pont-labbe","22":"tag-quiberon","23":"tag-quimper","24":"tag-republique-francaise","25":"tag-securite"},"share_on_mastodon":{"url":"https:\/\/pubeurope.com\/@fr\/114477957368711803","error":""},"_links":{"self":[{"href":"https:\/\/www.europesays.com\/fr\/wp-json\/wp\/v2\/posts\/86824","targetHints":{"allow":["GET"]}}],"collection":[{"href":"https:\/\/www.europesays.com\/fr\/wp-json\/wp\/v2\/posts"}],"about":[{"href":"https:\/\/www.europesays.com\/fr\/wp-json\/wp\/v2\/types\/post"}],"author":[{"embeddable":true,"href":"https:\/\/www.europesays.com\/fr\/wp-json\/wp\/v2\/users\/2"}],"replies":[{"embeddable":true,"href":"https:\/\/www.europesays.com\/fr\/wp-json\/wp\/v2\/comments?post=86824"}],"version-history":[{"count":0,"href":"https:\/\/www.europesays.com\/fr\/wp-json\/wp\/v2\/posts\/86824\/revisions"}],"wp:featuredmedia":[{"embeddable":true,"href":"https:\/\/www.europesays.com\/fr\/wp-json\/wp\/v2\/media\/86825"}],"wp:attachment":[{"href":"https:\/\/www.europesays.com\/fr\/wp-json\/wp\/v2\/media?parent=86824"}],"wp:term":[{"taxonomy":"category","embeddable":true,"href":"https:\/\/www.europesays.com\/fr\/wp-json\/wp\/v2\/categories?post=86824"},{"taxonomy":"post_tag","embeddable":true,"href":"https:\/\/www.europesays.com\/fr\/wp-json\/wp\/v2\/tags?post=86824"}],"curies":[{"name":"wp","href":"https:\/\/api.w.org\/{rel}","templated":true}]}}