{"id":86838,"date":"2025-05-09T12:58:09","date_gmt":"2025-05-09T12:58:09","guid":{"rendered":"https:\/\/www.europesays.com\/fr\/86838\/"},"modified":"2025-05-09T12:58:09","modified_gmt":"2025-05-09T12:58:09","slug":"exposition-soirees-dans-des-bars-voici-nos-idees-de-sorties-du-week-end-a-rouen","status":"publish","type":"post","link":"https:\/\/www.europesays.com\/fr\/86838\/","title":{"rendered":"Exposition, soir\u00e9es dans des bars&#8230; Voici nos id\u00e9es de sorties du week-end \u00e0 Rouen"},"content":{"rendered":"<p>            Par<br \/>\n        <strong><br \/>\n            <a href=\"https:\/\/actu.fr\/auteur\/yann-rivallan\" title=\"Consulter tous les articles de Yann Rivallan\" rel=\"nofollow noopener\" target=\"_blank\">Yann Rivallan<\/a><br \/>\n        <\/strong><\/p>\n<p>        Publi\u00e9 le<\/p>\n<p>            9 mai 2025 \u00e0 13h43        <\/p>\n<p>Le week-end est tout proche\u2009! Ou alors, il a peut-\u00eatre m\u00eame d\u00e9j\u00e0 commenc\u00e9 depuis jeudi si vous faites le pont\u2026 Peut-\u00eatre que vous \u00eates <strong>en manque d\u2019id\u00e9es<\/strong> pour sortir et vous occuper un peu ces 10 et 11\u00a0mai 2025 \u00e0 <a href=\"https:\/\/actu.fr\/normandie\/rouen_76540\" rel=\"nofollow noopener\" target=\"_blank\">Rouen<\/a>\u2009? Alors, la r\u00e9daction de 76actu vous a concoct\u00e9, comme \u00e0 l\u2019accoutum\u00e9e, quelques propositions.<\/p>\n<p>Une exposition sur le fr\u00e8re de Pierre Corneille<\/p>\n<p class=\" wall-content\">Vous connaissez \u00e9videmment Pierre. Mais avez-vous d\u00e9j\u00e0 entendu parler de <strong>Thomas, l\u2019autre Corneille<\/strong>\u2009? Pour c\u00e9l\u00e9brer le 400e anniversaire d\u2019un auteur rest\u00e9 longtemps dans l\u2019ombre de son fr\u00e8re dramaturge, Thomas Corneille (1625-1709), <a href=\"https:\/\/actu.fr\/normandie\/petit-couronne_76497\/expo-a-rouen-vous-connaissez-pierre-mais-connaissez-vous-thomas-l-autre-corneille_62567286.html\" rel=\"nofollow noopener\" target=\"_blank\">une exposition<\/a> est organis\u00e9e \u00e0 la Maison des Champs Pierre Corneille, \u00e0 Petit-Couronne. Elle est visible jusqu\u2019au dimanche 4\u00a0janvier 2026.<\/p>\n<p>Luminiscence avant la fin<\/p>\n<p class=\" wall-content\">Dans un autre registre, vous pourriez profiter une derni\u00e8re fois des<strong> illuminations \u00e0 l\u2019int\u00e9rieur de la cath\u00e9drale<\/strong> de Rouen, si vous n\u2019avez pas encore eu le temps de vous y rendre (ou si vous voulez red\u00e9couvrir ce spectacle). Des places sont disponibles pour Luminiscence jusqu\u2019\u00e0 la fin du mois de mai. On avait, pour notre part, <a href=\"https:\/\/actu.fr\/normandie\/rouen_76540\/on-a-teste-luminiscence-le-spectacle-de-lumieres-dans-la-cathedrale-de-rouen-notre-verdict_62161053.html\" rel=\"nofollow noopener\" target=\"_blank\">beaucoup appr\u00e9ci\u00e9<\/a>.<\/p>\n<p>Supermarch\u00e9 italien, bars, soir\u00e9es\u2026<\/p>\n<p class=\" wall-content\">Et si vous vous faisiez plaisir ce week-end\u2009? Depuis le printemps, <strong>l\u2019enseigne de produits italiens<\/strong> Papa Milano a ouvert <a href=\"https:\/\/actu.fr\/normandie\/rouen_76540\/cette-enseigne-bien-connue-a-rouen-a-desormais-son-supermarche-de-saveurs-italiennes_62541877.html\" rel=\"nofollow noopener\" target=\"_blank\">son premier supermarch\u00e9<\/a>. On y trouve aussi bien du sucr\u00e9 que du sal\u00e9, un large choix de p\u00e2tes bien s\u00fbr (y compris compl\u00e8tes ou sans gluten), de la charcuterie, des antipasti, des boissons et alcools, etc. L\u2019occasion de se r\u00e9galer avec les saveurs de l\u2019Italie.<\/p>\n<p class=\" wall-content\">Et si vous pr\u00e9f\u00e9rez sortir et boire un verre, vous pourriez vous laisser tenter par <a href=\"https:\/\/actu.fr\/normandie\/rouen_76540\/rouen-decouvrez-edo-un-nouveau-bar-pour-vous-sentir-comme-au-japon_62605112.html\" rel=\"nofollow noopener\" target=\"_blank\">Edo, un nouveau bar<\/a> \u00e0 l\u2019ambiance japonaise tout juste install\u00e9 dans la rue de la Vicomt\u00e9. <strong>Inspir\u00e9 des izakayas japonais<\/strong> \u2014 l\u2019\u00e9quivalent du bistrot pour nous au Japon \u2014 ce bar propose des sak\u00e9s, des bi\u00e8res, 12 cocktails \u00e0 la carte mais aussi une offre de street-food japonaise vari\u00e9e\u2009: gyozas, karaage \u2014 des morceaux de poulets frits \u2014, ou encore yakitoris, les fameuses brochettes japonaises.<\/p>\n<p class=\" wall-content\">Si vous \u00eates plus branch\u00e9s sorties nocturnes, vous pouvez aussi piocher dans les bonnes id\u00e9es de notre nouveau partenaire <a href=\"https:\/\/actu.fr\/normandie\/rouen_76540\/les-idees-de-soiree-bar-oscope-a-rouen-on-sort-ou-ce-weekend_62605186.html\" rel=\"nofollow noopener\" target=\"_blank\">Bar\u2019Oscope<\/a> qui a recens\u00e9 <strong>diverses soir\u00e9es<\/strong> pour les plus f\u00eatards \u00e0 Rouen jusqu\u2019\u00e0 la fin du week-end.<\/p>\n<p>Vid\u00e9os : en ce moment sur ActuSuivez l\u2019actualit\u00e9 de Rouen sur <a href=\"https:\/\/www.whatsapp.com\/channel\/0029VaKfnf99hXF2ddApFB1D\" rel=\"nofollow noopener\" target=\"_blank\">notre cha\u00eene WhatsApp<\/a> et sur <a href=\"https:\/\/www.tiktok.com\/@76actu.fr?lang=fr\" rel=\"nofollow noopener\" target=\"_blank\">notre compte TikTok<\/a><\/p>\n<p class=\" wall-content\">Suivez toute l\u2019actualit\u00e9 de vos villes et m\u00e9dias favoris en vous inscrivant \u00e0 <a href=\"https:\/\/moncompte.actu.fr\" title=\"D\u00e9couvez Mon Actu\" rel=\"nofollow noopener\" data-trk=\"{&quot;cta&quot;:{&quot;action&quot;:&quot;https:\\\/\\\/moncompte.actu.fr&quot;,&quot;category&quot;:&quot;mon compte&quot;,&quot;from&quot;:&quot;article footer&quot;,&quot;name&quot;:&quot;Mon actu&quot;,&quot;type&quot;:&quot;cta&quot;}}\" target=\"_blank\">Mon Actu<\/a>.<\/p>\n<p>                    <script async src=\"\/\/www.tiktok.com\/embed.js\"><\/script><\/p>\n","protected":false},"excerpt":{"rendered":"Par Yann Rivallan Publi\u00e9 le 9 mai 2025 \u00e0 13h43 Le week-end est tout proche\u2009! Ou alors, il&hellip;\n","protected":false},"author":2,"featured_media":86839,"comment_status":"","ping_status":"","sticky":false,"template":"","format":"standard","meta":{"footnotes":""},"categories":[9587],"tags":[1111,11,9086,1777,674,1011,27,1652,12,5161,25,9590],"class_list":{"0":"post-86838","1":"post","2":"type-post","3":"status-publish","4":"format-standard","5":"has-post-thumbnail","7":"category-rouen","8":"tag-actu","9":"tag-actualites","10":"tag-bon-plan-a-rouen","11":"tag-eu","12":"tag-europe","13":"tag-fr","14":"tag-france","15":"tag-loisirs-culture","16":"tag-news","17":"tag-normandie","18":"tag-republique-francaise","19":"tag-rouen"},"share_on_mastodon":{"url":"https:\/\/pubeurope.com\/@fr\/114477996682354244","error":""},"_links":{"self":[{"href":"https:\/\/www.europesays.com\/fr\/wp-json\/wp\/v2\/posts\/86838","targetHints":{"allow":["GET"]}}],"collection":[{"href":"https:\/\/www.europesays.com\/fr\/wp-json\/wp\/v2\/posts"}],"about":[{"href":"https:\/\/www.europesays.com\/fr\/wp-json\/wp\/v2\/types\/post"}],"author":[{"embeddable":true,"href":"https:\/\/www.europesays.com\/fr\/wp-json\/wp\/v2\/users\/2"}],"replies":[{"embeddable":true,"href":"https:\/\/www.europesays.com\/fr\/wp-json\/wp\/v2\/comments?post=86838"}],"version-history":[{"count":0,"href":"https:\/\/www.europesays.com\/fr\/wp-json\/wp\/v2\/posts\/86838\/revisions"}],"wp:featuredmedia":[{"embeddable":true,"href":"https:\/\/www.europesays.com\/fr\/wp-json\/wp\/v2\/media\/86839"}],"wp:attachment":[{"href":"https:\/\/www.europesays.com\/fr\/wp-json\/wp\/v2\/media?parent=86838"}],"wp:term":[{"taxonomy":"category","embeddable":true,"href":"https:\/\/www.europesays.com\/fr\/wp-json\/wp\/v2\/categories?post=86838"},{"taxonomy":"post_tag","embeddable":true,"href":"https:\/\/www.europesays.com\/fr\/wp-json\/wp\/v2\/tags?post=86838"}],"curies":[{"name":"wp","href":"https:\/\/api.w.org\/{rel}","templated":true}]}}