{"id":86842,"date":"2025-05-09T13:01:21","date_gmt":"2025-05-09T13:01:21","guid":{"rendered":"https:\/\/www.europesays.com\/fr\/86842\/"},"modified":"2025-05-09T13:01:21","modified_gmt":"2025-05-09T13:01:21","slug":"la-mairie-de-grenoble-interdit-la-vente-et-la-consommation-de-ce-gaz-tres-populaire","status":"publish","type":"post","link":"https:\/\/www.europesays.com\/fr\/86842\/","title":{"rendered":"La mairie de Grenoble interdit la vente et la consommation de ce gaz tr\u00e8s populaire"},"content":{"rendered":"<p>            Par<br \/>\n        <strong><br \/>\n            <a href=\"https:\/\/actu.fr\/auteur\/lisa-rodrigues\" title=\"Consulter tous les articles de Lisa Rodrigues\" rel=\"nofollow noopener\" target=\"_blank\">Lisa Rodrigues<\/a><br \/>\n        <\/strong><\/p>\n<p>        Publi\u00e9 le<\/p>\n<p>            9 mai 2025 \u00e0 12h03        <\/p>\n<p>Si le <a href=\"https:\/\/actu.fr\/societe\/gaz-hilarant-les-intoxications-au-protoxyde-d-azote-en-hausse-meme-des-bebes-sont-touches_62524322.html\" rel=\"nofollow noopener\" target=\"_blank\">protoxyde d\u2019azote<\/a> est un gaz couramment pr\u00e9sent en cuisine (dans les siphons alimentaires par exemple) ou en m\u00e9decine, il est r\u00e9guli\u00e8rement cit\u00e9 comme \u00e9tant \u00ab\u00a0un gaz hilarant\u00a0\u00bb tr\u00e8s consomm\u00e9 chez les jeunes.\u00a0<br \/>Grenoble n\u2019\u00e9tant pas \u00e9pargn\u00e9 par le ph\u00e9nom\u00e8ne, la mairie a donc d\u00e9cid\u00e9 de s\u00e9vir par un arr\u00eat\u00e9 publi\u00e9 le 5 mai dernier qui <strong>interdit purement et simplement<\/strong> \u00ab\u00a0la consommation, la vente et l\u2019abandon sur la voie publique de gaz de protoxyde d\u2019azote\u00a0\u00bb.<\/p>\n<p>Nuisances, pollution et risques pour la sant\u00e9<\/p>\n<p class=\" wall-content\">Dans cet arr\u00eat\u00e9, il est indiqu\u00e9 une <strong>hausse de la vente et de la consommation<\/strong> de ce gaz sous forme de cartouches ou de ballons sur la commune, ainsi que des \u00ab\u00a0comportements des consommateurs g\u00e9n\u00e9rant des nuisances sonores et <strong>troublant l\u2019ordre public<\/strong>\u00ab\u00a0.<\/p>\n<p class=\" wall-content\">Une fois consomm\u00e9s, les cartouches ou ballons usag\u00e9s terminent bien souvent sur la voie publique, ce qui constitue \u00ab\u00a0un danger pour les usagers, notamment les enfants et personnes \u00e0 mobilit\u00e9 r\u00e9duite\u00a0\u00bb, en plus de la pollution g\u00e9n\u00e9r\u00e9e, estiment les services de la mairie.<\/p>\n<p class=\" wall-content\">\u00c9galement, \u00ab\u00a0l\u2019usage r\u00e9gulier du protoxyde d\u2019azote peut entra\u00eener des<a href=\"https:\/\/actu.fr\/societe\/pourquoi-l-usage-detourne-du-protoxyde-d-azote-est-une-pratique-a-tres-haut-risque_53321542.html\" rel=\"nofollow noopener\" target=\"_blank\"> risques pour la sant\u00e9<\/a> (troubles moteurs, alt\u00e9rations de la perception, troubles neurologiques\u2026)\u00a0\u00bb, rendant n\u00e9cessaire la r\u00e9glementation de sa consommation.<\/p>\n<p>O\u00f9 s\u2019applique l\u2019arr\u00eat\u00e9 ?<\/p>\n<p class=\" wall-content\">Cette interdiction de d\u00e9tention, de consommation et d\u2019abandon de protoxyde d\u2019azote sur la voie publique s\u2019applique \u00e0 tous, mineurs comme majeurs, sur une large partie de <a href=\"https:\/\/actu.fr\/auvergne-rhone-alpes\/grenoble_38185\" rel=\"nofollow noopener\" target=\"_blank\">Grenoble<\/a>, de la Presqu\u2019\u00eele \u00e0 l\u2019\u00cele verte en passant par le centre-ville, jusqu\u2019aux boulevards Foch et Joseph-Vallier en limite sud de la zone.<\/p>\n<p class=\" wall-content\">\u00ab\u00a0L\u2019interdiction susvis\u00e9e ne s\u2019applique pas aux professionnels et aux personnes \u00e9tant amen\u00e9s \u00e0 utiliser ces substances dans le cadre de leurs activit\u00e9s et\/ou de leur travail\u00a0\u00bb, pr\u00e9cise l\u2019arr\u00eat\u00e9, en vigueur <strong>jusqu\u2019au 31 d\u00e9cembre 2025<\/strong>.<\/p>\n<p class=\" wall-content\">Il est \u00e9galement interdit de vendre ou d\u2019offrir \u00e0 des mineurs du gaz hilarant sur \u00ab\u00a0l\u2019int\u00e9gralit\u00e9 du territoire de Grenoble\u00a0\u00bb. Cette restriction s\u2019applique aux majeurs de 21 heures \u00e0 6 heures.<\/p>\n<p class=\" wall-content\">Suivez toute l\u2019actualit\u00e9 de vos villes et m\u00e9dias favoris en vous inscrivant \u00e0 <a href=\"https:\/\/moncompte.actu.fr\" title=\"D\u00e9couvez Mon Actu\" rel=\"nofollow noopener\" data-trk=\"{&quot;cta&quot;:{&quot;action&quot;:&quot;https:\\\/\\\/moncompte.actu.fr&quot;,&quot;category&quot;:&quot;mon compte&quot;,&quot;from&quot;:&quot;article footer&quot;,&quot;name&quot;:&quot;Mon actu&quot;,&quot;type&quot;:&quot;cta&quot;}}\" target=\"_blank\">Mon Actu<\/a>.<\/p>\n","protected":false},"excerpt":{"rendered":"Par Lisa Rodrigues Publi\u00e9 le 9 mai 2025 \u00e0 12h03 Si le protoxyde d\u2019azote est un gaz couramment&hellip;\n","protected":false},"author":2,"featured_media":86843,"comment_status":"","ping_status":"","sticky":false,"template":"","format":"standard","meta":{"footnotes":""},"categories":[9566],"tags":[1111,11,2430,1777,674,1011,27,843,2731,12,1072,25,104],"class_list":{"0":"post-86842","1":"post","2":"type-post","3":"status-publish","4":"format-standard","5":"has-post-thumbnail","7":"category-grenoble","8":"tag-actu","9":"tag-actualites","10":"tag-auvergne-rhone-alpes","11":"tag-eu","12":"tag-europe","13":"tag-fr","14":"tag-france","15":"tag-gaz","16":"tag-grenoble","17":"tag-news","18":"tag-police","19":"tag-republique-francaise","20":"tag-societe"},"share_on_mastodon":{"url":"https:\/\/pubeurope.com\/@fr\/114478008522167789","error":""},"_links":{"self":[{"href":"https:\/\/www.europesays.com\/fr\/wp-json\/wp\/v2\/posts\/86842","targetHints":{"allow":["GET"]}}],"collection":[{"href":"https:\/\/www.europesays.com\/fr\/wp-json\/wp\/v2\/posts"}],"about":[{"href":"https:\/\/www.europesays.com\/fr\/wp-json\/wp\/v2\/types\/post"}],"author":[{"embeddable":true,"href":"https:\/\/www.europesays.com\/fr\/wp-json\/wp\/v2\/users\/2"}],"replies":[{"embeddable":true,"href":"https:\/\/www.europesays.com\/fr\/wp-json\/wp\/v2\/comments?post=86842"}],"version-history":[{"count":0,"href":"https:\/\/www.europesays.com\/fr\/wp-json\/wp\/v2\/posts\/86842\/revisions"}],"wp:featuredmedia":[{"embeddable":true,"href":"https:\/\/www.europesays.com\/fr\/wp-json\/wp\/v2\/media\/86843"}],"wp:attachment":[{"href":"https:\/\/www.europesays.com\/fr\/wp-json\/wp\/v2\/media?parent=86842"}],"wp:term":[{"taxonomy":"category","embeddable":true,"href":"https:\/\/www.europesays.com\/fr\/wp-json\/wp\/v2\/categories?post=86842"},{"taxonomy":"post_tag","embeddable":true,"href":"https:\/\/www.europesays.com\/fr\/wp-json\/wp\/v2\/tags?post=86842"}],"curies":[{"name":"wp","href":"https:\/\/api.w.org\/{rel}","templated":true}]}}