{"id":86855,"date":"2025-05-09T13:08:08","date_gmt":"2025-05-09T13:08:08","guid":{"rendered":"https:\/\/www.europesays.com\/fr\/86855\/"},"modified":"2025-05-09T13:08:08","modified_gmt":"2025-05-09T13:08:08","slug":"elle-risquait-jusqua-5-ans-de-prison-cette-nourrice-de-loire-atlantique-necope-que-dune-amende","status":"publish","type":"post","link":"https:\/\/www.europesays.com\/fr\/86855\/","title":{"rendered":"elle risquait jusqu\u2019\u00e0 5 ans de prison, cette nourrice de Loire-Atlantique n\u2019\u00e9cope que d\u2019une amende"},"content":{"rendered":"<p>            Par<br \/>\n        <strong><br \/>\n            <a href=\"https:\/\/actu.fr\/auteur\/laurent-fortin\" title=\"Consulter tous les articles de Laurent Fortin\" target=\"_blank\" rel=\"noopener\">Laurent Fortin<\/a><br \/>\n        <\/strong><\/p>\n<p>        Publi\u00e9 le<\/p>\n<p>            9 mai 2025 \u00e0 14h55        <\/p>\n<p>L\u2019accus\u00e9e avait en fait \u00e9t\u00e9 identifi\u00e9e au terme d\u2019une <b>op\u00e9ration de surveillance douani\u00e8re<\/b>\u2009: le <b>6\u00a0f\u00e9vrier 2023<\/b>, les services de Rennes avaient rep\u00e9r\u00e9 un colis \u00ab\u2009en provenance des \u00c9tats-Unis\u2009\u00bb contenant \u00ab\u2009des sachets positifs au THC\u2009\u00bb.<\/p>\n<p class=\" wall-content\">Les <b>agents des douanes <\/b>s\u2019\u00e9taient alors rendus le <b>23\u00a0f\u00e9vrier 2023 <\/b>\u00e0 <a href=\"https:\/\/actu.fr\/pays-de-la-loire\/vertou_44215\" target=\"_blank\" rel=\"noopener\"><b>Vertou<\/b><\/a>, \u00e0 l\u2019adresse de livraison dudit colis\u2026<b> en tenue de travail de \u00ab\u2009livreurs UPS\u2009\u00bb<\/b>. Et la pr\u00e9venue avait \u00ab\u2009accept\u00e9\u2009\u00bb le colis.<\/p>\n<p class=\" wall-content\">Par la suite, \u00e0 son domicile, les enqu\u00eateurs avaient retrouv\u00e9 \u00ab\u2009huit contenants\u2009\u00bb et \u00ab\u2009des sachets vides\u2009\u00bb, \u00ab\u2009des \u00e9tuis\u2009\u00bb ou encore \u00ab\u2009un plateau\u2009\u00bb. Quelques grammes de cannabis avaient \u00e9galement \u00e9t\u00e9 d\u00e9couverts dans son v\u00e9hicule et dans sa chambre. \u00ab\u2009L\u2019exploitation de son t\u00e9l\u00e9phone\u2009\u00bb avait enfin r\u00e9v\u00e9l\u00e9 des \u00ab\u2009communications Instagram\u2009\u00bb sur une \u00ab\u2009livraison de produits\u2009\u00bb.<b\/><\/p>\n<p class=\" wall-content\">Entendue pendant la proc\u00e9dure,<b> cette \u00ab\u2009commerciale d\u2019un grand groupe de produits laitiers\u2009\u00bb \u00e2g\u00e9e \u00e0 l\u2019\u00e9poque de 33\u00a0ans avait reconnu les faits <\/b>et avou\u00e9 fumer du cannabis depuis dix-sept ans, malgr\u00e9 une tentative de \u00ab\u2009sevrage\u2009\u00bb avort\u00e9e.<\/p>\n<p class=\" wall-content\">Elle avait toutefois <b>soutenu ne pas \u00eatre \u00ab\u2009\u00e0 l\u2019origine de la commande\u2009\u00bb <\/b>mais qu\u2019un \u00ab\u2009ami\u2009\u00bb lui avait \u00ab\u2009propos\u00e9 de recevoir\u2009\u00bb ce colis en \u00e9change d\u2019une \u00ab\u2009r\u00e9mun\u00e9ration\u2009\u00bb\u2009: elle pensait qu\u2019il contenait \u00ab\u2009environ 20 grammes de cannabis\u2009\u00bb.<\/p>\n<p class=\" wall-content\">Selon la pes\u00e9e faite lors de son interception le 6\u00a0f\u00e9vrier 2023, <b>il y en avait plut\u00f4t pour \u00ab\u2009pr\u00e8s d\u20191\u00a0kg\u2009\u00bb.<\/b><\/p>\n<p>La \u00ab\u2009nourrice\u2009\u00bb absente lors de la pes\u00e9e<\/p>\n<p class=\" wall-content\">L\u2019avocat de la d\u00e9fense avait cependant, au cours de<b> l\u2019audience publique du 27\u00a0f\u00e9vrier 2025<\/b>, rep\u00e9r\u00e9 un probl\u00e8me majeur dans l\u2019enqu\u00eate\u2009:<b> sa cliente n\u2019\u00e9tait pas pr\u00e9sente lors de cette pes\u00e9e<\/b>. Or,<b> <a href=\"https:\/\/www.legifrance.gouv.fr\/codes\/article_lc\/LEGIARTI000023718471\" target=\"_blank\" rel=\"noopener\">le code de proc\u00e9dure p\u00e9nale<\/a><\/b><a href=\"https:\/\/www.legifrance.gouv.fr\/codes\/article_lc\/LEGIARTI000023718471\" target=\"_blank\" rel=\"noopener\"> l\u2019exige,<\/a> sous peine de nullit\u00e9. Il avait donc<b> plaid\u00e9 la relaxe<\/b> sur les infractions de \u00ab\u2009d\u00e9tention\u2009\u00bb et \u00ab\u2009d\u2019acquisition\u2009\u00bb de produit illicite, <b>alors qu\u2019elle risquait jusqu\u2019\u00e0 5\u00a0ans de prison, <\/b>m\u00eame si dans les faits c\u2019est plut\u00f4t 18\u00a0mois avec sursis.<b> <\/b>Le procureur de la R\u00e9publique ne l\u2019avait pas contredit\u2009:<\/p>\n<blockquote class=\"ac-article-quote wall-content\">\n<p>Je dois tenir compte de la forte probabilit\u00e9 d\u2019annulation de la pes\u00e9e. Il resterait ce qu\u2019on a retrouv\u00e9 chez elle<\/p>\n<\/blockquote>\n<p class=\" wall-content\">Dans ces conditions, il avait simplement requis un \u00ab\u2009<b>stage de sensibilisation aux dangers des stup\u00e9fiants\u2009<\/b>\u00bb. Une peine qui \u00ab\u2009convient \u00e9videmment\u2009\u00bb \u00e0 la pr\u00e9venue, selon son avocat.<\/p>\n<p class=\" wall-content\">Celle dont le <b>casier judiciaire \u00e9tait vierge <\/b>s\u2019\u00e9tait dite \u00ab\u2009d\u00e9sol\u00e9e de se retrouver ici pour la premi\u00e8re fois\u2009\u00bb.<\/p>\n<blockquote class=\"ac-article-quote wall-content\">\n<p>Apr\u00e8s cette histoire tr\u00e8s traumatisante, j\u2019ai eu un \u00e9lectrochoc et j\u2019ai compl\u00e8tement arr\u00eat\u00e9 ma consommation. J\u2019ai compris mon erreur et la na\u00efvet\u00e9 dont j\u2019ai pu faire preuve.\u2009Mon m\u00e9decin g\u00e9n\u00e9raliste est aussi addictologue et il m\u2019a beaucoup aid\u00e9.<\/p>\n<\/blockquote>\n<p class=\" wall-content\">M\u00e8re d\u2019un enfant de 6\u00a0ans, elle a aussi indiqu\u00e9 aux jug\u00e9s avoir \u00ab\u2009perdu 12\u00a0kg gr\u00e2ce au sport\u2009\u00bb.<\/p>\n<p class=\" wall-content\">Mais cette pr\u00e9venue est un \u00ab\u2009cas relativement classique\u2009\u00bb d\u2019une personne avec \u00ab\u2009une vie normale\u2009\u00bb et \u00ab\u2009<b>qui sert de bo\u00eete aux lettres dans le cadre d\u2019un trafic de stup\u00e9fiants <\/b>\u00e0 une \u00e9chelle qui la d\u00e9passe sans doute\u2009\u00bb, avait fait observer le repr\u00e9sentant des douanes.<\/p>\n<blockquote class=\"ac-article-quote wall-content\">\n<p>Elle fait la nourrice en \u00e9change d\u2019une r\u00e9mun\u00e9ration ou de quoi alimenter sa propre consommation.<\/p>\n<p>Les douanes<\/p><\/blockquote>\n<p class=\" wall-content\">Il avait n\u00e9anmoins regrett\u00e9 qu\u2019elle n\u2019ait \u00ab\u2009<b>pas fourni plus d\u2019informations sur les commanditaires <\/b>r\u00e9els\u2009\u00bb et <b>avait demand\u00e9 le versement de la somme de 10\u2009018\u00a0\u20ac <\/b>correspondant au prix de la marchandise saisie.<\/p>\n<p class=\" wall-content\"><b>Le tribunal correctionnel de Nantes a d\u00e9bout\u00e9 les douanes de leur demande<\/b> et constat\u00e9 la \u00ab\u2009nullit\u00e9 du proc\u00e8s-verbal\u2009\u00bb de pes\u00e9e. Il a donc relax\u00e9 la \u00ab\u2009nourrice\u2009\u00bb des faits de \u00ab\u2009d\u00e9tention\u2009\u00bb et \u00ab\u2009d\u2019acquisition\u2009\u00bb de cannabis. Celle-ci a<b> simplement \u00e9cop\u00e9 d\u2019une amende de 200\u00a0\u20ac<\/b> pour son \u00ab\u2009usage de produit illicite\u2009\u00bb.<\/p>\n<p class=\" wall-content\">Suivez toute l\u2019actualit\u00e9 de vos villes et m\u00e9dias favoris en vous inscrivant \u00e0 <a href=\"https:\/\/moncompte.actu.fr\" title=\"D\u00e9couvez Mon Actu\" rel=\"nofollow noopener\" data-trk=\"{&quot;cta&quot;:{&quot;action&quot;:&quot;https:\\\/\\\/moncompte.actu.fr&quot;,&quot;category&quot;:&quot;mon compte&quot;,&quot;from&quot;:&quot;article footer&quot;,&quot;name&quot;:&quot;Mon actu&quot;,&quot;type&quot;:&quot;cta&quot;}}\" target=\"_blank\">Mon Actu<\/a>.<\/p>\n","protected":false},"excerpt":{"rendered":"Par Laurent Fortin Publi\u00e9 le 9 mai 2025 \u00e0 14h55 L\u2019accus\u00e9e avait en fait \u00e9t\u00e9 identifi\u00e9e au terme&hellip;\n","protected":false},"author":2,"featured_media":86856,"comment_status":"","ping_status":"","sticky":false,"template":"","format":"standard","meta":{"footnotes":""},"categories":[2818],"tags":[1111,11,1052,1777,674,118,1011,27,303,766,12,2636,25,2900],"class_list":{"0":"post-86855","1":"post","2":"type-post","3":"status-publish","4":"format-standard","5":"has-post-thumbnail","7":"category-nantes","8":"tag-actu","9":"tag-actualites","10":"tag-drogue","11":"tag-eu","12":"tag-europe","13":"tag-faits-divers","14":"tag-fr","15":"tag-france","16":"tag-justice","17":"tag-nantes","18":"tag-news","19":"tag-pays-de-la-loire","20":"tag-republique-francaise","21":"tag-vignoble-nantais"},"share_on_mastodon":{"url":"","error":""},"_links":{"self":[{"href":"https:\/\/www.europesays.com\/fr\/wp-json\/wp\/v2\/posts\/86855","targetHints":{"allow":["GET"]}}],"collection":[{"href":"https:\/\/www.europesays.com\/fr\/wp-json\/wp\/v2\/posts"}],"about":[{"href":"https:\/\/www.europesays.com\/fr\/wp-json\/wp\/v2\/types\/post"}],"author":[{"embeddable":true,"href":"https:\/\/www.europesays.com\/fr\/wp-json\/wp\/v2\/users\/2"}],"replies":[{"embeddable":true,"href":"https:\/\/www.europesays.com\/fr\/wp-json\/wp\/v2\/comments?post=86855"}],"version-history":[{"count":0,"href":"https:\/\/www.europesays.com\/fr\/wp-json\/wp\/v2\/posts\/86855\/revisions"}],"wp:featuredmedia":[{"embeddable":true,"href":"https:\/\/www.europesays.com\/fr\/wp-json\/wp\/v2\/media\/86856"}],"wp:attachment":[{"href":"https:\/\/www.europesays.com\/fr\/wp-json\/wp\/v2\/media?parent=86855"}],"wp:term":[{"taxonomy":"category","embeddable":true,"href":"https:\/\/www.europesays.com\/fr\/wp-json\/wp\/v2\/categories?post=86855"},{"taxonomy":"post_tag","embeddable":true,"href":"https:\/\/www.europesays.com\/fr\/wp-json\/wp\/v2\/tags?post=86855"}],"curies":[{"name":"wp","href":"https:\/\/api.w.org\/{rel}","templated":true}]}}