{"id":86878,"date":"2025-05-09T13:20:32","date_gmt":"2025-05-09T13:20:32","guid":{"rendered":"https:\/\/www.europesays.com\/fr\/86878\/"},"modified":"2025-05-09T13:20:32","modified_gmt":"2025-05-09T13:20:32","slug":"paris-et-lile-de-france-places-en-vigilance-orange-neige-verglas-avant-un-changement-radical","status":"publish","type":"post","link":"https:\/\/www.europesays.com\/fr\/86878\/","title":{"rendered":"Paris et l&rsquo;\u00cele-de-France plac\u00e9s en vigilance orange neige-verglas, avant un changement radical"},"content":{"rendered":"<p>            Par<br \/>\n        <strong><br \/>\n            <a href=\"https:\/\/actu.fr\/auteur\/redaction-paris\" title=\"Consulter tous les articles de R\u00e9daction Paris\" rel=\"nofollow noopener\" target=\"_blank\">R\u00e9daction Paris<\/a><br \/>\n        <\/strong><\/p>\n<p>        Publi\u00e9 le<\/p>\n<p>            4 janv. 2025 \u00e0 10h49        <\/p>\n<p>La <strong>vigilance<\/strong> monte d\u2019un cran en \u00cele-de-France. Ce samedi 4 janvier 2025, <a href=\"https:\/\/actu.fr\/tag\/meteo-france\" rel=\"nofollow noopener\" target=\"_blank\">M\u00e9t\u00e9o-France<\/a> place <a href=\"https:\/\/actu.fr\/paris\/dernieres-actus\" rel=\"nofollow noopener\" target=\"_blank\">Paris<\/a> et sa r\u00e9gion en<a href=\"https:\/\/vigilance.meteofrance.fr\/fr\/neige-verglas\" rel=\"nofollow noopener\" target=\"_blank\"> alerte orange neige et verglas<\/a>, o\u00f9 l<a href=\"https:\/\/actu.fr\/ile-de-france\/paris_75056\/meteo-france-etend-la-vigilance-neige-et-verglas-a-40-departements-paris-et-l-ile-de-france-concernes_62069632.html\" rel=\"nofollow noopener\" target=\"_blank\">\u2018alerte jaune<\/a> \u00e9tait d\u00e9j\u00e0 en cours. Elle entrera en vigueur<strong> d\u00e8s 18 heures<\/strong>.<\/p>\n<p>Des \u00ab\u00a0difficult\u00e9s de circulation\u00a0\u00bb \u00e0 pr\u00e9voir<\/p>\n<p class=\" wall-content\">\u00ab\u00a0Un \u00e9pisode de <a href=\"https:\/\/actu.fr\/tag\/neige\" rel=\"nofollow noopener\" target=\"_blank\">neige<\/a>, puis surtout de pluies vergla\u00e7antes sur le nord et nord-est du pays ce soir et cette nuit est attendu\u00a0\u00bb, pr\u00e9cise l\u2019institut de m\u00e9t\u00e9orologie.\u00a0<\/p>\n<p class=\" wall-content\">L\u2019alerte est relay\u00e9e par les collectivit\u00e9s et les autorit\u00e9s locales, comme la <a href=\"https:\/\/actu.fr\/tag\/prefecture-de-police-de-paris\" rel=\"nofollow noopener\" target=\"_blank\">pr\u00e9fecture de Police de Paris<\/a> :\u00a0<\/p>\n<p class=\" wall-content\">\n<p class=\" wall-content\">\u00ab\u00a0Les pluies vergla\u00e7antes peuvent occasionner des difficult\u00e9s de circulation. Soyez prudents\u00a0\u00bb, compl\u00e8te M\u00e9t\u00e9o-France, alors que le week-end s\u2019annonce compliqu\u00e9 sur la route en raison du retour des vacances de No\u00ebl.<\/p>\n<p class=\" wall-content\">\n<p class=\" wall-content\">C\u00f4t\u00e9 temp\u00e9ratures, le froid saisit la capitale. Il faisait -1\u00b0C ce matin et il ne devrait faire que 3\u00b0C en milieu de journ\u00e9e. En fin de journ\u00e9e, le thermom\u00e8tre ne d\u00e9passera pas les 2\u00b0C. Le ciel sera couvert et d\u00e9versera de la pluie vergla\u00e7ante donc.\u00a0<\/p>\n<p>Vid\u00e9os : en ce moment sur Actu<\/p>\n<p class=\" wall-content\">Attention, le temps devrait radicalement dimanche, avec un radoucissement spectaculaire, accompagn\u00e9 de pluie et de vent : les temp\u00e9ratures devraient effectivement grimper jusqu\u2019\u00e0 11\u00b0C.\u00a0<\/p>\n<p class=\" wall-content\">Suivez toute l\u2019actualit\u00e9 de vos villes et m\u00e9dias favoris en vous inscrivant \u00e0 <a href=\"https:\/\/moncompte.actu.fr\" title=\"D\u00e9couvez Mon Actu\" rel=\"nofollow noopener\" data-trk=\"{&quot;cta&quot;:{&quot;action&quot;:&quot;https:\\\/\\\/moncompte.actu.fr&quot;,&quot;category&quot;:&quot;mon compte&quot;,&quot;from&quot;:&quot;article footer&quot;,&quot;name&quot;:&quot;Mon actu&quot;,&quot;type&quot;:&quot;cta&quot;}}\" target=\"_blank\">Mon Actu<\/a>.<\/p>\n","protected":false},"excerpt":{"rendered":"Par R\u00e9daction Paris Publi\u00e9 le 4 janv. 2025 \u00e0 10h49 La vigilance monte d\u2019un cran en \u00cele-de-France. Ce&hellip;\n","protected":false},"author":2,"featured_media":86879,"comment_status":"","ping_status":"","sticky":false,"template":"","format":"standard","meta":{"footnotes":""},"categories":[1592],"tags":[1111,11,1777,674,1011,27,662,2487,2357,10584,12,626,25],"class_list":{"0":"post-86878","1":"post","2":"type-post","3":"status-publish","4":"format-standard","5":"has-post-thumbnail","7":"category-ile-de-france","8":"tag-actu","9":"tag-actualites","10":"tag-eu","11":"tag-europe","12":"tag-fr","13":"tag-france","14":"tag-ile-de-france","15":"tag-meteo","16":"tag-meteo-france","17":"tag-neige","18":"tag-news","19":"tag-paris","20":"tag-republique-francaise"},"share_on_mastodon":{"url":"https:\/\/pubeurope.com\/@fr\/114478083231913021","error":""},"_links":{"self":[{"href":"https:\/\/www.europesays.com\/fr\/wp-json\/wp\/v2\/posts\/86878","targetHints":{"allow":["GET"]}}],"collection":[{"href":"https:\/\/www.europesays.com\/fr\/wp-json\/wp\/v2\/posts"}],"about":[{"href":"https:\/\/www.europesays.com\/fr\/wp-json\/wp\/v2\/types\/post"}],"author":[{"embeddable":true,"href":"https:\/\/www.europesays.com\/fr\/wp-json\/wp\/v2\/users\/2"}],"replies":[{"embeddable":true,"href":"https:\/\/www.europesays.com\/fr\/wp-json\/wp\/v2\/comments?post=86878"}],"version-history":[{"count":0,"href":"https:\/\/www.europesays.com\/fr\/wp-json\/wp\/v2\/posts\/86878\/revisions"}],"wp:featuredmedia":[{"embeddable":true,"href":"https:\/\/www.europesays.com\/fr\/wp-json\/wp\/v2\/media\/86879"}],"wp:attachment":[{"href":"https:\/\/www.europesays.com\/fr\/wp-json\/wp\/v2\/media?parent=86878"}],"wp:term":[{"taxonomy":"category","embeddable":true,"href":"https:\/\/www.europesays.com\/fr\/wp-json\/wp\/v2\/categories?post=86878"},{"taxonomy":"post_tag","embeddable":true,"href":"https:\/\/www.europesays.com\/fr\/wp-json\/wp\/v2\/tags?post=86878"}],"curies":[{"name":"wp","href":"https:\/\/api.w.org\/{rel}","templated":true}]}}