{"id":86882,"date":"2025-05-09T13:22:11","date_gmt":"2025-05-09T13:22:11","guid":{"rendered":"https:\/\/www.europesays.com\/fr\/86882\/"},"modified":"2025-05-09T13:22:11","modified_gmt":"2025-05-09T13:22:11","slug":"pour-sa-premiere-homelie-de-pape-leon-xiv-deplore-le-recul-de-la-foi-qui-entraine-des-drames","status":"publish","type":"post","link":"https:\/\/www.europesays.com\/fr\/86882\/","title":{"rendered":"Pour sa premi\u00e8re hom\u00e9lie de pape, L\u00e9on XIV d\u00e9plore le recul de la foi qui entra\u00eene \u00ab\u00a0des drames\u00a0\u00bb"},"content":{"rendered":"<p class=\"paragraph text_align_left\">Son message initial \u00e9tait attendu. Pour <a href=\"https:\/\/www.leparisien.fr\/societe\/religions\/nouveau-pape-leon-xiv-celebre-ce-vendredi-sa-premiere-messe-dans-la-chapelle-sixtine-suivez-notre-direct-09-05-2025-PXB544XXBZAXDCW5EHI5GOJPIY.php\" target=\"_blank\" rel=\"nofollow noopener\">sa premi\u00e8re messe<\/a> en tant que chef de l\u2019\u00c9glise catholique, c\u00e9l\u00e9br\u00e9e ce vendredi en fin de matin\u00e9e dans la chapelle Sixtine au Vatican, <a href=\"https:\/\/www.leparisien.fr\/societe\/religions\/ils-ne-choisiront-pas-un-pape-americain-le-nouveau-pape-leon-xiv-ne-pensait-pas-pouvoir-etre-elu-selon-son-frere-09-05-2025-WOYSKZOXYZBITADOKR7DBE4ANQ.php\" target=\"_blank\" rel=\"nofollow noopener\">le nouveau pape L\u00e9on XIV<\/a> a d\u00e9plor\u00e9 le recul de la foi.<\/p>\n<p class=\"paragraph text_align_left\">\u00ab Aujourd\u2019hui encore, nombreux sont les contextes o\u00f9 la foi chr\u00e9tienne est consid\u00e9r\u00e9e comme absurde, (\u2026) des contextes o\u00f9 on lui pr\u00e9f\u00e8re d\u2019autres certitudes, comme la technologie, l\u2019argent, le succ\u00e8s, le pouvoir, le plaisir \u00bb, a-t-il d\u00e9clar\u00e9 devant les cardinaux dans son hom\u00e9lie prononc\u00e9e en italien. \u00ab Il s\u2019agit d\u2019environnements o\u00f9 il n\u2019est pas facile de t\u00e9moigner et d\u2019annoncer l\u2019\u00c9vangile, et o\u00f9 ceux qui croient sont ridiculis\u00e9s, pers\u00e9cut\u00e9s, m\u00e9pris\u00e9s ou, au mieux, tol\u00e9r\u00e9s et pris en piti\u00e9 \u00bb, a-t-il ajout\u00e9.<\/p>\n<p class=\"paragraph text_align_left\">\u00ab Et pourtant, c\u2019est pr\u00e9cis\u00e9ment pour cette raison que la mission est urgente en ces lieux, car le manque de foi entra\u00eene souvent des drames \u00bb, comme \u00ab la violation de la dignit\u00e9 de la personne \u00bb ou \u00ab la crise de la famille \u00bb, a-t-il poursuivi.<\/p>\n<p>J\u00e9sus \u00ab r\u00e9duit \u00e0 une sorte de surhomme \u00bb<\/p>\n<p class=\"paragraph text_align_left\">Le premier pape am\u00e9ricain de l\u2019histoire, \u00e9lu jeudi <a href=\"https:\/\/www.leparisien.fr\/societe\/religions\/solennel-et-detendu-le-cardinal-bustillo-raconte-les-coulisses-du-conclave-qui-a-elu-le-nouveau-pape-leon-xiv-09-05-2025-2OSF27YNRBFSXNC7UUQPXXV47I.php\" target=\"_blank\" rel=\"nofollow noopener\">au deuxi\u00e8me jour du conclave<\/a>, a \u00e9galement d\u00e9plor\u00e9 \u00ab les contextes o\u00f9 J\u00e9sus, bien qu\u2019appr\u00e9ci\u00e9 en tant qu\u2019homme, est r\u00e9duit \u00e0 une sorte de leader charismatique ou de surhomme \u00bb. \u00ab Et cela non seulement chez les non-croyants, mais aussi chez nombre de baptis\u00e9s qui finissent ainsi par vivre, \u00e0 ce niveau, dans un ath\u00e9isme de fait \u00bb, a-t-il insist\u00e9. <a href=\"https:\/\/www.leparisien.fr\/societe\/religions\/pourquoi-le-nouveau-pape-robert-francis-prevost-a-choisi-le-prenom-de-leon-08-05-2025-DELI2PEMLBGE3JO2AKMGPDOGDY.php\" target=\"_blank\" rel=\"nofollow noopener\">Robert Francis Prevost<\/a>, qui portait des chaussures noires comme Fran\u00e7ois et non rouges comme le veut la tradition papale, a appel\u00e9 l\u2019\u00c9glise \u00e0 \u00eatre un \u00ab phare qui \u00e9claire les nuits du monde \u00bb.<\/p>\n","protected":false},"excerpt":{"rendered":"Son message initial \u00e9tait attendu. Pour sa premi\u00e8re messe en tant que chef de l\u2019\u00c9glise catholique, c\u00e9l\u00e9br\u00e9e ce&hellip;\n","protected":false},"author":2,"featured_media":86883,"comment_status":"","ping_status":"","sticky":false,"template":"","format":"standard","meta":{"footnotes":""},"categories":[1888],"tags":[1111,1928,11,1927,1777,674,1011,27,12,1926,626,1925,11725,25,104,2955],"class_list":{"0":"post-86882","1":"post","2":"type-post","3":"status-publish","4":"format-standard","5":"has-post-thumbnail","7":"category-paris","8":"tag-actu","9":"tag-actu-paris","10":"tag-actualites","11":"tag-actualites-paris","12":"tag-eu","13":"tag-europe","14":"tag-fr","15":"tag-france","16":"tag-news","17":"tag-news-paris","18":"tag-paris","19":"tag-paris-news","20":"tag-religions","21":"tag-republique-francaise","22":"tag-societe","23":"tag-videos"},"share_on_mastodon":{"url":"https:\/\/pubeurope.com\/@fr\/114478091095785177","error":""},"_links":{"self":[{"href":"https:\/\/www.europesays.com\/fr\/wp-json\/wp\/v2\/posts\/86882","targetHints":{"allow":["GET"]}}],"collection":[{"href":"https:\/\/www.europesays.com\/fr\/wp-json\/wp\/v2\/posts"}],"about":[{"href":"https:\/\/www.europesays.com\/fr\/wp-json\/wp\/v2\/types\/post"}],"author":[{"embeddable":true,"href":"https:\/\/www.europesays.com\/fr\/wp-json\/wp\/v2\/users\/2"}],"replies":[{"embeddable":true,"href":"https:\/\/www.europesays.com\/fr\/wp-json\/wp\/v2\/comments?post=86882"}],"version-history":[{"count":0,"href":"https:\/\/www.europesays.com\/fr\/wp-json\/wp\/v2\/posts\/86882\/revisions"}],"wp:featuredmedia":[{"embeddable":true,"href":"https:\/\/www.europesays.com\/fr\/wp-json\/wp\/v2\/media\/86883"}],"wp:attachment":[{"href":"https:\/\/www.europesays.com\/fr\/wp-json\/wp\/v2\/media?parent=86882"}],"wp:term":[{"taxonomy":"category","embeddable":true,"href":"https:\/\/www.europesays.com\/fr\/wp-json\/wp\/v2\/categories?post=86882"},{"taxonomy":"post_tag","embeddable":true,"href":"https:\/\/www.europesays.com\/fr\/wp-json\/wp\/v2\/tags?post=86882"}],"curies":[{"name":"wp","href":"https:\/\/api.w.org\/{rel}","templated":true}]}}