{"id":86890,"date":"2025-05-09T13:26:31","date_gmt":"2025-05-09T13:26:31","guid":{"rendered":"https:\/\/www.europesays.com\/fr\/86890\/"},"modified":"2025-05-09T13:26:31","modified_gmt":"2025-05-09T13:26:31","slug":"la-pologne-et-la-russie-annoncent-une-alliance-renforcee-face-a-la-russie","status":"publish","type":"post","link":"https:\/\/www.europesays.com\/fr\/86890\/","title":{"rendered":"La Pologne et la Russie annoncent une alliance renforc\u00e9e face \u00e0 la Russie"},"content":{"rendered":"<p><a href=\"https:\/\/www.lalibre.be\/international\/europe\/guerre-ukraine-russie\/2024\/12\/13\/guerre-en-ukraine-macron-et-tusk-discutent-de-lenvoi-de-troupes-europeennes-DIL7LHSXJZCLFFI62SHVHYU7TU\/\" target=\"_blank\" rel=\"noopener noreferrer\" class=\"ap-StoryInterstitialLink ap-StoryElement ap-StoryElement--mb\">Guerre en Ukraine : Macron et Tusk discutent de l&rsquo;envoi de troupes europ\u00e9ennes<\/a><\/p>\n<p class=\"ap-StoryElement ap-StoryElement--mb ap-StoryText\">Avec en toile de fond la guerre en Ukraine qui, trois ans apr\u00e8s le d\u00e9but de l&rsquo;offensive russe, ne faiblit pas malgr\u00e9 la promesse de Donald Trump d&rsquo;y mettre fin. Et une menace de d\u00e9sengagement am\u00e9ricain qui pousse l&rsquo;Europe \u00e0 se r\u00e9armer massivement.<\/p>\n<p class=\"ap-StoryElement ap-StoryElement--mb ap-StoryText\">Dans ce contexte, le trait\u00e9 va inclure une clause de d\u00e9fense mutuelle, qui \u00ab\u00a0ouvre la possibilit\u00e9 d&rsquo;une coop\u00e9ration\u00a0\u00bb en mati\u00e8re de dissuasion nucl\u00e9aire, avait annonc\u00e9 Donald Tusk avant de s&rsquo;envoler pour la France.<\/p>\n<p class=\"ap-StoryElement ap-StoryElement--mb ap-StoryText\">\u00ab\u00a0La diffusion nucl\u00e9aire fran\u00e7aise a une composante europ\u00e9enne, et dans ce trait\u00e9, c&rsquo;est une solidarit\u00e9 encore plus forte que nous scellons, qui permet de rendre op\u00e9rationnel ce qu&rsquo;il y a d\u00e9j\u00e0 dans l&rsquo;article 5 de l&rsquo;OTAN\u00a0\u00bb, a d\u00e9clar\u00e9 Emmanuel Macron sur la place Stanislas.<\/p>\n<p><a href=\"https:\/\/www.lalibre.be\/international\/amerique\/2025\/04\/29\/faire-face-aux-menaces-actuelles-et-futures-les-etats-unis-approuvent-une-vente-de-missiles-a-la-pologne-pour-plus-dun-milliard-de-dollars-7XNHTTMNQBDDRPDBHV3Z5K3M2I\/\" target=\"_blank\" rel=\"noopener noreferrer\" class=\"ap-StoryInterstitialLink ap-StoryElement ap-StoryElement--mb\">\u00ab\u00a0Faire face aux menaces actuelles et futures\u00a0\u00bb : Les Etats-Unis approuvent une vente de missiles \u00e0 la Pologne pour plus d&rsquo;un milliard de dollars<\/a><\/p>\n<p class=\"ap-StoryElement ap-StoryElement--mb ap-StoryText\">\u00ab\u00a0Cette clause de soutien mutuel en cas d&rsquo;agression contre l&rsquo;un de nos pays est l&rsquo;essence m\u00eame de ce trait\u00e9\u00a0\u00bb, s&rsquo;\u00e9tait f\u00e9licit\u00e9 le dirigeant polonais. \u00ab\u00a0En cas de menace, d&rsquo;attaque contre la Pologne, et la France, les deux pays s&rsquo;engagent \u00e0 fournir une assistance mutuelle, y compris une assistance militaire\u00a0\u00bb, avait-il pr\u00e9cis\u00e9.<\/p>\n<p class=\"ap-StoryElement ap-StoryElement--mb ap-StoryText\">Les deux pays avaient d\u00e9j\u00e0 conclu un trait\u00e9 en 1991, alors que la Pologne sortait du glacis sovi\u00e9tique, apr\u00e8s la chute du Rideau de fer, mais moins ambitieux.<\/p>\n<p>\u00ab\u00a0Partenaire n\u00e9glig\u00e9\u00a0\u00bb<\/p>\n<p class=\"ap-StoryElement ap-StoryElement--mb ap-StoryText\">Outre la d\u00e9fense, la coop\u00e9ration sera renforc\u00e9e dans les secteurs des infrastructures et l&rsquo;\u00e9nergie.<\/p>\n<p class=\"ap-StoryElement ap-StoryElement--mb ap-StoryText\">Emmanuel Macron entend ainsi rehausser la relation avec Varsovie au niveau de celle d\u00e9j\u00e0 act\u00e9e avec l&rsquo;Allemagne, l&rsquo;Italie ou l&rsquo;Espagne \u00e0 travers les trait\u00e9s de l&rsquo;Elys\u00e9e (1963), du Quirinal (2021) et de Barcelone (2023).<\/p>\n<p class=\"ap-StoryElement ap-StoryElement--mb ap-StoryText\">La Pologne est \u00ab\u00a0un partenaire que pendant trop longtemps (&#8230;) on a un peu n\u00e9glig\u00e9\u00a0\u00bb, a reconnu vendredi sur RTL le ministre fran\u00e7ais charg\u00e9 de l&rsquo;Europe Benjamin Haddad.<\/p>\n<p><a href=\"https:\/\/www.lalibre.be\/international\/europe\/2025\/03\/12\/la-pologne-est-de-plus-en-plus-sur-le-pied-de-guerre-QSONHKAJBFD6LHK4LGZGIODH4A\/\" target=\"_blank\" rel=\"noopener noreferrer\" class=\"ap-StoryInterstitialLink ap-StoryElement ap-StoryElement--mb\">La Pologne est de plus en plus sur le pied de guerre<\/a><\/p>\n<p class=\"ap-StoryElement ap-StoryElement--mb ap-StoryText\">Craignant la menace du grand voisin russe et soutien actif de l&rsquo;Ukraine, la Pologne, pays de quelque 38 millions d&rsquo;habitants, s&rsquo;est lanc\u00e9e dans un programme de modernisation acc\u00e9l\u00e9r\u00e9e de son arm\u00e9e et est devenue un acteur politique et militaire majeur en Europe.<\/p>\n<p class=\"ap-StoryElement ap-StoryElement--mb ap-StoryText\">Jusqu&rsquo;ici tr\u00e8s d\u00e9pendante des Etats-Unis pour sa d\u00e9fense, elle est profond\u00e9ment \u00e9branl\u00e9e par le climat d&rsquo;incertitude g\u00e9n\u00e9r\u00e9 par les ambivalences de Donald Trump envers l&rsquo;Europe.<\/p>\n<p class=\"ap-StoryElement ap-StoryElement--mb ap-StoryText\">Varsovie s&rsquo;int\u00e9resse particuli\u00e8rement \u00e0 l&rsquo;id\u00e9e fran\u00e7aise d&rsquo;un parapluie nucl\u00e9aire europ\u00e9en. Une proposition jug\u00e9e \u00ab\u00a0tr\u00e8s prometteuse\u00a0\u00bb par Donald Tusk en mars et qui retient aussi l&rsquo;attention de Berlin.<\/p>\n<p><a href=\"https:\/\/www.lalibre.be\/international\/europe\/2025\/03\/26\/la-pologne-va-adopter-une-disposition-limitant-le-droit-dasile-annonce-donald-tusk-IPPQOG6NAREK5MSGXMFR6UWSRM\/\" target=\"_blank\" rel=\"noopener noreferrer\" class=\"ap-StoryInterstitialLink ap-StoryElement ap-StoryElement--mb\">La Pologne va adopter une disposition limitant le droit d&rsquo;asile, annonce Donald Tusk<\/a>Coordination militaire<\/p>\n<p class=\"ap-StoryElement ap-StoryElement--mb ap-StoryText\">La France est le seul pays d&rsquo;Europe occidentale, avec le Royaume-Uni, dot\u00e9 de l&rsquo;arme nucl\u00e9aire. Les autres pays europ\u00e9ens membres de l&rsquo;Otan sont jusqu&rsquo;ici sous le parapluie de la dissuasion nucl\u00e9aire am\u00e9ricaine.<\/p>\n<p class=\"ap-StoryElement ap-StoryElement--mb ap-StoryText\">Mais face aux remous transatlantiques, Emmanuel Macron s&rsquo;est dit pr\u00eat \u00e0 \u00ab\u00a0ouvrir le d\u00e9bat strat\u00e9gique sur la protection par notre dissuasion de nos alli\u00e9s du continent europ\u00e9en\u00a0\u00bb.<\/p>\n<p><a href=\"https:\/\/www.lalibre.be\/international\/europe\/guerre-ukraine-russie\/2025\/02\/18\/guerre-en-ukraine-macron-assure-que-la-france-ne-sapprete-pas-a-envoyer-des-troupes-au-sol-belligerantes-T3HDGVYWVFEQNN4EGWZ22E6JMM\/\" target=\"_blank\" rel=\"noopener noreferrer\" class=\"ap-StoryInterstitialLink ap-StoryElement ap-StoryElement--mb\">Guerre en Ukraine: Macron assure que \u00ab\u00a0la France ne s&rsquo;appr\u00eate pas \u00e0 envoyer des troupes au sol bellig\u00e9rantes\u00a0\u00bb<\/a><\/p>\n<p class=\"ap-StoryElement ap-StoryElement--mb ap-StoryText\">Comme ses pr\u00e9d\u00e9cesseurs, il a relev\u00e9 \u00e0 plusieurs reprises que les int\u00e9r\u00eats vitaux de la France, \u00e0 la base de la doctrine de dissuasion, avaient une \u00ab\u00a0dimension europ\u00e9enne\u00a0\u00bb, qui pourrait donc inclure des pays voisins, voire au-del\u00e0.<\/p>\n<p class=\"ap-StoryElement ap-StoryElement--mb ap-StoryText\">Paris esp\u00e8re, elle, renforcer la coordination militaire et diplomatique dans la r\u00e9gion, et ne plus laisser les Etats-Unis dominer le dialogue avec les Polonais.<\/p>\n<p class=\"ap-StoryElement ap-StoryElement--mb ap-StoryText\">Elle mise aussi sur un nouveau march\u00e9 pour son industrie de d\u00e9fense au moment o\u00f9 Varsovie cherche \u00e0 se doter d&rsquo;avions de transport, d&rsquo;avions-ravitailleurs ou encore de sous-marins.<\/p>\n<p class=\"ap-StoryElement ap-StoryElement--mb ap-StoryText\">Soucieux des symboles, Emmanuel Macron et Donald Tusk signeront ce nouveau trait\u00e9 dans un d\u00e9cor charg\u00e9 d&rsquo;histoire. Nancy fut la r\u00e9sidence du roi de Pologne Stanislas Leszczynski, devenu duc de Lorraine et beau-p\u00e8re du roi de France Louis XV apr\u00e8s avoir \u00e9t\u00e9 contraint \u00e0 l&rsquo;exil par les arm\u00e9es russe et autrichienne.<\/p>\n","protected":false},"excerpt":{"rendered":"Guerre en Ukraine : Macron et Tusk discutent de l&rsquo;envoi de troupes europ\u00e9ennes Avec en toile de fond&hellip;\n","protected":false},"author":2,"featured_media":86891,"comment_status":"","ping_status":"","sticky":false,"template":"","format":"standard","meta":{"footnotes":""},"categories":[1591],"tags":[11,554,312,75,19429,33,1073,1887,27,12,2437,1885,1886,132,15961],"class_list":{"0":"post-86890","1":"post","2":"type-post","3":"status-publish","4":"format-standard","5":"has-post-thumbnail","7":"category-russie","8":"tag-actualites","9":"tag-defense","10":"tag-diplomatie","11":"tag-donald-trump","12":"tag-donald-tusk","13":"tag-economie","14":"tag-emmanuel-macron","15":"tag-federation-de-russie","16":"tag-france","17":"tag-news","18":"tag-pologne","19":"tag-russia","20":"tag-russian-federation","21":"tag-russie","22":"tag-traites"},"share_on_mastodon":{"url":"https:\/\/pubeurope.com\/@fr\/114478106772572760","error":""},"_links":{"self":[{"href":"https:\/\/www.europesays.com\/fr\/wp-json\/wp\/v2\/posts\/86890","targetHints":{"allow":["GET"]}}],"collection":[{"href":"https:\/\/www.europesays.com\/fr\/wp-json\/wp\/v2\/posts"}],"about":[{"href":"https:\/\/www.europesays.com\/fr\/wp-json\/wp\/v2\/types\/post"}],"author":[{"embeddable":true,"href":"https:\/\/www.europesays.com\/fr\/wp-json\/wp\/v2\/users\/2"}],"replies":[{"embeddable":true,"href":"https:\/\/www.europesays.com\/fr\/wp-json\/wp\/v2\/comments?post=86890"}],"version-history":[{"count":0,"href":"https:\/\/www.europesays.com\/fr\/wp-json\/wp\/v2\/posts\/86890\/revisions"}],"wp:featuredmedia":[{"embeddable":true,"href":"https:\/\/www.europesays.com\/fr\/wp-json\/wp\/v2\/media\/86891"}],"wp:attachment":[{"href":"https:\/\/www.europesays.com\/fr\/wp-json\/wp\/v2\/media?parent=86890"}],"wp:term":[{"taxonomy":"category","embeddable":true,"href":"https:\/\/www.europesays.com\/fr\/wp-json\/wp\/v2\/categories?post=86890"},{"taxonomy":"post_tag","embeddable":true,"href":"https:\/\/www.europesays.com\/fr\/wp-json\/wp\/v2\/tags?post=86890"}],"curies":[{"name":"wp","href":"https:\/\/api.w.org\/{rel}","templated":true}]}}