{"id":86926,"date":"2025-05-09T13:47:09","date_gmt":"2025-05-09T13:47:09","guid":{"rendered":"https:\/\/www.europesays.com\/fr\/86926\/"},"modified":"2025-05-09T13:47:09","modified_gmt":"2025-05-09T13:47:09","slug":"avec-le-danseur-oriental-metin-arditi-livre-le-premier-tome-de-sa-trilogie-de-constantinople","status":"publish","type":"post","link":"https:\/\/www.europesays.com\/fr\/86926\/","title":{"rendered":"Avec \u00ab\u00a0le Danseur oriental\u00a0\u00bb, Metin Arditi livre le premier tome de sa \u00ab\u00a0Trilogie de Constantinople\u00a0\u00bb"},"content":{"rendered":"<p>Le Danseur oriental est annonc\u00e9 comme le premier<br \/>\ntome d\u2019une Trilogie de Constantinople\u00a0: le lecteur peut<br \/>\nd\u2019ores et d\u00e9j\u00e0 s\u2019en r\u00e9jouir. Car l\u2019auteur du Turquetto n\u2019est<br \/>\njamais plus inspir\u00e9 que lorsqu\u2019il parle de son pays d\u2019origine. Et<br \/>\nnous voici donc embarqu\u00e9s dans une vaste fresque sur l\u2019histoire de<br \/>\nla Turquie moderne. On est \u00e0 Constantinople avec G\u00fclg\u00fcl, l\u2019enfant<br \/>\nqui rit, fils d\u2019un juif converti \u00e0 l\u2019islam, calligraphe personnel<br \/>\ndu sultan, et d\u2019une chr\u00e9tienne d\u2019Arm\u00e9nie, alors que l\u2019Empire<br \/>\nottoman vacille au lendemain de la guerre de 1914. Nous allons<br \/>\naccompagner le jeune gar\u00e7on devenu champion national de lutte<br \/>\njusqu\u2019\u00e0 la fin des ann\u00e9es 1930.<\/p>\n<p>La vie change \u00e0 Constantinople. Mustafa Kemal Atat\u00fcrk a pris le<br \/>\npouvoir et souhaite europ\u00e9aniser le pays \u00e0 marche forc\u00e9e. Il<br \/>\ns\u2019attache G\u00fclg\u00fcl, promu<\/p>\n","protected":false},"excerpt":{"rendered":"Le Danseur oriental est annonc\u00e9 comme le premier tome d\u2019une Trilogie de Constantinople\u00a0: le lecteur peut d\u2019ores et&hellip;\n","protected":false},"author":2,"featured_media":86927,"comment_status":"","ping_status":"","sticky":false,"template":"","format":"standard","meta":{"footnotes":""},"categories":[1357],"tags":[1379,58,59,1011,27,1380],"class_list":{"0":"post-86926","1":"post","2":"type-post","3":"status-publish","4":"format-standard","5":"has-post-thumbnail","7":"category-livres","8":"tag-books","9":"tag-divertissement","10":"tag-entertainment","11":"tag-fr","12":"tag-france","13":"tag-livres"},"share_on_mastodon":{"url":"https:\/\/pubeurope.com\/@fr\/114478189326135489","error":""},"_links":{"self":[{"href":"https:\/\/www.europesays.com\/fr\/wp-json\/wp\/v2\/posts\/86926","targetHints":{"allow":["GET"]}}],"collection":[{"href":"https:\/\/www.europesays.com\/fr\/wp-json\/wp\/v2\/posts"}],"about":[{"href":"https:\/\/www.europesays.com\/fr\/wp-json\/wp\/v2\/types\/post"}],"author":[{"embeddable":true,"href":"https:\/\/www.europesays.com\/fr\/wp-json\/wp\/v2\/users\/2"}],"replies":[{"embeddable":true,"href":"https:\/\/www.europesays.com\/fr\/wp-json\/wp\/v2\/comments?post=86926"}],"version-history":[{"count":0,"href":"https:\/\/www.europesays.com\/fr\/wp-json\/wp\/v2\/posts\/86926\/revisions"}],"wp:featuredmedia":[{"embeddable":true,"href":"https:\/\/www.europesays.com\/fr\/wp-json\/wp\/v2\/media\/86927"}],"wp:attachment":[{"href":"https:\/\/www.europesays.com\/fr\/wp-json\/wp\/v2\/media?parent=86926"}],"wp:term":[{"taxonomy":"category","embeddable":true,"href":"https:\/\/www.europesays.com\/fr\/wp-json\/wp\/v2\/categories?post=86926"},{"taxonomy":"post_tag","embeddable":true,"href":"https:\/\/www.europesays.com\/fr\/wp-json\/wp\/v2\/tags?post=86926"}],"curies":[{"name":"wp","href":"https:\/\/api.w.org\/{rel}","templated":true}]}}