{"id":86954,"date":"2025-05-09T14:01:10","date_gmt":"2025-05-09T14:01:10","guid":{"rendered":"https:\/\/www.europesays.com\/fr\/86954\/"},"modified":"2025-05-09T14:01:10","modified_gmt":"2025-05-09T14:01:10","slug":"limaginaire-a-lhonneur-avec-leon-tonnelier","status":"publish","type":"post","link":"https:\/\/www.europesays.com\/fr\/86954\/","title":{"rendered":"l\u2019imaginaire \u00e0 l\u2019honneur avec L\u00e9on Tonnelier"},"content":{"rendered":"<p>Engag\u00e9es culturellement, l\u2019association L\u00e9on Tonnelier et sa pr\u00e9sidente, Simone D\u00e9zavelle, organisent une exposition artistique d\u00e9di\u00e9e \u00e0 la peinture et \u00e0 la po\u00e9sie. Tout artiste peut s\u2019y exprimer. Cette ann\u00e9e, ils sont encore nombreux.<\/p>\n<p>Une quinzaine de peintres ont install\u00e9 leurs toiles sur les cimaises. Le th\u00e8me\u00a0: L\u2019imaginaire. L\u2019invit\u00e9e d\u2019honneur est Violette Costet.<\/p>\n<p>Une peinture figurative<\/p>\n<p>Originaire de G\u00e9rardmer, Violette&#8230;<\/p>\n","protected":false},"excerpt":{"rendered":"Engag\u00e9es culturellement, l\u2019association L\u00e9on Tonnelier et sa pr\u00e9sidente, Simone D\u00e9zavelle, organisent une exposition artistique d\u00e9di\u00e9e \u00e0 la peinture&hellip;\n","protected":false},"author":2,"featured_media":86955,"comment_status":"","ping_status":"","sticky":false,"template":"","format":"standard","meta":{"footnotes":""},"categories":[9635],"tags":[1111,11,1687,1704,1777,674,1011,27,775,10426,10262,1702,12,25],"class_list":{"0":"post-86954","1":"post","2":"type-post","3":"status-publish","4":"format-standard","5":"has-post-thumbnail","7":"category-nancy","8":"tag-actu","9":"tag-actualites","10":"tag-culture-loisirs","11":"tag-edition-nancy-et-agglomeration","12":"tag-eu","13":"tag-europe","14":"tag-fr","15":"tag-france","16":"tag-grand-est","17":"tag-laxou","18":"tag-metropole-du-grand-nancy-54b5","19":"tag-nancy","20":"tag-news","21":"tag-republique-francaise"},"share_on_mastodon":{"url":"https:\/\/pubeurope.com\/@fr\/114478244466889478","error":""},"_links":{"self":[{"href":"https:\/\/www.europesays.com\/fr\/wp-json\/wp\/v2\/posts\/86954","targetHints":{"allow":["GET"]}}],"collection":[{"href":"https:\/\/www.europesays.com\/fr\/wp-json\/wp\/v2\/posts"}],"about":[{"href":"https:\/\/www.europesays.com\/fr\/wp-json\/wp\/v2\/types\/post"}],"author":[{"embeddable":true,"href":"https:\/\/www.europesays.com\/fr\/wp-json\/wp\/v2\/users\/2"}],"replies":[{"embeddable":true,"href":"https:\/\/www.europesays.com\/fr\/wp-json\/wp\/v2\/comments?post=86954"}],"version-history":[{"count":0,"href":"https:\/\/www.europesays.com\/fr\/wp-json\/wp\/v2\/posts\/86954\/revisions"}],"wp:featuredmedia":[{"embeddable":true,"href":"https:\/\/www.europesays.com\/fr\/wp-json\/wp\/v2\/media\/86955"}],"wp:attachment":[{"href":"https:\/\/www.europesays.com\/fr\/wp-json\/wp\/v2\/media?parent=86954"}],"wp:term":[{"taxonomy":"category","embeddable":true,"href":"https:\/\/www.europesays.com\/fr\/wp-json\/wp\/v2\/categories?post=86954"},{"taxonomy":"post_tag","embeddable":true,"href":"https:\/\/www.europesays.com\/fr\/wp-json\/wp\/v2\/tags?post=86954"}],"curies":[{"name":"wp","href":"https:\/\/api.w.org\/{rel}","templated":true}]}}