{"id":86962,"date":"2025-05-09T14:05:32","date_gmt":"2025-05-09T14:05:32","guid":{"rendered":"https:\/\/www.europesays.com\/fr\/86962\/"},"modified":"2025-05-09T14:05:32","modified_gmt":"2025-05-09T14:05:32","slug":"aux-urgences-un-vol-interrompt-le-sommeil-dune-patiente","status":"publish","type":"post","link":"https:\/\/www.europesays.com\/fr\/86962\/","title":{"rendered":"aux urgences, un vol interrompt le sommeil d\u2019une patiente"},"content":{"rendered":"<p>            Par<br \/>\n        <strong><br \/>\n            <a href=\"https:\/\/actu.fr\/auteur\/lea-pippinato\" title=\"Consulter tous les articles de L\u00e9a Pippinato\" target=\"_blank\" rel=\"noopener\">L\u00e9a Pippinato<\/a><br \/>\n        <\/strong><\/p>\n<p>        Publi\u00e9 le<\/p>\n<p>            7 mai 2025 \u00e0 10h30        <\/p>\n<p><strong>Dans la nuit de ce samedi 4 \u00e0 ce dimanche 5 mai 2025<\/strong>, une patiente hospitalis\u00e9e aux urgences de l\u2019h\u00f4pital Gui de Chauliac, \u00e0 Montpellier, a v\u00e9cu une sc\u00e8ne inattendue. R\u00e9veill\u00e9e vers 23h30, cette femme de 67 ans aper\u00e7oit un inconnu en train de sortir de sa chambre. L\u2019homme quitte les lieux discr\u00e8tement. Tr\u00e8s vite, elle r\u00e9alise que son sac \u00e0 main a \u00e9t\u00e9 fouill\u00e9. Son t\u00e9l\u00e9phone portable et son portefeuille ont disparu.<\/p>\n<p>    <a href=\"https:\/\/www.google.com\/maps\/embed?pb=!1m18!1m12!1m3!1d23106.53565652367!2d3.8731775999999996!3d43.620761599999994!2m3!1f0!2f0!3f0!3m2!1i1024!2i768!4f13.1!3m3!1m2!1s0x12b6b0287d37bfc5%3A0x3bd0c49a67e8d038!2sGui%20De%20Chauliac!5e0!3m2!1sen!2sfr!4v1746606025023!5m2!1sen!2sfr\" title=\"Ouvrie le lien\" target=\"_blank\" rel=\"noopener\">Cliquez ici pour visualiser le contenu<\/a><\/p>\n<p class=\" wall-content\">Sans perdre une seconde, la patiente alerte les agents de s\u00e9curit\u00e9 de l\u2019\u00e9tablissement. Ces derniers agissent aussit\u00f4t. Gr\u00e2ce aux descriptions fournies, ils rep\u00e8rent l\u2019individu dans l\u2019enceinte m\u00eame de l\u2019h\u00f4pital. Il est interpell\u00e9 en flagrant d\u00e9lit. Les agents d\u00e9couvrent alors les effets personnels de la victime dans ses poches. T\u00e9l\u00e9phone et portefeuille lui sont restitu\u00e9s sur-le-champ.<\/p>\n<p>Un suspect d\u00e9j\u00e0 connu et sous OQTF<\/p>\n<p class=\" wall-content\">L\u2019auteur pr\u00e9sum\u00e9 du vol est un homme de 35 ans, de nationalit\u00e9 alg\u00e9rienne. Sans domicile fixe \u00e0 Montpellier, il s\u2019\u00e9tait lui-m\u00eame rendu \u00e0 l\u2019h\u00f4pital pour recevoir des soins. Les services de police le connaissent d\u00e9j\u00e0 pour d\u2019autres faits. Il fait par ailleurs l\u2019objet d\u2019une obligation de quitter le territoire fran\u00e7ais (OQTF). Plac\u00e9 en garde \u00e0 vue apr\u00e8s son interpellation, le suspect a \u00e9t\u00e9 d\u00e9f\u00e9r\u00e9 d\u00e8s <strong>ce lundi 5 mai<\/strong> au tribunal judiciaire de Montpellier pour une comparution imm\u00e9diate.<\/p>\n<p class=\" wall-content\">Suivez toute l\u2019actualit\u00e9 de vos villes et m\u00e9dias favoris en vous inscrivant \u00e0 <a href=\"https:\/\/moncompte.actu.fr\" title=\"D\u00e9couvez Mon Actu\" rel=\"nofollow noopener\" data-trk=\"{&quot;cta&quot;:{&quot;action&quot;:&quot;https:\\\/\\\/moncompte.actu.fr&quot;,&quot;category&quot;:&quot;mon compte&quot;,&quot;from&quot;:&quot;article footer&quot;,&quot;name&quot;:&quot;Mon actu&quot;,&quot;type&quot;:&quot;cta&quot;}}\" target=\"_blank\">Mon Actu<\/a>.<\/p>\n","protected":false},"excerpt":{"rendered":"Par L\u00e9a Pippinato Publi\u00e9 le 7 mai 2025 \u00e0 10h30 Dans la nuit de ce samedi 4 \u00e0&hellip;\n","protected":false},"author":2,"featured_media":86963,"comment_status":"","ping_status":"","sticky":false,"template":"","format":"standard","meta":{"footnotes":""},"categories":[9599],"tags":[1111,11,15154,1777,674,118,1011,27,303,2208,12,2680,1072,25],"class_list":{"0":"post-86962","1":"post","2":"type-post","3":"status-publish","4":"format-standard","5":"has-post-thumbnail","7":"category-montpellier","8":"tag-actu","9":"tag-actualites","10":"tag-chu-de-montpellier","11":"tag-eu","12":"tag-europe","13":"tag-faits-divers","14":"tag-fr","15":"tag-france","16":"tag-justice","17":"tag-montpellier","18":"tag-news","19":"tag-occitanie","20":"tag-police","21":"tag-republique-francaise"},"share_on_mastodon":{"url":"https:\/\/pubeurope.com\/@fr\/114478260175819978","error":""},"_links":{"self":[{"href":"https:\/\/www.europesays.com\/fr\/wp-json\/wp\/v2\/posts\/86962","targetHints":{"allow":["GET"]}}],"collection":[{"href":"https:\/\/www.europesays.com\/fr\/wp-json\/wp\/v2\/posts"}],"about":[{"href":"https:\/\/www.europesays.com\/fr\/wp-json\/wp\/v2\/types\/post"}],"author":[{"embeddable":true,"href":"https:\/\/www.europesays.com\/fr\/wp-json\/wp\/v2\/users\/2"}],"replies":[{"embeddable":true,"href":"https:\/\/www.europesays.com\/fr\/wp-json\/wp\/v2\/comments?post=86962"}],"version-history":[{"count":0,"href":"https:\/\/www.europesays.com\/fr\/wp-json\/wp\/v2\/posts\/86962\/revisions"}],"wp:featuredmedia":[{"embeddable":true,"href":"https:\/\/www.europesays.com\/fr\/wp-json\/wp\/v2\/media\/86963"}],"wp:attachment":[{"href":"https:\/\/www.europesays.com\/fr\/wp-json\/wp\/v2\/media?parent=86962"}],"wp:term":[{"taxonomy":"category","embeddable":true,"href":"https:\/\/www.europesays.com\/fr\/wp-json\/wp\/v2\/categories?post=86962"},{"taxonomy":"post_tag","embeddable":true,"href":"https:\/\/www.europesays.com\/fr\/wp-json\/wp\/v2\/tags?post=86962"}],"curies":[{"name":"wp","href":"https:\/\/api.w.org\/{rel}","templated":true}]}}