{"id":86968,"date":"2025-05-09T14:11:25","date_gmt":"2025-05-09T14:11:25","guid":{"rendered":"https:\/\/www.europesays.com\/fr\/86968\/"},"modified":"2025-05-09T14:11:25","modified_gmt":"2025-05-09T14:11:25","slug":"pro-d2-fcg-un-duel-pour-la-premiere-place-brive-en-feu-ce-quil-faut-savoir-avant-le-choc-au-sommet","status":"publish","type":"post","link":"https:\/\/www.europesays.com\/fr\/86968\/","title":{"rendered":"Pro D2. FCG : un duel pour la premi\u00e8re place, Brive en feu&#8230; ce qu\u2019il faut savoir avant le choc au sommet"},"content":{"rendered":"<p>  Les enjeux du match\u00a0: la premi\u00e8re place\u2026 et marquer les esprits<\/p>\n<p>Camp\u00e9 sur sa premi\u00e8re place depuis la fin de la phase aller, le FC Grenoble (94 points) est d\u2019ores et d\u00e9j\u00e0 assur\u00e9 de disputer une demi-finale \u00e0 domicile (avantage r\u00e9serv\u00e9 aux deux premiers), mais pas encore de terminer en t\u00eate. Seul le CA Brive Corr\u00e8ze (2e, 89 pts) peut le destituer de son tr\u00f4ne.<\/p>\n<p>Pour cela, il faudra que les Corr\u00e9ziens s\u2019imposent avec bonus offensif vendredi, afin de revenir \u00e0 hauteur des Is\u00e9rois et de leur passer devant, en cas d\u2019\u00e9galit\u00e9 ( <a title=\"rugby Pro D2 FCG vs Brive C-R\" href=\"https:\/\/www.ledauphine.com\/sport\/2024\/12\/13\/trop-fort-pour-brive-le-fc-grenoble-redevient-leader-de-pro-d2\" target=\"_blank\" rel=\"nofollow noopener\">34-22 \u00e0 l\u2019aller pour le FCG<\/a> , quatre points terrains \u00e0 z\u00e9ro).<\/p>\n<p>Mais au-del\u00e0 de l\u2019enjeu comptable, l\u2019aspect psychologique comptera aussi. Parce que les deux rivaux briguent la m\u00eame chose (une mont\u00e9e en Top 14) et r\u00eavent de se retrouver le 7\u00a0juin \u00e0 Toulouse pour disputer la finale. Un mois avant d\u2019\u00e9ventuelles retrouvailles, chaque camp t\u00e2chera donc de marquer les esprits\u2026 et \u00e7a ne serait pas juste anecdotique.<\/p>\n<p>Ce contenu est bloqu\u00e9 car vous n&rsquo;avez pas accept\u00e9 les cookies et autres traceurs.<\/p>\n<p>En cliquant sur \u00ab J\u2019accepte \u00bb, les cookies et autres traceurs seront d\u00e9pos\u00e9s et vous pourrez visualiser les contenus  (<a href=\"\" class=\"consentModule_policy\" target=\"_blank\" title=\"Consulter la politique de protection des donn\u00e9es du fournisseur\">plus d&rsquo;informations<\/a>).<\/p>\n<p>En cliquant sur \u00ab J\u2019accepte tous les cookies \u00bb, vous autorisez des d\u00e9p\u00f4ts de cookies et autres traceurs pour le stockage de vos donn\u00e9es sur nos sites et applications \u00e0 des fins de personnalisation et de ciblage publicitaire.<\/p>\n<p class=\"consentModule_secondaryText\">Vous gardez la possibilit\u00e9 de retirer votre consentement \u00e0 tout moment en consultant notre <a href=\"https:\/\/www.ledauphine.com\/protection-des-donnees\" target=\"_blank\" title=\"Consulter notre politique de protection des donn\u00e9es\" rel=\"nofollow noopener\">politique de protection des donn\u00e9es<\/a>. <br \/>&#13;<br \/>\n            <a href=\"https:\/\/www.ledauphine.com\/sport\/2025\/05\/09\/javascript:Didomi.notice.show()\" class=\"consentModule_cmp\" rel=\"nofollow noopener\" target=\"_blank\">G\u00e9rer mes choix<\/a>&#13;\n        <\/p>\n<p>&#13;<br \/>\n                        J&rsquo;accepte&#13;<br \/>\n            J&rsquo;accepte tous les cookies&#13;\n        <\/p>\n<p>\t<img class=\"placeholder-svg\" loading=\"lazy\" decoding=\"async\" src=\"https:\/\/www.europesays.com\/fr\/wp-content\/uploads\/2025\/04\/twitter-X.svg.svg+xml\" alt=\"Twitter PlaceHolder\"\/><\/p>\n<p>  Le groupe du FCG<\/p>\n<p>Palmier \u2013 H.\u00a0Trouilloud, H\u00e9riteau, Lestrade, Rasaku \u2013 (o) Cl\u00e9ment, (m) Escande \u2013 Guillaumond, Baret, A.\u00a0Berruyer (cap) \u2013 Javakhia, T.\u00a0Lainault \u2013 Pertaia, Soury, Eglaine.<\/p>\n<p>Rempla\u00e7ants\u00a0: Rossi, Gauthier, C.\u00a0Thomas, Madeira, Martel, Boissier, Farnoux, R.\u00a0Fusier.<\/p>\n<p>  L\u2019adversaire\u00a0: Brive veut finir en beaut\u00e9 chez lui<\/p>\n<p>Si Grenoble est leader de Pro D2, Brive a \u00e9t\u00e9 premier du 6e bloc, avec cinq victoires, dont trois \u00e0 l\u2019ext\u00e9rieur et deux avec bonus offensifs. L\u2019arriv\u00e9e du printemps a fait le plus grand bien aux Corr\u00e9ziens, longtemps sur courant alternatif mais invaincus depuis mars.<\/p>\n<p>Ils disputent ce vendredi leur dernier match \u00e0 domicile de la saison r\u00e9guli\u00e8re <a title=\"rugby Pro D2 Brive vs FCG mag adversaire\" href=\"https:\/\/www.ledauphine.com\/sport\/2025\/05\/08\/a-brive-c-est-une-force-de-jouer-a-domicile-l-iserois-issam-hamel-et-les-brivistes-prets-a-recevoir-le-fcg\" target=\"_blank\" rel=\"nofollow noopener\">et veulent finir en beaut\u00e9, devant leur public<\/a>. Avec un double objectif\u00a0: poin\u00e7onner leur ticket pour une demi-finale \u00e0 domicile (Colomiers, 3e, pointe \u00e0 huit longueurs) et honorer les joueurs partants en fin de saison\u00a0; notamment Thomas Laranjeira (33 ans), titularis\u00e9 \u00e0 l\u2019arri\u00e8re en guise de cadeau d\u2019au-revoir.<\/p>\n<p>Pour y parvenir, Pierre-Henry Broncan et son staff peuvent compter sur un effectif bien rempli. Juste priv\u00e9 du 2e ligne Tevita Ratuva (dernier match de suspension) et du 3e ligne gallois Ross Moriarty (convalescent), sans oublier les bless\u00e9s de longue date (le talonneur Adrien P\u00e9lissi\u00e9, le 2e ligne Julien Delannoy, le 3e ligne Geoffrey Malaterre et le centre Sam Johnson).<\/p>\n<p>  Le joueur \u00e0 suivre\u00a0: Marc Palmier<\/p>\n<p><a href=\"https:\/\/www.ledauphine.com\/p\/sam-davies\" target=\"_blank\" rel=\"nofollow noopener\">Sam Davies<\/a> a connu un heureux \u00e9v\u00e9nement le dernier jour d\u2019avril (naissance de son premier enfant) et le duo Pezery-Nadau a d\u00e9cid\u00e9 de laisser le Gallois \u00e0 la maison pour le match suivant. Car il sait, aussi, pouvoir compter sur deux bons suppl\u00e9ants\u00a0: Max Cl\u00e9ment, titulaire en n\u00b010, et Marc Palmier, align\u00e9 \u00e0 l\u2019arri\u00e8re.<\/p>\n<p>L\u2019ancien Aurillacois n\u2019a d\u00e9marr\u00e9 qu\u2019une seule fois avec le n\u00b015 dans le dos, depuis son arriv\u00e9e au FCG, et <a title=\"rugby Pro D2 Aurillac vs FCG angle Palmier\" href=\"https:\/\/www.ledauphine.com\/sport\/2024\/09\/13\/aurillac-fcg-javakhia-palmier-les-anciens-ont-completement-rate-leur-retour\" target=\"_blank\" rel=\"nofollow noopener\">\u00e7a ne s\u2019\u00e9tait pas bien pass\u00e9<\/a> (d\u00e9faite \u00e0 Aurillac, 19-42). Mais depuis, l\u2019Auvergnat a fait du chemin et montr\u00e9 ses qualit\u00e9s.<\/p>\n<p>Avec son pied, pr\u00e9cis face aux perches et long dans le jeu courant, il peut faire beaucoup de bien au FCG, qui devraient \u00eatre soumis \u00e0 une forte pression de la part des Brivistes. Et au-del\u00e0, il peut gagner sa place dans les 23 pour la phase finale.<\/p>\n<p>    &#13;<br \/>\n    &#13;<br \/>\n    &#13;<br \/>\n    <a href=\"https:\/\/cdn-s-www.ledauphine.com\/images\/3328dc7b-7b41-4391-a6e1-d95c1dd9ca13\/NW_raw\/la-prestation-a-brive-de-marc-palmier-sera-determinante-pour-le-fcg-et-pour-son-eventuelle-presence-en-phase-finale-photo-le-dl-stephane-pillaud-1746740520.jpg\" title=\"La prestation \u00e0 Brive de Marc Palmier sera d\u00e9terminante, pour le FCG et pour son \u00e9ventuelle pr\u00e9sence en phase finale. \u00a0 Photo Le DL \/St\u00e9phane Pillaud\" class=\"chocolat-image GA-tracking\" data-ga_type=\"click\" data-ga_category=\"D\u00e9tail\" data-ga_action=\"zoomer\" data-ga_label=\"aggrandir image\" rel=\"nofollow noopener\" target=\"_blank\">&#13;<br \/>\n        <img src=\"https:\/\/www.europesays.com\/fr\/wp-content\/uploads\/2025\/05\/la-prestation-a-brive-de-marc-palmier-sera-determinante-pour-le-fcg-et-pour-son-eventuelle-presence-.jpeg\"   alt=\"La prestation \u00e0 Brive de Marc Palmier sera d\u00e9terminante, pour le FCG et pour son \u00e9ventuelle pr\u00e9sence en phase finale. \u00a0 Photo Le DL \/St\u00e9phane Pillaud\" fetchpriority=\"high\" decoding=\"async\" data-mobile=\"NW_listA_M|1746740520\" data-base=\"NW_listA|1746740520\"\/>&#13;<br \/>\n    <\/a>&#13;<\/p>\n<p> La prestation \u00e0 Brive de Marc Palmier sera d\u00e9terminante, pour le FCG et pour son \u00e9ventuelle pr\u00e9sence en phase finale. \u00a0 Photo Le DL \/St\u00e9phane Pillaud <\/p>\n<p>  La d\u00e9claration<\/p>\n<p>\u00ab\u00a0\u00c7a va \u00eatre tr\u00e8s hostile, c\u2019est un gros public et c\u2019est un match tr\u00e8s important pour eux, qui veulent valider leur place en demi-finale. Donc, on sait dans quel contexte on va. Je trouve que c\u2019est un challenge excitant pour notre groupe\u00a0: \u00e0 ce moment-l\u00e0 de la saison, d\u2019aller se challenger face \u00e0 une grosse \u00e9curie du championnat, juste avant les phases finales. On y va avec beaucoup d\u2019humilit\u00e9 et on va essayer de montrer de la solidarit\u00e9, comme on a fait toute l\u2019ann\u00e9e, pour aller batailler \u00e0 Brive.\u00a0\u00bb De Julien Farnoux, arri\u00e8re du FC Grenoble.<\/p>\n<p>  ENCADR\u00c9\/Les oppositions directes\u00a0: avantage Brive<\/p>\n<p>Le FC Grenoble avait gagn\u00e9 le match aller, et avec la mani\u00e8re, le 13\u00a0d\u00e9cembre 2024 au Stade des Alpes (34-22). Mais au bilan des confrontations directes, depuis 2004, le CAB est devant le FCG\u00a0: 8 victoires \u00e0 5 (et un nul). Surtout, les deux derni\u00e8res visites des Rouge et Bleu au stade Am\u00e9d\u00e9e-Domenech ont \u00e9t\u00e9 douloureuses\u00a0: le Top 14 access match de 2019 perdu chez les Corr\u00e9ziens (28-22), synonyme de retour en Pro D2\u00a0; et en d\u00e9but de saison derni\u00e8re, <a href=\"https:\/\/www.ledauphine.com\/sport\/2023\/10\/13\/malgre-six-essais-encaisses-le-fcg-a-fait-trembler-brive\" target=\"_blank\" title=\"rugby Pro D2 23-24 Brive vs FCG r\u00e9su\" rel=\"nofollow noopener\">une victoire des Coujous avec bonus offensif<\/a> (38-26).<\/p>\n<p class=\"insetTitle\">Les oppositions directes : avantage Brive<\/p>\n<p>Le FC Grenoble avait gagn\u00e9 le match aller, et avec la mani\u00e8re, le 13\u00a0d\u00e9cembre 2024 au Stade des Alpes (34-22).\u00a0Mais au bilan des confrontations directes, depuis 2004, le CAB est devant le FCG\u00a0: 8 victoires \u00e0 5 (et un nul).<\/p>\n<p>Surtout, les deux derni\u00e8res visites des Rouge et bleu au stade Am\u00e9d\u00e9e-Domenech ont \u00e9t\u00e9 douloureuses\u00a0: le Top 14 access match de 2019 perdu chez les Corr\u00e9ziens (28-22), synonyme de retour en Pro D2\u00a0; et en d\u00e9but de saison derni\u00e8re,\u00a0<a title=\"rugby Pro D2 23-24 Brive vs FCG r\u00e9su\" href=\"https:\/\/www.ledauphine.com\/sport\/2023\/10\/13\/malgre-six-essais-encaisses-le-fcg-a-fait-trembler-brive\" target=\"_blank\" rel=\"nofollow noopener\">une victoire des Coujous avec bonus offensif<\/a>\u00a0(38-26).<\/p>\n","protected":false},"excerpt":{"rendered":"Les enjeux du match\u00a0: la premi\u00e8re place\u2026 et marquer les esprits Camp\u00e9 sur sa premi\u00e8re place depuis la&hellip;\n","protected":false},"author":2,"featured_media":86969,"comment_status":"","ping_status":"","sticky":false,"template":"","format":"standard","meta":{"footnotes":""},"categories":[9566],"tags":[1111,11,2430,112,113,114,1777,674,2727,1701,1011,27,2731,2732,108,12,2308,25,479,517,1947],"class_list":{"0":"post-86968","1":"post","2":"type-post","3":"status-publish","4":"format-standard","5":"has-post-thumbnail","7":"category-grenoble","8":"tag-actu","9":"tag-actualites","10":"tag-auvergne-rhone-alpes","11":"tag-edition-grenoble-agglomeration","12":"tag-edition-gresivaudan-oisans","13":"tag-edition-voiron-saint-marcellin","14":"tag-eu","15":"tag-europe","16":"tag-fcg-fc-grenoble-rugby","17":"tag-fil-info-sport","18":"tag-fr","19":"tag-france","20":"tag-grenoble","21":"tag-grenoble-bassin","22":"tag-isere","23":"tag-news","24":"tag-pro-d2","25":"tag-republique-francaise","26":"tag-rugby","27":"tag-sport","28":"tag-sport-national"},"share_on_mastodon":{"url":"https:\/\/pubeurope.com\/@fr\/114478283716352085","error":""},"_links":{"self":[{"href":"https:\/\/www.europesays.com\/fr\/wp-json\/wp\/v2\/posts\/86968","targetHints":{"allow":["GET"]}}],"collection":[{"href":"https:\/\/www.europesays.com\/fr\/wp-json\/wp\/v2\/posts"}],"about":[{"href":"https:\/\/www.europesays.com\/fr\/wp-json\/wp\/v2\/types\/post"}],"author":[{"embeddable":true,"href":"https:\/\/www.europesays.com\/fr\/wp-json\/wp\/v2\/users\/2"}],"replies":[{"embeddable":true,"href":"https:\/\/www.europesays.com\/fr\/wp-json\/wp\/v2\/comments?post=86968"}],"version-history":[{"count":0,"href":"https:\/\/www.europesays.com\/fr\/wp-json\/wp\/v2\/posts\/86968\/revisions"}],"wp:featuredmedia":[{"embeddable":true,"href":"https:\/\/www.europesays.com\/fr\/wp-json\/wp\/v2\/media\/86969"}],"wp:attachment":[{"href":"https:\/\/www.europesays.com\/fr\/wp-json\/wp\/v2\/media?parent=86968"}],"wp:term":[{"taxonomy":"category","embeddable":true,"href":"https:\/\/www.europesays.com\/fr\/wp-json\/wp\/v2\/categories?post=86968"},{"taxonomy":"post_tag","embeddable":true,"href":"https:\/\/www.europesays.com\/fr\/wp-json\/wp\/v2\/tags?post=86968"}],"curies":[{"name":"wp","href":"https:\/\/api.w.org\/{rel}","templated":true}]}}