{"id":86981,"date":"2025-05-09T14:18:20","date_gmt":"2025-05-09T14:18:20","guid":{"rendered":"https:\/\/www.europesays.com\/fr\/86981\/"},"modified":"2025-05-09T14:18:20","modified_gmt":"2025-05-09T14:18:20","slug":"une-femme-porte-plainte-pour-une-agression-sexuelle-dans-une-piscine-a-saint-herblain","status":"publish","type":"post","link":"https:\/\/www.europesays.com\/fr\/86981\/","title":{"rendered":"Une femme porte plainte pour une agression sexuelle dans une piscine \u00e0\u00a0Saint-Herblain"},"content":{"rendered":"<p>Les faits remontent au jeudi 8\u00a0janvier. Il est environ 18\u00a0h quand les policiers interpellent un homme au centre de bien-\u00eatre Calic\u00e9o, \u00e0 <a href=\"https:\/\/nantes.maville.com\/pays-de-la-loire\/loire-atlantique\/saint-herblain\/\" target=\"_self\" rel=\"noopener\">Saint-Herblain<\/a>, \u00e0 c\u00f4t\u00e9 de Nantes (Loire-Atlantique). Une femme, qui a depuis d\u00e9pos\u00e9 plainte, l\u2019accuse de lui avoir touch\u00e9 les fesses dans le bassin, sous l\u2019eau. <strong>\u00ab\u00a0Une cliente s\u2019est plainte d\u2019un comportement inappropri\u00e9, <\/strong>confirme Jean-Michel Goubin, le directeur de l\u2019\u00e9tablissement, sans donner davantage de d\u00e9tails. <strong>Nous avons \u00e9t\u00e9 tr\u00e8s r\u00e9actifs et la police est intervenue rapidement pour interpeller cet individu\u00a0\u00bb.<\/strong><\/p>\n<p>L\u2019homme en question, un individu de 35\u00a0ans, avait d\u00e9j\u00e0 fait l\u2019objet d\u2019accusations similaires par le pass\u00e9 de la part de cette m\u00eame femme et d\u2019autres. Sans que des plaintes soient d\u00e9pos\u00e9es. <strong>\u00ab\u00a0L\u2019\u00e9quipe de Calic\u00e9o lui avait envoy\u00e9 un courrier pour lui interdire de revenir dans le centre\u00a0\u00bb<\/strong>, croit savoir une source proche de l\u2019enqu\u00eate. Sollicit\u00e9 \u00e0 ce sujet, le directeur de l\u2019\u00e9tablissement n\u2019a pas souhait\u00e9 nous r\u00e9pondre.<strong> \u00ab\u00a0Nous fournissons tous les \u00e9l\u00e9ments n\u00e9cessaires \u00e0 la police qui fait son enqu\u00eate.\u00a0\u00bb<\/strong><\/p>\n<p>Le suspect a \u00e9t\u00e9 plac\u00e9 en garde \u00e0 vue ce jeudi 8\u00a0mai, dans la soir\u00e9e, au commissariat de la place Waldeck, \u00e0 Nantes.<\/p>\n<p>\u00a0<\/p>\n","protected":false},"excerpt":{"rendered":"Les faits remontent au jeudi 8\u00a0janvier. Il est environ 18\u00a0h quand les policiers interpellent un homme au centre&hellip;\n","protected":false},"author":2,"featured_media":86982,"comment_status":"","ping_status":"","sticky":false,"template":"","format":"standard","meta":{"footnotes":""},"categories":[2818],"tags":[1111,11,1120,1777,674,1294,1011,27,766,12,2636,5922,2634,5396,25,4286,19684],"class_list":{"0":"post-86981","1":"post","2":"type-post","3":"status-publish","4":"format-standard","5":"has-post-thumbnail","7":"category-nantes","8":"tag-actu","9":"tag-actualites","10":"tag-agression","11":"tag-eu","12":"tag-europe","13":"tag-femme","14":"tag-fr","15":"tag-france","16":"tag-nantes","17":"tag-news","18":"tag-pays-de-la-loire","19":"tag-piscine","20":"tag-plainte","21":"tag-porte","22":"tag-republique-francaise","23":"tag-saint-herblain","24":"tag-sexuelle"},"share_on_mastodon":{"url":"https:\/\/pubeurope.com\/@fr\/114478311269643146","error":""},"_links":{"self":[{"href":"https:\/\/www.europesays.com\/fr\/wp-json\/wp\/v2\/posts\/86981","targetHints":{"allow":["GET"]}}],"collection":[{"href":"https:\/\/www.europesays.com\/fr\/wp-json\/wp\/v2\/posts"}],"about":[{"href":"https:\/\/www.europesays.com\/fr\/wp-json\/wp\/v2\/types\/post"}],"author":[{"embeddable":true,"href":"https:\/\/www.europesays.com\/fr\/wp-json\/wp\/v2\/users\/2"}],"replies":[{"embeddable":true,"href":"https:\/\/www.europesays.com\/fr\/wp-json\/wp\/v2\/comments?post=86981"}],"version-history":[{"count":0,"href":"https:\/\/www.europesays.com\/fr\/wp-json\/wp\/v2\/posts\/86981\/revisions"}],"wp:featuredmedia":[{"embeddable":true,"href":"https:\/\/www.europesays.com\/fr\/wp-json\/wp\/v2\/media\/86982"}],"wp:attachment":[{"href":"https:\/\/www.europesays.com\/fr\/wp-json\/wp\/v2\/media?parent=86981"}],"wp:term":[{"taxonomy":"category","embeddable":true,"href":"https:\/\/www.europesays.com\/fr\/wp-json\/wp\/v2\/categories?post=86981"},{"taxonomy":"post_tag","embeddable":true,"href":"https:\/\/www.europesays.com\/fr\/wp-json\/wp\/v2\/tags?post=86981"}],"curies":[{"name":"wp","href":"https:\/\/api.w.org\/{rel}","templated":true}]}}